{"id":75307,"date":"2016-11-16T08:28:03","date_gmt":"2016-11-16T11:28:03","guid":{"rendered":"http:\/\/www.eltrabajo.cl\/portal\/?p=75307"},"modified":"2016-11-16T08:28:03","modified_gmt":"2016-11-16T11:28:03","slug":"adolescente-disparo-balin-de-goma-hiriendo-rostro-de-adulto-mayor","status":"publish","type":"post","link":"https:\/\/eltrabajo.cl\/portal\/adolescente-disparo-balin-de-goma-hiriendo-rostro-de-adulto-mayor\/","title":{"rendered":"Adolescente dispar\u00f3 bal\u00edn de goma hiriendo rostro de adulto mayor"},"content":{"rendered":"<ul>\n<li><strong><span style=\"color: #ff0000;\">Carabineros incaut\u00f3 elementos de seguridad y marihuana en domicilio:<\/span>\u00a0Incidente ocurri\u00f3 en calle Tacna Norte de San Felipe, siendo denunciado por el afectado, quien reconoci\u00f3 a su vecino adolescente de ser el autor de esta agresi\u00f3n.<\/strong><\/li>\n<\/ul>\n<p>Con lesiones menos graves en su p\u00e1rpado derecho, sin da\u00f1o ocular, result\u00f3 un hombre mayor de 61 a\u00f1os de edad, quien recibi\u00f3 el impacto de un bal\u00edn de goma tras ser agredido por un adolescente de 15 a\u00f1os. El impacto del proyectil fue de tal intensidad que destruy\u00f3 los lentes \u00f3pticos que portaba el afectado.<br \/>\nLa agresi\u00f3n se produjo en momentos que el afectado se encontraba en su domicilio en calle Tacna Norte de San Felipe.<br \/>\nDel caso se tuvo conocimiento cerca de la medianoche de este lunes, luego que la v\u00edctima denunciara ante Carabineros lo ocurrido, acusando a su vecino menor de edad quien se ocultaba dentro de su inmueble, mientras que el afectado manten\u00eda una seria lesi\u00f3n en su rostro.<br \/>\nLos efectivos policiales ingresaron hasta el lugar donde se encontrar\u00eda el adolescente, tras el permiso de un arrendatario, observando al imputado que vest\u00eda un chaleco de seguridad antipu\u00f1al, portando una pistola a balines, un envase de gas comprimido, una radio port\u00e1til y una manopla adem\u00e1s de un bast\u00f3n retr\u00e1ctil.<br \/>\nEn el lugar, los efectivos policiales incautaron un envase de marihuana elaborada y dos plantas de cannabis sativa en proceso de cultivo. Con estas pruebas que fueron decomisadas, el adolescente fue detenido por Carabineros.<br \/>\nPosteriormente, el adulto mayor afectado fue derivado hasta el servicio de urgencias del Hospital San Camilo, para ser evaluado por el m\u00e9dico de turno, quien diagnostic\u00f3 una lesi\u00f3n en el p\u00e1rpado derecho y un desgarro conjuntival de car\u00e1cter menos grave.<br \/>\nNo obstante la Fiscal\u00eda orden\u00f3 la libertad del menor S.N.E.L., sin antecedentes delictuales, quien qued\u00f3 a espera de citaci\u00f3n junto a un adulto responsable por parte del Ministerio P\u00fablico para la investigaci\u00f3n.<br \/>\n<strong>Pablo Salinas Sald\u00edas<\/strong><\/p>\n<figure id=\"attachment_75308\" aria-describedby=\"caption-attachment-75308\" style=\"width: 530px\" class=\"wp-caption alignleft\"><a href=\"http:\/\/www.eltrabajo.cl\/portal\/adolescente-disparo-balin-de-goma-hiriendo-rostro-de-adulto-mayor\/pistola-balin\/\" rel=\"attachment wp-att-75308\"><img data-recalc-dims=\"1\" loading=\"lazy\" decoding=\"async\" class=\"size-full wp-image-75308\" src=\"https:\/\/i0.wp.com\/www.eltrabajo.cl\/portal\/wp-content\/uploads\/2016\/11\/PISTOLA-BALIN.jpg?resize=530%2C348\" alt=\"Carabineros incaut\u00f3 elementos de seguridad, una pistola a balines de goma y marihuana desde el domicilio del imputado de 15 a\u00f1os de edad. (Foto Referencial).\" width=\"530\" height=\"348\" srcset=\"https:\/\/i0.wp.com\/eltrabajo.cl\/portal\/wp-content\/uploads\/2016\/11\/PISTOLA-BALIN.jpg?w=530&amp;ssl=1 530w, https:\/\/i0.wp.com\/eltrabajo.cl\/portal\/wp-content\/uploads\/2016\/11\/PISTOLA-BALIN.jpg?resize=200%2C131&amp;ssl=1 200w, https:\/\/i0.wp.com\/eltrabajo.cl\/portal\/wp-content\/uploads\/2016\/11\/PISTOLA-BALIN.jpg?resize=300%2C197&amp;ssl=1 300w, https:\/\/i0.wp.com\/eltrabajo.cl\/portal\/wp-content\/uploads\/2016\/11\/PISTOLA-BALIN.jpg?resize=228%2C150&amp;ssl=1 228w, https:\/\/i0.wp.com\/eltrabajo.cl\/portal\/wp-content\/uploads\/2016\/11\/PISTOLA-BALIN.jpg?resize=400%2C263&amp;ssl=1 400w\" sizes=\"auto, (max-width: 530px) 100vw, 530px\" \/><\/a><figcaption id=\"caption-attachment-75308\" class=\"wp-caption-text\">Carabineros incaut\u00f3 elementos de seguridad, una pistola a balines de goma y marihuana desde el domicilio del imputado de 15 a\u00f1os de edad. (Foto Referencial).<\/figcaption><\/figure>\n","protected":false},"excerpt":{"rendered":"<p>Carabineros incaut\u00f3 elementos de seguridad y marihuana en domicilio:\u00a0Incidente ocurri\u00f3 en calle Tacna Norte de San Felipe, siendo denunciado por el afectado, quien reconoci\u00f3 a su vecino adolescente de ser el autor&#8230;<\/p>\n","protected":false},"author":1,"featured_media":75308,"comment_status":"open","ping_status":"open","sticky":false,"template":"","format":"standard","meta":{"advanced_seo_description":"","jetpack_seo_html_title":"","jetpack_seo_noindex":false,"_jetpack_memberships_contains_paid_content":false,"footnotes":""},"categories":[21],"tags":[],"class_list":["post-75307","post","type-post","status-publish","format-standard","has-post-thumbnail","hentry","category-policial"],"jetpack_featured_media_url":"https:\/\/i0.wp.com\/eltrabajo.cl\/portal\/wp-content\/uploads\/2016\/11\/PISTOLA-BALIN.jpg?fit=530%2C348&ssl=1","jetpack_sharing_enabled":true,"jetpack_likes_enabled":true,"jetpack-related-posts":[],"_links":{"self":[{"href":"https:\/\/eltrabajo.cl\/portal\/wp-json\/wp\/v2\/posts\/75307","targetHints":{"allow":["GET"]}}],"collection":[{"href":"https:\/\/eltrabajo.cl\/portal\/wp-json\/wp\/v2\/posts"}],"about":[{"href":"https:\/\/eltrabajo.cl\/portal\/wp-json\/wp\/v2\/types\/post"}],"author":[{"embeddable":true,"href":"https:\/\/eltrabajo.cl\/portal\/wp-json\/wp\/v2\/users\/1"}],"replies":[{"embeddable":true,"href":"https:\/\/eltrabajo.cl\/portal\/wp-json\/wp\/v2\/comments?post=75307"}],"version-history":[{"count":0,"href":"https:\/\/eltrabajo.cl\/portal\/wp-json\/wp\/v2\/posts\/75307\/revisions"}],"wp:featuredmedia":[{"embeddable":true,"href":"https:\/\/eltrabajo.cl\/portal\/wp-json\/wp\/v2\/media\/75308"}],"wp:attachment":[{"href":"https:\/\/eltrabajo.cl\/portal\/wp-json\/wp\/v2\/media?parent=75307"}],"wp:term":[{"taxonomy":"category","embeddable":true,"href":"https:\/\/eltrabajo.cl\/portal\/wp-json\/wp\/v2\/categories?post=75307"},{"taxonomy":"post_tag","embeddable":true,"href":"https:\/\/eltrabajo.cl\/portal\/wp-json\/wp\/v2\/tags?post=75307"}],"curies":[{"name":"wp","href":"https:\/\/api.w.org\/{rel}","templated":true}]}}