{"id":75311,"date":"2016-11-16T08:30:06","date_gmt":"2016-11-16T11:30:06","guid":{"rendered":"http:\/\/www.eltrabajo.cl\/portal\/?p=75311"},"modified":"2016-11-16T08:30:06","modified_gmt":"2016-11-16T11:30:06","slug":"internos-de-la-carcel-de-san-felipe-ya-cuentan-con-nueva-biblioteca-y-talleres","status":"publish","type":"post","link":"https:\/\/eltrabajo.cl\/portal\/internos-de-la-carcel-de-san-felipe-ya-cuentan-con-nueva-biblioteca-y-talleres\/","title":{"rendered":"Internos de la c\u00e1rcel de San Felipe ya cuentan con nueva biblioteca y talleres"},"content":{"rendered":"<ul>\n<li><strong><span style=\"color: #ff0000;\">M\u00e1s de 300 reclusos podr\u00e1n acceder a un total de 450 libros:<\/span>\u00a0Convenio entre Gendarmer\u00eda y la Dibam, busca fomentar la lectura al interior de los recintos penitenciarios.<\/strong><\/li>\n<\/ul>\n<p>Hace poco menos de dos semanas, se inaugur\u00f3 oficialmente la biblioteca del Centro de Cumplimiento Penitenciario (CCP) de Los Andes y el pasado viernes, fue el turno de la unidad penitenciaria que posee Gendarmer\u00eda en la ciudad de San Felipe. Gracias a un convenio entre la instituci\u00f3n Verde Boldo y la Direcci\u00f3n de Bibliotecas Archivos y Museos (Dibam) m\u00e1s de 300 reclusos podr\u00e1n acceder a un total de 450 libros.<br \/>\nLa inauguraci\u00f3n de este nuevo espacio, se efectu\u00f3 a las 11:30 horas y cont\u00f3 con la presencia de la seremi de justicia, Paz Anastasiadis, el director regional de Gendarmer\u00eda, coronel Tito Barriga, el gobernador Eduardo Le\u00f3n, la coordinadora regional de bibliotecas p\u00fablicas, Gladys Calder\u00f3n, el jefe (s) del CCP sanfelipe\u00f1o, Lester Quilam\u00e1n y representantes de la Dibam.<br \/>\nEl plan de Fomento Lector que impulsa la Dibam en los establecimientos penitenciarios de todo el pa\u00eds, ha permitido que seis unidades de la regi\u00f3n, ya cuenten con nuevas bibliotecas, tres de las cuales se ubican en las provincias de Los Andes y San Felipe.<br \/>\nUna vez culminada la ceremonia, que incluy\u00f3 la presentaci\u00f3n del tr\u00edo musical Kansak Hstan, el coronel Tito Barriga subray\u00f3 la importancia que este tipo de iniciativas tiene para Gendarmer\u00eda.<br \/>\n\u201cEste tipo de convenios viene a potenciar los procesos de reinserci\u00f3n de la poblaci\u00f3n penal. En la regi\u00f3n es la sexta (biblioteca) que tenemos y ha tenido un efecto s\u00faper positivo en la poblaci\u00f3n penal. El hecho de que en la regi\u00f3n de Valpara\u00edso tengamos m\u00e1s de mil internos en ense\u00f1anza b\u00e1sica y media y que m\u00e1s de 400 presos hayan dado la PSU el a\u00f1o pasado habla de lo potente que es la educaci\u00f3n al interior de los establecimientos penitenciarios\u201d.<br \/>\nLas palabras del director fueron respaldadas por la seremi de justicia, quien sostuvo que esta inauguraci\u00f3n \u201csignifica fomentar un plan lector para los internos, generar instancias participativas, educativas y culturales que permitan favorecer a las personas y que, una vez cumplidas sus condenas, puedan reincorporarse al medio libre\u201d.<br \/>\nHa sido tal la motivaci\u00f3n de los reclusos por acceder a la nueva literatura con que cuenta el CCP que mensualmente se solicitan cerca de 200 textos, as\u00ed lo detall\u00f3 Alberto Torassi, interno ayudante de la biblioteca.<br \/>\n\u201cEl inter\u00e9s es cada vez mayor, hemos incrementado los usuarios y todo va para arriba, en ascenso, a Dios gracias. Hasta este momento tengo 1428 pr\u00e9stamos realizados y me deben pedir alrededor de 200 pr\u00e9stamos mensuales\u201d.<br \/>\nLa labor de la Dibam, no culmina con la apertura de la biblioteca, esto dado que adem\u00e1s, se est\u00e1n realizando cursos de fomenta lector. En total son 15 los reclusos que asisten a estas clases que continuar\u00e1n el pr\u00f3ximo a\u00f1o.<br \/>\nIratxe Urs\u00faa, encargada de implementaci\u00f3n y log\u00edstica del plan de fomento lector en recintos penitenciarios, destac\u00f3 que \u201cel plan de fomento lector es una parte de un proyecto m\u00e1s amplio y que contempla tambi\u00e9n un plan de alfabetizaci\u00f3n digital y en esta unidad tenemos implementados los dos. Entre ambos calculamos un costo de once o doce millones de pesos, pues, obviamente, hay que contemplar: computadores, equipamiento tecnol\u00f3gico, colecci\u00f3n bibliogr\u00e1fica, remodelaciones y mobiliario, capacitaciones y talleres\u201d.<br \/>\nA este convenio se debe sumar el alcanzado entre Gendarmer\u00eda y Junaeb, por medio del cual todos los internos de la regi\u00f3n que se encuentran nivelando sus estudios accedieron a un set de \u00fatiles escolares.<\/p>\n<figure id=\"attachment_75312\" aria-describedby=\"caption-attachment-75312\" style=\"width: 530px\" class=\"wp-caption alignleft\"><a href=\"http:\/\/www.eltrabajo.cl\/portal\/internos-de-la-carcel-de-san-felipe-ya-cuentan-con-nueva-biblioteca-y-talleres\/biblioteca-1-2\/\" rel=\"attachment wp-att-75312\"><img data-recalc-dims=\"1\" loading=\"lazy\" decoding=\"async\" class=\"size-full wp-image-75312\" src=\"https:\/\/i0.wp.com\/www.eltrabajo.cl\/portal\/wp-content\/uploads\/2016\/11\/BIBLIOTECA-1.jpg?resize=530%2C349\" alt=\"La inauguraci\u00f3n, cont\u00f3 con la presencia de la seremi de justicia, Paz Anastasiadis, el director regional de Gendarmer\u00eda, coronel Tito Barriga, el gobernador Eduardo Le\u00f3n, la coordinadora regional de bibliotecas p\u00fablicas, Gladys Calder\u00f3n, el jefe (s) del CCP sanfelipe\u00f1o, Lester Quilam\u00e1n y representantes de la Dibam.\" width=\"530\" height=\"349\" srcset=\"https:\/\/i0.wp.com\/eltrabajo.cl\/portal\/wp-content\/uploads\/2016\/11\/BIBLIOTECA-1.jpg?w=530&amp;ssl=1 530w, https:\/\/i0.wp.com\/eltrabajo.cl\/portal\/wp-content\/uploads\/2016\/11\/BIBLIOTECA-1.jpg?resize=200%2C132&amp;ssl=1 200w, https:\/\/i0.wp.com\/eltrabajo.cl\/portal\/wp-content\/uploads\/2016\/11\/BIBLIOTECA-1.jpg?resize=300%2C198&amp;ssl=1 300w, https:\/\/i0.wp.com\/eltrabajo.cl\/portal\/wp-content\/uploads\/2016\/11\/BIBLIOTECA-1.jpg?resize=228%2C150&amp;ssl=1 228w, https:\/\/i0.wp.com\/eltrabajo.cl\/portal\/wp-content\/uploads\/2016\/11\/BIBLIOTECA-1.jpg?resize=400%2C263&amp;ssl=1 400w\" sizes=\"auto, (max-width: 530px) 100vw, 530px\" \/><\/a><figcaption id=\"caption-attachment-75312\" class=\"wp-caption-text\">La inauguraci\u00f3n, cont\u00f3 con la presencia de la seremi de justicia, Paz Anastasiadis, el director regional de Gendarmer\u00eda, coronel Tito Barriga, el gobernador Eduardo Le\u00f3n, la coordinadora regional de bibliotecas p\u00fablicas, Gladys Calder\u00f3n, el jefe (s) del CCP sanfelipe\u00f1o, Lester Quilam\u00e1n y representantes de la Dibam.<\/figcaption><\/figure>\n","protected":false},"excerpt":{"rendered":"<p>M\u00e1s de 300 reclusos podr\u00e1n acceder a un total de 450 libros:\u00a0Convenio entre Gendarmer\u00eda y la Dibam, busca fomentar la lectura al interior de los recintos penitenciarios. Hace poco menos de dos&#8230;<\/p>\n","protected":false},"author":1,"featured_media":75312,"comment_status":"open","ping_status":"open","sticky":false,"template":"","format":"standard","meta":{"advanced_seo_description":"","jetpack_seo_html_title":"","jetpack_seo_noindex":false,"_jetpack_memberships_contains_paid_content":false,"footnotes":""},"categories":[1],"tags":[],"class_list":["post-75311","post","type-post","status-publish","format-standard","has-post-thumbnail","hentry","category-cronica"],"jetpack_featured_media_url":"https:\/\/i0.wp.com\/eltrabajo.cl\/portal\/wp-content\/uploads\/2016\/11\/BIBLIOTECA-1.jpg?fit=530%2C349&ssl=1","jetpack_sharing_enabled":true,"jetpack_likes_enabled":true,"jetpack-related-posts":[],"_links":{"self":[{"href":"https:\/\/eltrabajo.cl\/portal\/wp-json\/wp\/v2\/posts\/75311","targetHints":{"allow":["GET"]}}],"collection":[{"href":"https:\/\/eltrabajo.cl\/portal\/wp-json\/wp\/v2\/posts"}],"about":[{"href":"https:\/\/eltrabajo.cl\/portal\/wp-json\/wp\/v2\/types\/post"}],"author":[{"embeddable":true,"href":"https:\/\/eltrabajo.cl\/portal\/wp-json\/wp\/v2\/users\/1"}],"replies":[{"embeddable":true,"href":"https:\/\/eltrabajo.cl\/portal\/wp-json\/wp\/v2\/comments?post=75311"}],"version-history":[{"count":0,"href":"https:\/\/eltrabajo.cl\/portal\/wp-json\/wp\/v2\/posts\/75311\/revisions"}],"wp:featuredmedia":[{"embeddable":true,"href":"https:\/\/eltrabajo.cl\/portal\/wp-json\/wp\/v2\/media\/75312"}],"wp:attachment":[{"href":"https:\/\/eltrabajo.cl\/portal\/wp-json\/wp\/v2\/media?parent=75311"}],"wp:term":[{"taxonomy":"category","embeddable":true,"href":"https:\/\/eltrabajo.cl\/portal\/wp-json\/wp\/v2\/categories?post=75311"},{"taxonomy":"post_tag","embeddable":true,"href":"https:\/\/eltrabajo.cl\/portal\/wp-json\/wp\/v2\/tags?post=75311"}],"curies":[{"name":"wp","href":"https:\/\/api.w.org\/{rel}","templated":true}]}}