{"id":75315,"date":"2016-11-16T08:34:00","date_gmt":"2016-11-16T11:34:00","guid":{"rendered":"http:\/\/www.eltrabajo.cl\/portal\/?p=75315"},"modified":"2016-11-16T08:34:00","modified_gmt":"2016-11-16T11:34:00","slug":"la-ciencia-entretenida-del-museo-interactivo-mirador-mim-llega-a-san-felipe","status":"publish","type":"post","link":"https:\/\/eltrabajo.cl\/portal\/la-ciencia-entretenida-del-museo-interactivo-mirador-mim-llega-a-san-felipe\/","title":{"rendered":"La ciencia entretenida del Museo Interactivo Mirador MIM llega a San Felipe"},"content":{"rendered":"<ul>\n<li><strong><span style=\"color: #ff0000;\">La exhibici\u00f3n se quedar\u00e1 hasta el 17 de diciembre:<\/span>\u00a0La muestra \u2018El Despertar de los Sentidos\u2019 del Museo Interactivo Mirador (MIM), que se inauguraba ayer martes 15 de noviembre, invita a estudiantes y p\u00fablico general a experimentar con los fen\u00f3menos cient\u00edficos de una manera l\u00fadica, interactiva y de exploraci\u00f3n aut\u00f3noma. <\/strong><\/li>\n<\/ul>\n<p>Burbujas gigantes e incluso planas, donde se puede experimentar con la tensi\u00f3n superficial del agua o el fen\u00f3meno de la reflexi\u00f3n de algunos fluidos, son solo algunas de las asombrosas experiencias con que el Museo Interactivo Mirador (MIM) buscar\u00e1 deslumbrar a los habitantes de San Felipe en la muestra \u2018El Despertar de los Sentidos\u2019, que llega por primera vez en su historia a la ciudad.<br \/>\nLa exposici\u00f3n, que se quedar\u00e1 de forma gratuita hasta el 17 de diciembre y puede ser visitada por estudiantes de establecimientos educacionales y familias en la Escuela Manuel Rodr\u00edguez Erdo\u00edza (Buin #77), contempla veinte m\u00f3dulos que desaf\u00edan los sentidos y acercan la ciencia a ni\u00f1os, ni\u00f1as y estudiantes de una manera diferente, donde ser\u00e1 necesario tocar, olfatear y escuchar para interactuar con los fen\u00f3menos cient\u00edficos.<br \/>\nEn \u2018El Despertar de los Sentidos\u2019, explorar\u00e1n en aspectos de la ciencia que involucran los sentidos y la percepci\u00f3n, experimentando con burbujas, una lupa gigante que deforma la imagen, o una serie de ilusiones visuales que desaf\u00edan al cerebro, y que pondr\u00e1n a prueba a los habitantes de San Felipe y comunas cercanas como Llay Llay, Putaendo, Santa Mar\u00eda, Catemu y Panquehue.<br \/>\n\u201cEn esta exposici\u00f3n podr\u00e1n acercarse a recursos interactivos \u00fanicos en Chile, que representan la oportunidad de vincularse con la ciencia desde una perspectiva diferente y memorable, mediante nuestra propuesta educativa l\u00fadica, interactiva y de exploraci\u00f3n libre y aut\u00f3noma, que resulta ser un gran complemento para la educaci\u00f3n formal\u201d, afirma Orieta Rojas, directora ejecutiva del MIM.<br \/>\nConforme a la pol\u00edtica del Gobierno, \u2018El Despertar de los Sentidos\u2019 busca hacer m\u00e1s equitativo el acercamiento a la ciencia a lo largo del pa\u00eds y complementar la formaci\u00f3n integral de ni\u00f1os, contribuyendo as\u00ed a la calidad de la educaci\u00f3n.<br \/>\nDesde el a\u00f1o 2000, casi 2 millones de personas en 224 movimientos a lo largo de Chile, han recibido la visita del MIM, que es parte de la Red de Fundaciones de la Presidencia, llegando a capitales regionales y ciudades peque\u00f1as de todas las regiones, incluidos lugares tan emblem\u00e1ticos como Isla de Pascua, Tierra del Fuego y el archipi\u00e9lago de Juan Fern\u00e1ndez.<\/p>\n<p><strong>SENTIDOS, PERCEPCI\u00d3N E ILUSI\u00d3N<\/strong><br \/>\nEn el proceso de aprendizaje humano y el enriquecimiento de la percepci\u00f3n, existe un ingrediente fundamental que nos conecta con el mundo: los sentidos. Y bajo la premisa de estimularlos al m\u00e1ximo se cre\u00f3 la exhibici\u00f3n de \u2018El Despertar de los sentidos\u2019, siendo la primera con que comienza a itinerar el MIM en el a\u00f1o 2000.<br \/>\nEsta es una muestra integral, que re\u00fane m\u00f3dulos asociados a fen\u00f3menos de salas emblem\u00e1ticas del MIM como Percepci\u00f3n, Ponte a Prueba, Fluidos y Luz, contando incluso con m\u00f3dulos que son propios y no se encuentran en el museo ubicado en Santiago.<br \/>\nUn resorte que resulta imposible de tocar, una imagen reflejada innumerables veces dentro de un misterioso cubo y dos rostros que se fusionan formando uno solo, son algunas de las sorprendentes experiencias para aquellos que visiten la exposici\u00f3n.<br \/>\nUna de las exhibiciones preferidas por los visitantes es \u2018Camina por la l\u00ednea\u2019, en que el reto es a desplazarse por una raya dibujada en el suelo utilizando unas gafas de prismas que distorsionan la visi\u00f3n por la desviaci\u00f3n de la luz.<br \/>\nLa exhibici\u00f3n es un entretenido panorama educativo y familiar donde cada persona vivir\u00e1 su propia experiencia, y en que a trav\u00e9s del juego, el asombro y la emoci\u00f3n se ver\u00e1 estimulada para averiguar y conocer sobre los fen\u00f3menos de la ciencia.<\/p>\n<p><strong>DATOS DE LA MUESTRA<\/strong><br \/>\n\u2018El Despertar de los Sentidos\u2019, del 15 de noviembre al 17 de diciembre, en Escuela Manuel Rodr\u00edguez Erdo\u00edza, ubicada en Buin #77.<br \/>\nHorarios: Lunes a viernes de 9:00 a 13:00 (Horario exclusivo para establecimientos educacionales, previa reserva) y de 14:30 a 17:30 horas (Bloque para p\u00fablico general, sin reserva)<br \/>\nS\u00e1bados de 10:30 a 14:30 horas (Horario exclusivo para p\u00fablico general, sin reserva)<br \/>\nDomingos cerrado<br \/>\nInscripciones establecimientos educacionales: (34) 2533578 arodriguez@daem.cl<\/p>\n<figure id=\"attachment_75316\" aria-describedby=\"caption-attachment-75316\" style=\"width: 530px\" class=\"wp-caption alignleft\"><a href=\"http:\/\/www.eltrabajo.cl\/portal\/la-ciencia-entretenida-del-museo-interactivo-mirador-mim-llega-a-san-felipe\/despertar_4_baja\/\" rel=\"attachment wp-att-75316\"><img data-recalc-dims=\"1\" loading=\"lazy\" decoding=\"async\" class=\"size-full wp-image-75316\" src=\"https:\/\/i0.wp.com\/www.eltrabajo.cl\/portal\/wp-content\/uploads\/2016\/11\/Despertar_4_baja.jpg?resize=530%2C350\" alt=\"La muestra \u2018El Despertar de los Sentidos\u2019 del MIM, que se inauguraba ayer 15 de noviembre en San Felipe, invita a estudiantes y p\u00fablico general a experimentar con los fen\u00f3menos cient\u00edficos de una manera l\u00fadica, interactiva y de exploraci\u00f3n aut\u00f3noma\" width=\"530\" height=\"350\" srcset=\"https:\/\/i0.wp.com\/eltrabajo.cl\/portal\/wp-content\/uploads\/2016\/11\/Despertar_4_baja.jpg?w=530&amp;ssl=1 530w, https:\/\/i0.wp.com\/eltrabajo.cl\/portal\/wp-content\/uploads\/2016\/11\/Despertar_4_baja.jpg?resize=200%2C132&amp;ssl=1 200w, https:\/\/i0.wp.com\/eltrabajo.cl\/portal\/wp-content\/uploads\/2016\/11\/Despertar_4_baja.jpg?resize=300%2C198&amp;ssl=1 300w, https:\/\/i0.wp.com\/eltrabajo.cl\/portal\/wp-content\/uploads\/2016\/11\/Despertar_4_baja.jpg?resize=227%2C150&amp;ssl=1 227w, https:\/\/i0.wp.com\/eltrabajo.cl\/portal\/wp-content\/uploads\/2016\/11\/Despertar_4_baja.jpg?resize=400%2C264&amp;ssl=1 400w\" sizes=\"auto, (max-width: 530px) 100vw, 530px\" \/><\/a><figcaption id=\"caption-attachment-75316\" class=\"wp-caption-text\">La muestra \u2018El Despertar de los Sentidos\u2019 del MIM, que se inauguraba ayer 15 de noviembre en San Felipe, invita a estudiantes y p\u00fablico general a experimentar con los fen\u00f3menos cient\u00edficos de una manera l\u00fadica, interactiva y de exploraci\u00f3n aut\u00f3noma<\/figcaption><\/figure>\n","protected":false},"excerpt":{"rendered":"<p>La exhibici\u00f3n se quedar\u00e1 hasta el 17 de diciembre:\u00a0La muestra \u2018El Despertar de los Sentidos\u2019 del Museo Interactivo Mirador (MIM), que se inauguraba ayer martes 15 de noviembre, invita a estudiantes y&#8230;<\/p>\n","protected":false},"author":1,"featured_media":75316,"comment_status":"open","ping_status":"open","sticky":false,"template":"","format":"standard","meta":{"advanced_seo_description":"","jetpack_seo_html_title":"","jetpack_seo_noindex":false,"_jetpack_memberships_contains_paid_content":false,"footnotes":""},"categories":[1],"tags":[],"class_list":["post-75315","post","type-post","status-publish","format-standard","has-post-thumbnail","hentry","category-cronica"],"jetpack_featured_media_url":"https:\/\/i0.wp.com\/eltrabajo.cl\/portal\/wp-content\/uploads\/2016\/11\/Despertar_4_baja.jpg?fit=530%2C350&ssl=1","jetpack_sharing_enabled":true,"jetpack_likes_enabled":true,"jetpack-related-posts":[],"_links":{"self":[{"href":"https:\/\/eltrabajo.cl\/portal\/wp-json\/wp\/v2\/posts\/75315","targetHints":{"allow":["GET"]}}],"collection":[{"href":"https:\/\/eltrabajo.cl\/portal\/wp-json\/wp\/v2\/posts"}],"about":[{"href":"https:\/\/eltrabajo.cl\/portal\/wp-json\/wp\/v2\/types\/post"}],"author":[{"embeddable":true,"href":"https:\/\/eltrabajo.cl\/portal\/wp-json\/wp\/v2\/users\/1"}],"replies":[{"embeddable":true,"href":"https:\/\/eltrabajo.cl\/portal\/wp-json\/wp\/v2\/comments?post=75315"}],"version-history":[{"count":0,"href":"https:\/\/eltrabajo.cl\/portal\/wp-json\/wp\/v2\/posts\/75315\/revisions"}],"wp:featuredmedia":[{"embeddable":true,"href":"https:\/\/eltrabajo.cl\/portal\/wp-json\/wp\/v2\/media\/75316"}],"wp:attachment":[{"href":"https:\/\/eltrabajo.cl\/portal\/wp-json\/wp\/v2\/media?parent=75315"}],"wp:term":[{"taxonomy":"category","embeddable":true,"href":"https:\/\/eltrabajo.cl\/portal\/wp-json\/wp\/v2\/categories?post=75315"},{"taxonomy":"post_tag","embeddable":true,"href":"https:\/\/eltrabajo.cl\/portal\/wp-json\/wp\/v2\/tags?post=75315"}],"curies":[{"name":"wp","href":"https:\/\/api.w.org\/{rel}","templated":true}]}}