{"id":75319,"date":"2016-11-16T08:36:23","date_gmt":"2016-11-16T11:36:23","guid":{"rendered":"http:\/\/www.eltrabajo.cl\/portal\/?p=75319"},"modified":"2016-11-17T09:02:45","modified_gmt":"2016-11-17T12:02:45","slug":"trabajadores-publicos-vuelven-a-marchar-en-demanda-de-un-reajuste-digno","status":"publish","type":"post","link":"https:\/\/eltrabajo.cl\/portal\/trabajadores-publicos-vuelven-a-marchar-en-demanda-de-un-reajuste-digno\/","title":{"rendered":"Trabajadores p\u00fablicos vuelven a marchar en demanda de un reajuste digno"},"content":{"rendered":"<p>Este martes nuevamente los trabajadores del sector p\u00fablico salieron a marchar por las calles c\u00e9ntricas de San Felipe, en demanda de un reajuste digno como lo han catalogado ellos.<br \/>\nEntre las personas que participaron en esta marcha hubo trabajadores de la Salud, Junji, Integra, etc.<br \/>\nLa marcha -como de costumbre- parti\u00f3 en la avenida Yungay, sigui\u00f3 por Prat hasta llegar a la plaza de armas y plaza c\u00edvica donde finalizaron con discursos alusivos al movimiento y a la petici\u00f3n de aumento de sueldo.<br \/>\nCabe recordar que el Gobierno se ha mantenido en el 3,2 % de aumento mientras que los trabajadores piden un 4%.<br \/>\nSe han realizado varias reuniones bajo el marco de la MSP Mesa del Sector P\u00fablico.<br \/>\nLas \u00faltimas reuniones, fueron este domingo en el Hotel Neruda de Santiago, donde no hubo buenos resultado y debido a eso continu\u00f3 el paro.<br \/>\nIsabel Le\u00f3n, presidenta de los funcionarios del Cesfam San Felipe El Real, se manifest\u00f3 esperanzada en poder llegar a un buen acuerdo: \u201cNosotros nos seguimos manifestando en nuestro centro ambulatorio, hacemos una especie de manifestaci\u00f3n fuera del recinto con nuestros usuarios, igual nos han apoyado algunos por lo menos nos mantenemos aqu\u00ed en esta lucha (\u2026) todos arriba, luchando como se merece\u201d.<br \/>\nComenta que los usuarios de ellos no han sido agresivos ni cr\u00edticos \u201cporque afortunadamente hemos seguido entregando nuestros servicios relacionados con medicamentos, entrega de alimentaci\u00f3n, as\u00ed es que en ese sentido hemos estado bien apoyados por los usuarios\u201d, se\u00f1al\u00f3.<br \/>\nMientras tanto Gustavo Lepe, representante de los jardines que est\u00e1n bajo el alero de la Fundaci\u00f3n Integra, tambi\u00e9n se manifest\u00f3 esperanzado en poder conseguir el objetivo del reajuste: \u201cHoy d\u00eda nos unimos al sector p\u00fablico, nosotros tambi\u00e9n estamos con las demandas del sector p\u00fablico, pero nosotros tambi\u00e9n tenemos nuestro propio petitorio y en eso estamos mal porque ten\u00edamos un adicional hasta el a\u00f1o pasado de un 4% sin embargo ahora nos est\u00e1n dando un 2,8% por estamento, vale decir que las personas contratadas en el 2016 no lo reciben ya las personas que trabajan en jornada parcial reciben 1,3% y esa es nuestra demanda del d\u00eda de hoy y por eso estamos muy enojados el d\u00eda de hoy\u201d, dijo.<br \/>\nTodo termin\u00f3 en calma, sin incidentes, adem\u00e1s que Carabineros estuvo siempre vigilando el recorrido.<\/p>\n<figure id=\"attachment_75320\" aria-describedby=\"caption-attachment-75320\" style=\"width: 530px\" class=\"wp-caption alignleft\"><a href=\"http:\/\/www.eltrabajo.cl\/portal\/trabajadores-publicos-vuelven-a-marchar-en-demanda-de-un-reajuste-digno\/paro-1-2\/\" rel=\"attachment wp-att-75320\"><img data-recalc-dims=\"1\" loading=\"lazy\" decoding=\"async\" class=\"size-full wp-image-75320\" src=\"https:\/\/i0.wp.com\/www.eltrabajo.cl\/portal\/wp-content\/uploads\/2016\/11\/Paro-1.jpg?resize=530%2C348\" alt=\"Los funcionarios en la Plaza C\u00edvica escuchando discursos de sus dirigentes. \" width=\"530\" height=\"348\" srcset=\"https:\/\/i0.wp.com\/eltrabajo.cl\/portal\/wp-content\/uploads\/2016\/11\/Paro-1.jpg?w=530&amp;ssl=1 530w, https:\/\/i0.wp.com\/eltrabajo.cl\/portal\/wp-content\/uploads\/2016\/11\/Paro-1.jpg?resize=200%2C131&amp;ssl=1 200w, https:\/\/i0.wp.com\/eltrabajo.cl\/portal\/wp-content\/uploads\/2016\/11\/Paro-1.jpg?resize=300%2C197&amp;ssl=1 300w, https:\/\/i0.wp.com\/eltrabajo.cl\/portal\/wp-content\/uploads\/2016\/11\/Paro-1.jpg?resize=228%2C150&amp;ssl=1 228w, https:\/\/i0.wp.com\/eltrabajo.cl\/portal\/wp-content\/uploads\/2016\/11\/Paro-1.jpg?resize=400%2C263&amp;ssl=1 400w\" sizes=\"auto, (max-width: 530px) 100vw, 530px\" \/><\/a><figcaption id=\"caption-attachment-75320\" class=\"wp-caption-text\">Los funcionarios en la Plaza C\u00edvica escuchando discursos de sus dirigentes.<\/figcaption><\/figure>\n<figure id=\"attachment_75321\" aria-describedby=\"caption-attachment-75321\" style=\"width: 528px\" class=\"wp-caption alignleft\"><a href=\"http:\/\/www.eltrabajo.cl\/portal\/trabajadores-publicos-vuelven-a-marchar-en-demanda-de-un-reajuste-digno\/paro-3\/\" rel=\"attachment wp-att-75321\"><img data-recalc-dims=\"1\" loading=\"lazy\" decoding=\"async\" class=\"size-full wp-image-75321\" src=\"https:\/\/i0.wp.com\/www.eltrabajo.cl\/portal\/wp-content\/uploads\/2016\/11\/paro.jpg?resize=528%2C350\" alt=\"Una leyenda clara de lo que necesitan. (Foto twitter @aconcaguanews).\" width=\"528\" height=\"350\" srcset=\"https:\/\/i0.wp.com\/eltrabajo.cl\/portal\/wp-content\/uploads\/2016\/11\/paro.jpg?w=528&amp;ssl=1 528w, https:\/\/i0.wp.com\/eltrabajo.cl\/portal\/wp-content\/uploads\/2016\/11\/paro.jpg?resize=200%2C133&amp;ssl=1 200w, https:\/\/i0.wp.com\/eltrabajo.cl\/portal\/wp-content\/uploads\/2016\/11\/paro.jpg?resize=300%2C199&amp;ssl=1 300w, https:\/\/i0.wp.com\/eltrabajo.cl\/portal\/wp-content\/uploads\/2016\/11\/paro.jpg?resize=226%2C150&amp;ssl=1 226w, https:\/\/i0.wp.com\/eltrabajo.cl\/portal\/wp-content\/uploads\/2016\/11\/paro.jpg?resize=400%2C265&amp;ssl=1 400w\" sizes=\"auto, (max-width: 528px) 100vw, 528px\" \/><\/a><figcaption id=\"caption-attachment-75321\" class=\"wp-caption-text\">Una leyenda clara de lo que necesitan. (Foto twitter @aconcaguanews).<\/figcaption><\/figure>\n","protected":false},"excerpt":{"rendered":"<p>Este martes nuevamente los trabajadores del sector p\u00fablico salieron a marchar por las calles c\u00e9ntricas de San Felipe, en demanda de un reajuste digno como lo han catalogado ellos. Entre las personas&#8230;<\/p>\n","protected":false},"author":1,"featured_media":75321,"comment_status":"open","ping_status":"open","sticky":false,"template":"","format":"standard","meta":{"advanced_seo_description":"","jetpack_seo_html_title":"","jetpack_seo_noindex":false,"_jetpack_memberships_contains_paid_content":false,"footnotes":""},"categories":[15],"tags":[],"class_list":["post-75319","post","type-post","status-publish","format-standard","has-post-thumbnail","hentry","category-comunidad"],"jetpack_featured_media_url":"https:\/\/i0.wp.com\/eltrabajo.cl\/portal\/wp-content\/uploads\/2016\/11\/paro.jpg?fit=528%2C350&ssl=1","jetpack_sharing_enabled":true,"jetpack_likes_enabled":true,"jetpack-related-posts":[],"_links":{"self":[{"href":"https:\/\/eltrabajo.cl\/portal\/wp-json\/wp\/v2\/posts\/75319","targetHints":{"allow":["GET"]}}],"collection":[{"href":"https:\/\/eltrabajo.cl\/portal\/wp-json\/wp\/v2\/posts"}],"about":[{"href":"https:\/\/eltrabajo.cl\/portal\/wp-json\/wp\/v2\/types\/post"}],"author":[{"embeddable":true,"href":"https:\/\/eltrabajo.cl\/portal\/wp-json\/wp\/v2\/users\/1"}],"replies":[{"embeddable":true,"href":"https:\/\/eltrabajo.cl\/portal\/wp-json\/wp\/v2\/comments?post=75319"}],"version-history":[{"count":0,"href":"https:\/\/eltrabajo.cl\/portal\/wp-json\/wp\/v2\/posts\/75319\/revisions"}],"wp:featuredmedia":[{"embeddable":true,"href":"https:\/\/eltrabajo.cl\/portal\/wp-json\/wp\/v2\/media\/75321"}],"wp:attachment":[{"href":"https:\/\/eltrabajo.cl\/portal\/wp-json\/wp\/v2\/media?parent=75319"}],"wp:term":[{"taxonomy":"category","embeddable":true,"href":"https:\/\/eltrabajo.cl\/portal\/wp-json\/wp\/v2\/categories?post=75319"},{"taxonomy":"post_tag","embeddable":true,"href":"https:\/\/eltrabajo.cl\/portal\/wp-json\/wp\/v2\/tags?post=75319"}],"curies":[{"name":"wp","href":"https:\/\/api.w.org\/{rel}","templated":true}]}}