{"id":75325,"date":"2016-11-16T08:40:45","date_gmt":"2016-11-16T11:40:45","guid":{"rendered":"http:\/\/www.eltrabajo.cl\/portal\/?p=75325"},"modified":"2016-11-16T08:40:45","modified_gmt":"2016-11-16T11:40:45","slug":"conocido-comerciante-se-desploma-y-muere-en-la-calle-mientras-caminaba","status":"publish","type":"post","link":"https:\/\/eltrabajo.cl\/portal\/conocido-comerciante-se-desploma-y-muere-en-la-calle-mientras-caminaba\/","title":{"rendered":"Conocido comerciante se desploma y muere en la calle mientras caminaba"},"content":{"rendered":"<p>La ma\u00f1ana de este martes, en la intersecci\u00f3n de la avenida Chacabuco con Calle Salinas, falleci\u00f3 el conocido comerciante de San Felipe \u00c1ngel H\u00e9ctor Gonz\u00e1lez Gonz\u00e1lez, quien fuera por a\u00f1os due\u00f1o del almac\u00e9n &#8216;Don Pepe&#8217;, ubicado en su momento en calle Coimas frente al Colegio Pumanque.<\/p>\n<figure id=\"attachment_75326\" aria-describedby=\"caption-attachment-75326\" style=\"width: 300px\" class=\"wp-caption alignleft\"><a href=\"http:\/\/www.eltrabajo.cl\/portal\/conocido-comerciante-se-desploma-y-muere-en-la-calle-mientras-caminaba\/angel-gonzalez-3\/\" rel=\"attachment wp-att-75326\"><img data-recalc-dims=\"1\" loading=\"lazy\" decoding=\"async\" class=\"size-medium wp-image-75326\" src=\"https:\/\/i0.wp.com\/www.eltrabajo.cl\/portal\/wp-content\/uploads\/2016\/11\/Angel-Gonzalez-300x198.jpg?resize=300%2C198\" alt=\"\u00c1ngel H\u00e9ctor Gonz\u00e1lez Gonz\u00e1lez, conocido comerciante ubicado durante muchos a\u00f1os en calle Coimas frente al Pumanque.\" width=\"300\" height=\"198\" srcset=\"https:\/\/i0.wp.com\/eltrabajo.cl\/portal\/wp-content\/uploads\/2016\/11\/Angel-Gonzalez.jpg?resize=300%2C198&amp;ssl=1 300w, https:\/\/i0.wp.com\/eltrabajo.cl\/portal\/wp-content\/uploads\/2016\/11\/Angel-Gonzalez.jpg?resize=200%2C132&amp;ssl=1 200w, https:\/\/i0.wp.com\/eltrabajo.cl\/portal\/wp-content\/uploads\/2016\/11\/Angel-Gonzalez.jpg?resize=228%2C150&amp;ssl=1 228w, https:\/\/i0.wp.com\/eltrabajo.cl\/portal\/wp-content\/uploads\/2016\/11\/Angel-Gonzalez.jpg?resize=400%2C263&amp;ssl=1 400w, https:\/\/i0.wp.com\/eltrabajo.cl\/portal\/wp-content\/uploads\/2016\/11\/Angel-Gonzalez.jpg?w=530&amp;ssl=1 530w\" sizes=\"auto, (max-width: 300px) 100vw, 300px\" \/><\/a><figcaption id=\"caption-attachment-75326\" class=\"wp-caption-text\">\u00c1ngel H\u00e9ctor Gonz\u00e1lez Gonz\u00e1lez, conocido comerciante ubicado durante muchos a\u00f1os en calle Coimas frente al Pumanque.<\/figcaption><\/figure>\n<p>Su deceso se produjo faltando unos quince minutos para las siete de la ma\u00f1ana de ayer martes, cuando transitaba por calle Salinas y al llegar a la avenida Chacabuco, le sobrevino un fulminante ataque al coraz\u00f3n, cayendo al suelo, siendo asistido en ese momento por Lutgarda Celed\u00f3n, recolectora de basura que a esa hora efectuaba sus labores cotidianas.<br \/>\nAl respecto Lutgarda Celed\u00f3n dijo: \u201cEran como un cuarto para las siete de la ma\u00f1ana, lo vi que ven\u00eda tambaleando por Salinas hacia Chacabuco, ven\u00eda en un estado de alcoholismo, le pregunt\u00e9 c\u00f3mo se sent\u00eda, me dijo que le dol\u00edan sus piernas, que no se pod\u00eda afirmar, le pregunt\u00e9 d\u00f3nde viv\u00eda, respondiendo que a la vuelta, luego segu\u00ed haciendo mis labores, porque se enoj\u00f3 un poco cuando le pregunt\u00e9 a quien llamar. Y cuando ven\u00eda barriendo a esta altura (RR &amp; Pinto) vi que estaba de cabeza. Me acerqu\u00e9 porque el perro de la automotora le estaba comiendo el pelo, le tom\u00e9 el pulso, no ten\u00eda, otro joven me ayud\u00f3 a recostarlo, llam\u00e9 a la ambulancia y la ni\u00f1a me dice que le haga reanimaci\u00f3n, me dio cosa, despu\u00e9s comenc\u00e9 a reanimarlo cuando en eso lleg\u00f3 la ambulancia y el caballero ya hab\u00eda fallecido\u201d, dijo.<br \/>\nMientras que su madre, Rita Gonz\u00e1lez, dijo: \u201cSali\u00f3 temprano como todos los d\u00edas y no llegaba hasta la noche (\u2026) tarde en la noche, a veces no lo ve\u00eda, anoche me cerr\u00f3 la puerta con pestillo\u201d.<br \/>\nCuenta que el negocio de calle Prat lo hab\u00edan vendido, adem\u00e1s confidenci\u00f3 que a su hijo hace un a\u00f1o y medio atr\u00e1s lo hab\u00eda mordido una ara\u00f1a de rinc\u00f3n en su cabeza, donde el m\u00e9dico le hab\u00eda dicho que se preparara para morir o quedar en una silla de ruedas.<br \/>\nAl lugar lleg\u00f3 personal del Samu, Carabineros y la BH de la PDI de Los Andes. Estos \u00faltimos realizaron los peritajes de rigor, informe que ser\u00e1 enviado al Ministerio P\u00fablico de San Felipe.<\/p>\n<p><strong>MALESTAR<\/strong><br \/>\nMolestia causa en una mujer que dijo ser hermana del occiso, porque la BH de la PDI hizo las pericias sin colocar un toldo o algo para cerrar el lugar mientras trabajaban, y que el cuerpo de su hermano estuviera a la vista y paciencia de las personas que pasaban por el lugar.<\/p>\n<figure id=\"attachment_75327\" aria-describedby=\"caption-attachment-75327\" style=\"width: 530px\" class=\"wp-caption alignleft\"><a href=\"http:\/\/www.eltrabajo.cl\/portal\/conocido-comerciante-se-desploma-y-muere-en-la-calle-mientras-caminaba\/fallecido-2-2\/\" rel=\"attachment wp-att-75327\"><img data-recalc-dims=\"1\" loading=\"lazy\" decoding=\"async\" class=\"size-full wp-image-75327\" src=\"https:\/\/i0.wp.com\/www.eltrabajo.cl\/portal\/wp-content\/uploads\/2016\/11\/fallecido-2.jpg?resize=530%2C350\" alt=\"Personal del Samu, Carabineros, la recolectora de la basura Lutgarda Celed\u00f3n, en el lugar junto al cuerpo. (Imagen gentileza RP Rafael P\u00e9rez Orozco).\" width=\"530\" height=\"350\" srcset=\"https:\/\/i0.wp.com\/eltrabajo.cl\/portal\/wp-content\/uploads\/2016\/11\/fallecido-2.jpg?w=530&amp;ssl=1 530w, https:\/\/i0.wp.com\/eltrabajo.cl\/portal\/wp-content\/uploads\/2016\/11\/fallecido-2.jpg?resize=200%2C132&amp;ssl=1 200w, https:\/\/i0.wp.com\/eltrabajo.cl\/portal\/wp-content\/uploads\/2016\/11\/fallecido-2.jpg?resize=300%2C198&amp;ssl=1 300w, https:\/\/i0.wp.com\/eltrabajo.cl\/portal\/wp-content\/uploads\/2016\/11\/fallecido-2.jpg?resize=227%2C150&amp;ssl=1 227w, https:\/\/i0.wp.com\/eltrabajo.cl\/portal\/wp-content\/uploads\/2016\/11\/fallecido-2.jpg?resize=400%2C264&amp;ssl=1 400w\" sizes=\"auto, (max-width: 530px) 100vw, 530px\" \/><\/a><figcaption id=\"caption-attachment-75327\" class=\"wp-caption-text\">Personal del Samu, Carabineros, la recolectora de la basura Lutgarda Celed\u00f3n, en el lugar junto al cuerpo. (Imagen gentileza RP Rafael P\u00e9rez Orozco).<\/figcaption><\/figure>\n<figure id=\"attachment_75328\" aria-describedby=\"caption-attachment-75328\" style=\"width: 530px\" class=\"wp-caption alignleft\"><a href=\"http:\/\/www.eltrabajo.cl\/portal\/conocido-comerciante-se-desploma-y-muere-en-la-calle-mientras-caminaba\/fallecido-3\/\" rel=\"attachment wp-att-75328\"><img data-recalc-dims=\"1\" loading=\"lazy\" decoding=\"async\" class=\"size-full wp-image-75328\" src=\"https:\/\/i0.wp.com\/www.eltrabajo.cl\/portal\/wp-content\/uploads\/2016\/11\/Fallecido-3.jpg?resize=530%2C349\" alt=\"Personal de la BH de la PDI efectuando el peritaje de rigor.\" width=\"530\" height=\"349\" srcset=\"https:\/\/i0.wp.com\/eltrabajo.cl\/portal\/wp-content\/uploads\/2016\/11\/Fallecido-3.jpg?w=530&amp;ssl=1 530w, https:\/\/i0.wp.com\/eltrabajo.cl\/portal\/wp-content\/uploads\/2016\/11\/Fallecido-3.jpg?resize=200%2C132&amp;ssl=1 200w, https:\/\/i0.wp.com\/eltrabajo.cl\/portal\/wp-content\/uploads\/2016\/11\/Fallecido-3.jpg?resize=300%2C198&amp;ssl=1 300w, https:\/\/i0.wp.com\/eltrabajo.cl\/portal\/wp-content\/uploads\/2016\/11\/Fallecido-3.jpg?resize=228%2C150&amp;ssl=1 228w, https:\/\/i0.wp.com\/eltrabajo.cl\/portal\/wp-content\/uploads\/2016\/11\/Fallecido-3.jpg?resize=400%2C263&amp;ssl=1 400w\" sizes=\"auto, (max-width: 530px) 100vw, 530px\" \/><\/a><figcaption id=\"caption-attachment-75328\" class=\"wp-caption-text\">Personal de la BH de la PDI efectuando el peritaje de rigor.<\/figcaption><\/figure>\n<figure id=\"attachment_75329\" aria-describedby=\"caption-attachment-75329\" style=\"width: 530px\" class=\"wp-caption alignleft\"><a href=\"http:\/\/www.eltrabajo.cl\/portal\/conocido-comerciante-se-desploma-y-muere-en-la-calle-mientras-caminaba\/fallecido-4\/\" rel=\"attachment wp-att-75329\"><img data-recalc-dims=\"1\" loading=\"lazy\" decoding=\"async\" class=\"size-full wp-image-75329\" src=\"https:\/\/i0.wp.com\/www.eltrabajo.cl\/portal\/wp-content\/uploads\/2016\/11\/fallecido.jpg?resize=530%2C350\" alt=\"El cuerpo del comerciante cubierto por una frazada. (Gentileza RP Rafael P\u00e9rez Orozco)\" width=\"530\" height=\"350\" srcset=\"https:\/\/i0.wp.com\/eltrabajo.cl\/portal\/wp-content\/uploads\/2016\/11\/fallecido.jpg?w=530&amp;ssl=1 530w, https:\/\/i0.wp.com\/eltrabajo.cl\/portal\/wp-content\/uploads\/2016\/11\/fallecido.jpg?resize=200%2C132&amp;ssl=1 200w, https:\/\/i0.wp.com\/eltrabajo.cl\/portal\/wp-content\/uploads\/2016\/11\/fallecido.jpg?resize=300%2C198&amp;ssl=1 300w, https:\/\/i0.wp.com\/eltrabajo.cl\/portal\/wp-content\/uploads\/2016\/11\/fallecido.jpg?resize=227%2C150&amp;ssl=1 227w, https:\/\/i0.wp.com\/eltrabajo.cl\/portal\/wp-content\/uploads\/2016\/11\/fallecido.jpg?resize=400%2C264&amp;ssl=1 400w\" sizes=\"auto, (max-width: 530px) 100vw, 530px\" \/><\/a><figcaption id=\"caption-attachment-75329\" class=\"wp-caption-text\">El cuerpo del comerciante cubierto por una frazada. (Gentileza RP Rafael P\u00e9rez Orozco)<\/figcaption><\/figure>\n","protected":false},"excerpt":{"rendered":"<p>La ma\u00f1ana de este martes, en la intersecci\u00f3n de la avenida Chacabuco con Calle Salinas, falleci\u00f3 el conocido comerciante de San Felipe \u00c1ngel H\u00e9ctor Gonz\u00e1lez Gonz\u00e1lez, quien fuera por a\u00f1os due\u00f1o del&#8230;<\/p>\n","protected":false},"author":1,"featured_media":75327,"comment_status":"open","ping_status":"open","sticky":false,"template":"","format":"standard","meta":{"advanced_seo_description":"","jetpack_seo_html_title":"","jetpack_seo_noindex":false,"_jetpack_memberships_contains_paid_content":false,"footnotes":""},"categories":[21],"tags":[],"class_list":["post-75325","post","type-post","status-publish","format-standard","has-post-thumbnail","hentry","category-policial"],"jetpack_featured_media_url":"https:\/\/i0.wp.com\/eltrabajo.cl\/portal\/wp-content\/uploads\/2016\/11\/fallecido-2.jpg?fit=530%2C350&ssl=1","jetpack_sharing_enabled":true,"jetpack_likes_enabled":true,"jetpack-related-posts":[],"_links":{"self":[{"href":"https:\/\/eltrabajo.cl\/portal\/wp-json\/wp\/v2\/posts\/75325","targetHints":{"allow":["GET"]}}],"collection":[{"href":"https:\/\/eltrabajo.cl\/portal\/wp-json\/wp\/v2\/posts"}],"about":[{"href":"https:\/\/eltrabajo.cl\/portal\/wp-json\/wp\/v2\/types\/post"}],"author":[{"embeddable":true,"href":"https:\/\/eltrabajo.cl\/portal\/wp-json\/wp\/v2\/users\/1"}],"replies":[{"embeddable":true,"href":"https:\/\/eltrabajo.cl\/portal\/wp-json\/wp\/v2\/comments?post=75325"}],"version-history":[{"count":0,"href":"https:\/\/eltrabajo.cl\/portal\/wp-json\/wp\/v2\/posts\/75325\/revisions"}],"wp:featuredmedia":[{"embeddable":true,"href":"https:\/\/eltrabajo.cl\/portal\/wp-json\/wp\/v2\/media\/75327"}],"wp:attachment":[{"href":"https:\/\/eltrabajo.cl\/portal\/wp-json\/wp\/v2\/media?parent=75325"}],"wp:term":[{"taxonomy":"category","embeddable":true,"href":"https:\/\/eltrabajo.cl\/portal\/wp-json\/wp\/v2\/categories?post=75325"},{"taxonomy":"post_tag","embeddable":true,"href":"https:\/\/eltrabajo.cl\/portal\/wp-json\/wp\/v2\/tags?post=75325"}],"curies":[{"name":"wp","href":"https:\/\/api.w.org\/{rel}","templated":true}]}}