{"id":75332,"date":"2016-11-16T08:51:14","date_gmt":"2016-11-16T11:51:14","guid":{"rendered":"http:\/\/www.eltrabajo.cl\/portal\/?p=75332"},"modified":"2016-11-16T08:51:14","modified_gmt":"2016-11-16T11:51:14","slug":"total-rechazo-a-proyecto-que-importaria-arenas-contaminadas-con-hidrocarburos","status":"publish","type":"post","link":"https:\/\/eltrabajo.cl\/portal\/total-rechazo-a-proyecto-que-importaria-arenas-contaminadas-con-hidrocarburos\/","title":{"rendered":"Total rechazo a proyecto que importar\u00eda arenas contaminadas con Hidrocarburos"},"content":{"rendered":"<ul>\n<li><strong><span style=\"color: #ff0000;\">Material est\u00e9ril ser\u00eda depositado en el CTI La Hormiga:<\/span>\u00a0Tanto el consejero regional, Iv\u00e1n Reyes, como el abogado del municipio sanfelipe\u00f1o Jorge Jara, mostraron rechazo absoluto a la materializaci\u00f3n de una obra que implicar\u00eda un inminente riesgo para la salud de los sanfelipe\u00f1os<\/strong><\/li>\n<\/ul>\n<p>Inquietud y preocupaci\u00f3n ha despertado en algunas autoridades locales, la posibilidad de ver concretado un proyecto de la empresa GEA, mediante el cual se estar\u00eda importando material est\u00e9ril contaminado desde el sector Las Salinas (Vi\u00f1a del Mar), hasta el relleno sanitario del Cerro La Hormiga en San Felipe.<br \/>\nAs\u00ed lo manifest\u00f3 el consejero regional Iv\u00e1n Reyes, miembro de la Comisi\u00f3n de Medio Ambiente del Gobierno Regional, quien asegur\u00f3 que junto a su colega Rolando Stevenson y la concejal electa Patricia Boffa, se opondr\u00e1n de forma f\u00e9rrea a la materializaci\u00f3n de un proyecto que amenaza gravemente la salud de las personas.<br \/>\n\u201cAqu\u00ed pareciera que se produce un milagro clim\u00e1tico, porque unas arenas que est\u00e1n fuertemente contaminadas con material cancer\u00edgeno, hablo de hidrocarburos, plomo, benceno, naftaleno, aceites minerales, DDT, DDE y una serie de materiales que son cancer\u00edgenos y que Vi\u00f1a no permiti\u00f3 que se llegara a desarrollar y le exige que para desarrollar este proyecto inmobiliario, debe ser cambiado el suelo, no encuentran nada mejor que realizar un proyecto con GEA y trasladar 436.525 m3 con material contaminado hacia la ciudad de San Felipe\u201d, sentenci\u00f3 Reyes.<br \/>\nEl Core se refiere a un proyecto inmobiliario del sector Las Salinas en Vi\u00f1a del Mar, en donde se pretende utilizar un terreno de 17, 5 hect\u00e1reas de propiedad del grupo Angelini, el que ha sido considerado en un trabajo period\u00edstico de Ciper, como el \u00faltimo para\u00edso inmobiliario de la ciudad jard\u00edn, espacio donde se puede desarrollar un complejo habitacional que reportar\u00eda millonarias ganancias, pero que ha sido rechazado por el municipio vi\u00f1amarino, debido a la contaminaci\u00f3n existente en el lugar.<br \/>\nEn ese contexto, es que habr\u00eda nacido el proyecto \u2018Habilitaci\u00f3n de un m\u00f3dulo para acopio de material t\u00e9rreo en el CTI (Centro de Tratamiento Integral) La Hormiga\u2019, obra que seg\u00fan consta en su ficha de evaluaci\u00f3n ambiental: \u201cconsiste en ampliar el alcance del proyecto original, habilitando al interior del CTI La Hormiga, un nuevo m\u00f3dulo (conformado por 3 zonas de acopio), que permita la recepci\u00f3n y acopio de material t\u00e9rreo no peligroso (suelo arenoso), proveniente del sector Las Salinas (LS) de Vi\u00f1a del Mar. El proyecto contempla la recepci\u00f3n aproximada de 440.000 m3 de material\u201d, anota el documento.<br \/>\nSeg\u00fan cuenta Iv\u00e1n Reyes, \u00e9sta es una situaci\u00f3n que, a lo menos, se puede calificar como extra\u00f1a, puesto que el proyecto fue bajado desde el ejecutivo el mismo d\u00eda en el que venc\u00eda el plazo para que el Gore se manifestara en favor o en contra y, si bien, el rechazo fue absoluto con una votaci\u00f3n de 7 contra 0, la sesi\u00f3n en pleno se ejecuta reci\u00e9n ma\u00f1ana jueves 17, por lo que pr\u00e1cticamente, esta negativa puede ser considerada como \u2018un saludo a la bandera\u2019.<br \/>\nDe todas formas Reyes afirm\u00f3 que la batalla no est\u00e1 perdida y que la oposici\u00f3n a este proyecto debe llegar hasta las \u00faltimas consecuencias. \u201cEn el d\u00eda de hoy (ayer) que vence el plazo, se va a ingresar por parte de algunos ciudadanos de San Felipe, una solicitud en el servicio de medioambiente, para que se exija una participaci\u00f3n ciudadana y eso va a tener que retrasar un poco el camino y se tendr\u00e1n que tomar todas las medidas que correspondan y si hay que hacer protesta y ejercer medidas de presi\u00f3n, porque lamentablemente en este pa\u00eds nos hemos acostumbrado a que las autoridades reaccionen bajo presi\u00f3n, vamos a tener que hacerlas, pero es imposible que los sanfelipe\u00f1os permitamos que nos traigan c\u00e1ncer en camiones\u201d, sentenci\u00f3.<br \/>\nAdem\u00e1s de la eventual contaminaci\u00f3n que provocar\u00eda la materializaci\u00f3n de este proyecto, Reyes agreg\u00f3 que no se ha considerado el impacto vial que provocar\u00e1 el traslado de este material, por lo que hizo extensivo el llamado a analizar esta obra y fue enf\u00e1tico en declarar que \u201cesto es impresentable, aqu\u00ed hay que hacer un llamado a las autoridades; al municipio, Gobernaci\u00f3n y a la comunidad en general, nosotros no podemos permitir que este material llegue a San Felipe, son 24 camiones de alto tonelaje diario, que van a estar pasando, se calcula que la contaminaci\u00f3n en el medioambiente va a ser de un radio aproximado de los 7 kms\u201d, decret\u00f3 el Core.<\/p>\n<p><strong>OPOSICI\u00d3N MUNICIPAL<\/strong><br \/>\nEl director del Departamento Jur\u00eddico de la Municipalidad de San Felipe, Jorge Jara, se refiri\u00f3 a esta compleja situaci\u00f3n, que ata\u00f1e particularmente a los vecinos del sector de Algarrobal, y asegur\u00f3 que el municipio ya despach\u00f3 un oficio en el cual el municipio se opone tajantemente a la materializaci\u00f3n de este proyecto.<br \/>\n\u201cNosotros fuimos requeridos por la autoridad ambiental para emitir un informe oficial respecto de la posici\u00f3n del municipio en torno a esta gesti\u00f3n, porque entiendo que se est\u00e1 tramitando una autorizaci\u00f3n de un permiso ambiental y en el d\u00eda de ayer firm\u00f3 el alcalde subrogante el oficio en respuesta, fijando la posici\u00f3n de la municipalidad\u201d, expuso Jara.<br \/>\nDel mismo modo, el abogado fue tajante en se\u00f1alar que \u201cno estamos de acuerdo obviamente porque no conocemos con detalle los antecedentes que generan esta solicitud, lo que s\u00ed, hicimos unas consultas muy r\u00e1pido ayer en la ma\u00f1ana, v\u00eda telef\u00f3nica y se estableci\u00f3 que el material de mayor peligrosidad, que es una arena con un alto nivel de hidrocarburos, no ser\u00e1 trasladada al CTI de La Hormiga, de la empresa Gea, sino que tendr\u00e1 como destino la Regi\u00f3n Metropolitana y lo que traer\u00eda la empresa al CTI es un material de arena para fijar el espacio y construir las bases de un conjunto habitacional en el sector de Las Salinas, en la comuna de Vi\u00f1a del Mar\u201d.<br \/>\nAun as\u00ed, Jara dijo no meter las manos al fuego ante una informaci\u00f3n que no ha sido oficializada y que por eso esta posibilidad de que el material no est\u00e9 contaminado no puede ser absoluta, de all\u00ed que la municipalidad tendr\u00e1 una actitud cautelosa, pero a la vez rigurosa frente al tema.<br \/>\n\u201cNo queremos que Aconcagua sea visto como un lugar de destino de material que est\u00e1 calificado como desperdicio, no creo que sea sano aquello, entendemos tambi\u00e9n que si hay una instalaci\u00f3n industrial, en este caso el complejo de Gea y ellos est\u00e1n plenamente certificados y en condiciones de recibir este material, se haga pero con las medidas de mitigaci\u00f3n de rigor, nosotros en eso vamos a ser extremadamente celosos, reconocemos la leg\u00edtima aspiraci\u00f3n de un privado de hacer negocios, pero tambi\u00e9n esto debe ser proporcional y coherente con la protecci\u00f3n del medio ambiente y los vecinos, particularmente del sector de Algarrobal\u201d, determin\u00f3 el jurista.<br \/>\nDe acuerdo a lo manifestado por Jara, la postura del municipio ser\u00e1 inalterable mientras personal municipal del \u00e1rea de medioambiente elabora un informe t\u00e9cnico, el cual debiera ser presentado al Concejo Municipal el pr\u00f3ximo martes, para que las autoridades competentes tengan pleno conocimiento de lo que est\u00e1 ocurriendo.<\/p>\n<figure id=\"attachment_75333\" aria-describedby=\"caption-attachment-75333\" style=\"width: 530px\" class=\"wp-caption alignleft\"><a href=\"http:\/\/www.eltrabajo.cl\/portal\/total-rechazo-a-proyecto-que-importaria-arenas-contaminadas-con-hidrocarburos\/jorge-jara-catalan-4\/\" rel=\"attachment wp-att-75333\"><img data-recalc-dims=\"1\" loading=\"lazy\" decoding=\"async\" class=\"size-full wp-image-75333\" src=\"https:\/\/i0.wp.com\/www.eltrabajo.cl\/portal\/wp-content\/uploads\/2016\/11\/JORGE-JARA-CATALAN.jpg?resize=530%2C350\" alt=\"Iv\u00e1n Reyes, consejero regional, integrante de la comisi\u00f3n de medioambiente del Gobierno Regional de Valpara\u00edso, y Jorge Jara Catal\u00e1n, director del Departamento Jur\u00eddico de la Municipalidad de San Felipe.\" width=\"530\" height=\"350\" srcset=\"https:\/\/i0.wp.com\/eltrabajo.cl\/portal\/wp-content\/uploads\/2016\/11\/JORGE-JARA-CATALAN.jpg?w=530&amp;ssl=1 530w, https:\/\/i0.wp.com\/eltrabajo.cl\/portal\/wp-content\/uploads\/2016\/11\/JORGE-JARA-CATALAN.jpg?resize=200%2C132&amp;ssl=1 200w, https:\/\/i0.wp.com\/eltrabajo.cl\/portal\/wp-content\/uploads\/2016\/11\/JORGE-JARA-CATALAN.jpg?resize=300%2C198&amp;ssl=1 300w, https:\/\/i0.wp.com\/eltrabajo.cl\/portal\/wp-content\/uploads\/2016\/11\/JORGE-JARA-CATALAN.jpg?resize=227%2C150&amp;ssl=1 227w, https:\/\/i0.wp.com\/eltrabajo.cl\/portal\/wp-content\/uploads\/2016\/11\/JORGE-JARA-CATALAN.jpg?resize=400%2C264&amp;ssl=1 400w\" sizes=\"auto, (max-width: 530px) 100vw, 530px\" \/><\/a><figcaption id=\"caption-attachment-75333\" class=\"wp-caption-text\">Iv\u00e1n Reyes, consejero regional, integrante de la comisi\u00f3n de medioambiente del Gobierno Regional de Valpara\u00edso, y Jorge Jara Catal\u00e1n, director del Departamento Jur\u00eddico de la Municipalidad de San Felipe.<\/figcaption><\/figure>\n","protected":false},"excerpt":{"rendered":"<p>Material est\u00e9ril ser\u00eda depositado en el CTI La Hormiga:\u00a0Tanto el consejero regional, Iv\u00e1n Reyes, como el abogado del municipio sanfelipe\u00f1o Jorge Jara, mostraron rechazo absoluto a la materializaci\u00f3n de una obra que&#8230;<\/p>\n","protected":false},"author":1,"featured_media":75333,"comment_status":"open","ping_status":"open","sticky":false,"template":"","format":"standard","meta":{"advanced_seo_description":"","jetpack_seo_html_title":"","jetpack_seo_noindex":false,"_jetpack_memberships_contains_paid_content":false,"footnotes":""},"categories":[1],"tags":[],"class_list":["post-75332","post","type-post","status-publish","format-standard","has-post-thumbnail","hentry","category-cronica"],"jetpack_featured_media_url":"https:\/\/i0.wp.com\/eltrabajo.cl\/portal\/wp-content\/uploads\/2016\/11\/JORGE-JARA-CATALAN.jpg?fit=530%2C350&ssl=1","jetpack_sharing_enabled":true,"jetpack_likes_enabled":true,"jetpack-related-posts":[],"_links":{"self":[{"href":"https:\/\/eltrabajo.cl\/portal\/wp-json\/wp\/v2\/posts\/75332","targetHints":{"allow":["GET"]}}],"collection":[{"href":"https:\/\/eltrabajo.cl\/portal\/wp-json\/wp\/v2\/posts"}],"about":[{"href":"https:\/\/eltrabajo.cl\/portal\/wp-json\/wp\/v2\/types\/post"}],"author":[{"embeddable":true,"href":"https:\/\/eltrabajo.cl\/portal\/wp-json\/wp\/v2\/users\/1"}],"replies":[{"embeddable":true,"href":"https:\/\/eltrabajo.cl\/portal\/wp-json\/wp\/v2\/comments?post=75332"}],"version-history":[{"count":0,"href":"https:\/\/eltrabajo.cl\/portal\/wp-json\/wp\/v2\/posts\/75332\/revisions"}],"wp:featuredmedia":[{"embeddable":true,"href":"https:\/\/eltrabajo.cl\/portal\/wp-json\/wp\/v2\/media\/75333"}],"wp:attachment":[{"href":"https:\/\/eltrabajo.cl\/portal\/wp-json\/wp\/v2\/media?parent=75332"}],"wp:term":[{"taxonomy":"category","embeddable":true,"href":"https:\/\/eltrabajo.cl\/portal\/wp-json\/wp\/v2\/categories?post=75332"},{"taxonomy":"post_tag","embeddable":true,"href":"https:\/\/eltrabajo.cl\/portal\/wp-json\/wp\/v2\/tags?post=75332"}],"curies":[{"name":"wp","href":"https:\/\/api.w.org\/{rel}","templated":true}]}}