{"id":75338,"date":"2016-11-17T08:27:00","date_gmt":"2016-11-17T11:27:00","guid":{"rendered":"http:\/\/www.eltrabajo.cl\/portal\/?p=75338"},"modified":"2016-11-17T08:27:01","modified_gmt":"2016-11-17T11:27:01","slug":"jornada-familiar-deportiva-multidisciplinaria-este-domingo-en-estadio-municipal","status":"publish","type":"post","link":"https:\/\/eltrabajo.cl\/portal\/jornada-familiar-deportiva-multidisciplinaria-este-domingo-en-estadio-municipal\/","title":{"rendered":"Jornada familiar deportiva multidisciplinaria este domingo en Estadio Municipal"},"content":{"rendered":"<ul>\n<li><strong><span style=\"color: #ff0000;\">Segunda Fecha de Deporte en los Barrios del IND, desde las 10 hasta las 12 horas:\u00a0<\/span>La actividad, considera la participaci\u00f3n familiar en distintas disciplinas, tales como: Ajedrez, Brisca, Domin\u00f3, Tenis de Mesa, Rayuela, Zumba, Baby F\u00fatbol, entre otras.<\/strong><\/li>\n<\/ul>\n<p>Una nueva instancia deportiva familiar, est\u00e1 programada para este domingo 20 de noviembre a partir de las 10 de la ma\u00f1ana en el Estadio Municipal de San Felpe. Se trata de la segunda jornada de participaci\u00f3n social \u2018Deporte en los Barrios\u2019, impulsada por el Instituto Nacional del Deporte, IND, en coordinaci\u00f3n con el Departamento de Deportes de la Municipalidad de San Felipe.<\/p>\n<figure id=\"attachment_75339\" aria-describedby=\"caption-attachment-75339\" style=\"width: 300px\" class=\"wp-caption alignleft\"><a href=\"http:\/\/www.eltrabajo.cl\/portal\/jornada-familiar-deportiva-multidisciplinaria-este-domingo-en-estadio-municipal\/danilo-pena-10\/\" rel=\"attachment wp-att-75339\"><img data-recalc-dims=\"1\" loading=\"lazy\" decoding=\"async\" class=\"size-medium wp-image-75339\" src=\"https:\/\/i0.wp.com\/www.eltrabajo.cl\/portal\/wp-content\/uploads\/2016\/11\/DANILO-PENA-300x197.jpg?resize=300%2C197\" alt=\"Danilo Pe\u00f1a, director del Departamento de Deportes de la Municipalidad de San Felipe.\" width=\"300\" height=\"197\" srcset=\"https:\/\/i0.wp.com\/eltrabajo.cl\/portal\/wp-content\/uploads\/2016\/11\/DANILO-PENA.jpg?resize=300%2C197&amp;ssl=1 300w, https:\/\/i0.wp.com\/eltrabajo.cl\/portal\/wp-content\/uploads\/2016\/11\/DANILO-PENA.jpg?resize=200%2C131&amp;ssl=1 200w, https:\/\/i0.wp.com\/eltrabajo.cl\/portal\/wp-content\/uploads\/2016\/11\/DANILO-PENA.jpg?resize=228%2C150&amp;ssl=1 228w, https:\/\/i0.wp.com\/eltrabajo.cl\/portal\/wp-content\/uploads\/2016\/11\/DANILO-PENA.jpg?resize=400%2C263&amp;ssl=1 400w, https:\/\/i0.wp.com\/eltrabajo.cl\/portal\/wp-content\/uploads\/2016\/11\/DANILO-PENA.jpg?w=530&amp;ssl=1 530w\" sizes=\"auto, (max-width: 300px) 100vw, 300px\" \/><\/a><figcaption id=\"caption-attachment-75339\" class=\"wp-caption-text\">Danilo Pe\u00f1a, director del Departamento de Deportes de la Municipalidad de San Felipe.<\/figcaption><\/figure>\n<p>La actividad, considera la participaci\u00f3n familiar en distintas disciplinas, tales como: Ajedrez, Brisca, Domin\u00f3, Tenis de Mesa, Rayuela, Zumba, Baby F\u00fatbol, entre otras. As\u00ed lo inform\u00f3 el director del Departamento de Deportes del municipio sanfelipe\u00f1o, Danilo Pe\u00f1a, quien detall\u00f3 que \u201chabr\u00e1 tambi\u00e9n juegos inflables para los ni\u00f1os m\u00e1s peque\u00f1os, de tal manera que es una jornada netamente familiar, as\u00ed que est\u00e1n todos cordialmente invitados\u201d, apunt\u00f3 Pe\u00f1a.<br \/>\nDe acuerdo a lo manifestado por el docente, \u00e9sta es la actividad de cierre del a\u00f1o 2016 que el Ministerio del Deporte realiza en la comuna, luego de haber tenido una exitosa participaci\u00f3n de la comunidad en las 10 fechas de las Calles Abiertas y la anterior jornada de Deporte en los Barrios.<br \/>\nDesde esa perspectiva, Pe\u00f1a hizo un balance de lo que ha sido la implementaci\u00f3n de las distintas jornadas de actividad f\u00edsica, recreaci\u00f3n y deportes en San Felipe durante el presente a\u00f1o, y asegur\u00f3 que la comuna ha sido la mejor evaluada, dentro de las 3 en las que se desarroll\u00f3 el programa Calles Abiertas y a partir de la excelente cobertura que tuvo, es que se le asign\u00f3 una nueva fechade Deporte en los Barrios.<br \/>\nCabe destacar, que esta jornada es completamente gratuita y que no requiere inscripci\u00f3n previa. \u201cHay que acudir en familia, ese es el gran plus que tienes esta actividad\u201d, sentenci\u00f3 Danilo Pe\u00f1a.<\/p>\n","protected":false},"excerpt":{"rendered":"<p>Segunda Fecha de Deporte en los Barrios del IND, desde las 10 hasta las 12 horas:\u00a0La actividad, considera la participaci\u00f3n familiar en distintas disciplinas, tales como: Ajedrez, Brisca, Domin\u00f3, Tenis de Mesa,&#8230;<\/p>\n","protected":false},"author":1,"featured_media":75339,"comment_status":"open","ping_status":"open","sticky":false,"template":"","format":"standard","meta":{"advanced_seo_description":"","jetpack_seo_html_title":"","jetpack_seo_noindex":false,"_jetpack_memberships_contains_paid_content":false,"footnotes":""},"categories":[1],"tags":[],"class_list":["post-75338","post","type-post","status-publish","format-standard","has-post-thumbnail","hentry","category-cronica"],"jetpack_featured_media_url":"https:\/\/i0.wp.com\/eltrabajo.cl\/portal\/wp-content\/uploads\/2016\/11\/DANILO-PENA.jpg?fit=530%2C348&ssl=1","jetpack_sharing_enabled":true,"jetpack_likes_enabled":true,"jetpack-related-posts":[],"_links":{"self":[{"href":"https:\/\/eltrabajo.cl\/portal\/wp-json\/wp\/v2\/posts\/75338","targetHints":{"allow":["GET"]}}],"collection":[{"href":"https:\/\/eltrabajo.cl\/portal\/wp-json\/wp\/v2\/posts"}],"about":[{"href":"https:\/\/eltrabajo.cl\/portal\/wp-json\/wp\/v2\/types\/post"}],"author":[{"embeddable":true,"href":"https:\/\/eltrabajo.cl\/portal\/wp-json\/wp\/v2\/users\/1"}],"replies":[{"embeddable":true,"href":"https:\/\/eltrabajo.cl\/portal\/wp-json\/wp\/v2\/comments?post=75338"}],"version-history":[{"count":0,"href":"https:\/\/eltrabajo.cl\/portal\/wp-json\/wp\/v2\/posts\/75338\/revisions"}],"wp:featuredmedia":[{"embeddable":true,"href":"https:\/\/eltrabajo.cl\/portal\/wp-json\/wp\/v2\/media\/75339"}],"wp:attachment":[{"href":"https:\/\/eltrabajo.cl\/portal\/wp-json\/wp\/v2\/media?parent=75338"}],"wp:term":[{"taxonomy":"category","embeddable":true,"href":"https:\/\/eltrabajo.cl\/portal\/wp-json\/wp\/v2\/categories?post=75338"},{"taxonomy":"post_tag","embeddable":true,"href":"https:\/\/eltrabajo.cl\/portal\/wp-json\/wp\/v2\/tags?post=75338"}],"curies":[{"name":"wp","href":"https:\/\/api.w.org\/{rel}","templated":true}]}}