{"id":75342,"date":"2016-11-17T08:29:29","date_gmt":"2016-11-17T11:29:29","guid":{"rendered":"http:\/\/www.eltrabajo.cl\/portal\/?p=75342"},"modified":"2016-11-17T08:29:29","modified_gmt":"2016-11-17T11:29:29","slug":"concejo-municipal-de-san-felipe-le-dio-me-gusta-al-padem-2017","status":"publish","type":"post","link":"https:\/\/eltrabajo.cl\/portal\/concejo-municipal-de-san-felipe-le-dio-me-gusta-al-padem-2017\/","title":{"rendered":"Concejo Municipal de San Felipe le dio \u2018Me Gusta\u2019 al Padem 2017"},"content":{"rendered":"<ul>\n<li><strong><span style=\"color: #ff0000;\">Propuesta del Daem fue aprobada de forma un\u00e1nime:\u00a0<\/span>Educaci\u00f3n Municipal sanfelipe\u00f1a, ya tiene sentadas las bases sobre las cuales se trabajar\u00e1 en los distintos establecimientos desde marzo del pr\u00f3ximo a\u00f1o.<\/strong><\/li>\n<\/ul>\n<p>El Concejo Municipal de San Felipe, aprob\u00f3 este martes por unanimidad lo que es el Plan Anual de Educaci\u00f3n Municipal, Padem 2017, propuesta que es presentada por la Direcci\u00f3n de Administraci\u00f3n Educacional Municipal, Daem, y que define las directrices sobre las cuales trabajar\u00e1n los distintos establecimientos educacionales municipalizados.<\/p>\n<figure id=\"attachment_75343\" aria-describedby=\"caption-attachment-75343\" style=\"width: 300px\" class=\"wp-caption alignleft\"><a href=\"http:\/\/www.eltrabajo.cl\/portal\/concejo-municipal-de-san-felipe-le-dio-me-gusta-al-padem-2017\/veronica-osandon-cartes\/\" rel=\"attachment wp-att-75343\"><img data-recalc-dims=\"1\" loading=\"lazy\" decoding=\"async\" class=\"size-medium wp-image-75343\" src=\"https:\/\/i0.wp.com\/www.eltrabajo.cl\/portal\/wp-content\/uploads\/2016\/11\/VERONICA-OSANDON-CARTES-300x198.jpg?resize=300%2C198\" alt=\"Ver\u00f3nica Ossand\u00f3n Cartes, coordinadora t\u00e9cnico-pedag\u00f3gica comunal del Daem San Felipe.\" width=\"300\" height=\"198\" srcset=\"https:\/\/i0.wp.com\/eltrabajo.cl\/portal\/wp-content\/uploads\/2016\/11\/VERONICA-OSANDON-CARTES.jpg?resize=300%2C198&amp;ssl=1 300w, https:\/\/i0.wp.com\/eltrabajo.cl\/portal\/wp-content\/uploads\/2016\/11\/VERONICA-OSANDON-CARTES.jpg?resize=200%2C132&amp;ssl=1 200w, https:\/\/i0.wp.com\/eltrabajo.cl\/portal\/wp-content\/uploads\/2016\/11\/VERONICA-OSANDON-CARTES.jpg?resize=227%2C150&amp;ssl=1 227w, https:\/\/i0.wp.com\/eltrabajo.cl\/portal\/wp-content\/uploads\/2016\/11\/VERONICA-OSANDON-CARTES.jpg?resize=400%2C264&amp;ssl=1 400w, https:\/\/i0.wp.com\/eltrabajo.cl\/portal\/wp-content\/uploads\/2016\/11\/VERONICA-OSANDON-CARTES.jpg?w=530&amp;ssl=1 530w\" sizes=\"auto, (max-width: 300px) 100vw, 300px\" \/><\/a><figcaption id=\"caption-attachment-75343\" class=\"wp-caption-text\">Ver\u00f3nica Ossand\u00f3n Cartes, coordinadora t\u00e9cnico-pedag\u00f3gica comunal del Daem San Felipe.<\/figcaption><\/figure>\n<p>Seg\u00fan Ver\u00f3nica Ossand\u00f3n Cartes, coordinadora t\u00e9cnico-pedag\u00f3gica comunal del Daem San Felipe, el Padem contiene un marco legal regulador, con un diagn\u00f3stico actualizado de la condici\u00f3n de cada establecimiento, programas que se est\u00e1n desarrollando como Daem, el Foda (Fortalezas y Debilidades del Sistema Educacional), propuestas de iniciativas para mejorar el proceso de aprendizaje y un Informe de Dotaci\u00f3n, es decir, c\u00f3mo se cubre el plan de estudios que tiene la comuna en cada una de sus escuelas.<br \/>\nRespecto de las novedades que presenta el Padem 2017 en San Felipe, Ossand\u00f3n detall\u00f3 que \u201ctenemos la implementaci\u00f3n y ejecuci\u00f3n de una plataforma de evaluaci\u00f3n de aprendizajes en l\u00ednea, con la que contar\u00e1n todos los establecimientos para hacer seguimiento de los aprendizajes de los ni\u00f1os: aplicaci\u00f3n de pruebas y adem\u00e1s la posibilidad de aplicar pruebas Simce y PSU a modo de ensayos, de manera de poder monitorear los procesos de aprendizaje\u201d, describi\u00f3 la personera.<br \/>\n\u201cOtra de las iniciativas que se mantiene para el a\u00f1o 2017, es continuar con el desarrollo del proyecto de directores l\u00edderes en servicio, en el que est\u00e1n participando 10 establecimientos nuestros. Tambi\u00e9n fortalecer la pol\u00edtica de desarrollo profesional docente, fortalecimiento del plan de formaci\u00f3n ciudadana y adem\u00e1s fortalecer el \u00e1rea de las matem\u00e1ticas y el ingl\u00e9s\u201d, agreg\u00f3 Ossand\u00f3n.<br \/>\nSeg\u00fan la profesional, desde marzo del 2017,se pondr\u00e1 \u00e9nfasis tambi\u00e9n en potenciar el aprendizaje de los alumnos de 1\u00b0 y 2\u00b0 medio, con un plan de trabajo que funcione como un elemento preparatorio para lo que ser\u00e1 su desempe\u00f1o en la PSU.<br \/>\nEn cuanto a la evaluaci\u00f3n que se hace del desarrollo de la educaci\u00f3n municipal de San Felipe durante el 2016, Osand\u00f3n afirm\u00f3 que \u201cen general la mayor\u00eda de los establecimientos ha mejorado su matr\u00edcula, ha fortalecido sus aprendizajes e implementado programas, el foco est\u00e1 puesto precisamente en los aprendizajes, por lo tanto, se ha avanzado mucho en generar una plataforma, en que los PME cubran efectivamente lo que dice la ley de Subvenci\u00f3n Escolar Preferencial, SEP, que es apoyar los procesos de aprendizaje\u201d, concluy\u00f3.<\/p>\n","protected":false},"excerpt":{"rendered":"<p>Propuesta del Daem fue aprobada de forma un\u00e1nime:\u00a0Educaci\u00f3n Municipal sanfelipe\u00f1a, ya tiene sentadas las bases sobre las cuales se trabajar\u00e1 en los distintos establecimientos desde marzo del pr\u00f3ximo a\u00f1o. El Concejo Municipal&#8230;<\/p>\n","protected":false},"author":1,"featured_media":75343,"comment_status":"open","ping_status":"open","sticky":false,"template":"","format":"standard","meta":{"advanced_seo_description":"","jetpack_seo_html_title":"","jetpack_seo_noindex":false,"_jetpack_memberships_contains_paid_content":false,"footnotes":""},"categories":[1],"tags":[],"class_list":["post-75342","post","type-post","status-publish","format-standard","has-post-thumbnail","hentry","category-cronica"],"jetpack_featured_media_url":"https:\/\/i0.wp.com\/eltrabajo.cl\/portal\/wp-content\/uploads\/2016\/11\/VERONICA-OSANDON-CARTES.jpg?fit=530%2C350&ssl=1","jetpack_sharing_enabled":true,"jetpack_likes_enabled":true,"jetpack-related-posts":[],"_links":{"self":[{"href":"https:\/\/eltrabajo.cl\/portal\/wp-json\/wp\/v2\/posts\/75342","targetHints":{"allow":["GET"]}}],"collection":[{"href":"https:\/\/eltrabajo.cl\/portal\/wp-json\/wp\/v2\/posts"}],"about":[{"href":"https:\/\/eltrabajo.cl\/portal\/wp-json\/wp\/v2\/types\/post"}],"author":[{"embeddable":true,"href":"https:\/\/eltrabajo.cl\/portal\/wp-json\/wp\/v2\/users\/1"}],"replies":[{"embeddable":true,"href":"https:\/\/eltrabajo.cl\/portal\/wp-json\/wp\/v2\/comments?post=75342"}],"version-history":[{"count":0,"href":"https:\/\/eltrabajo.cl\/portal\/wp-json\/wp\/v2\/posts\/75342\/revisions"}],"wp:featuredmedia":[{"embeddable":true,"href":"https:\/\/eltrabajo.cl\/portal\/wp-json\/wp\/v2\/media\/75343"}],"wp:attachment":[{"href":"https:\/\/eltrabajo.cl\/portal\/wp-json\/wp\/v2\/media?parent=75342"}],"wp:term":[{"taxonomy":"category","embeddable":true,"href":"https:\/\/eltrabajo.cl\/portal\/wp-json\/wp\/v2\/categories?post=75342"},{"taxonomy":"post_tag","embeddable":true,"href":"https:\/\/eltrabajo.cl\/portal\/wp-json\/wp\/v2\/tags?post=75342"}],"curies":[{"name":"wp","href":"https:\/\/api.w.org\/{rel}","templated":true}]}}