{"id":75346,"date":"2016-11-17T08:46:19","date_gmt":"2016-11-17T11:46:19","guid":{"rendered":"http:\/\/www.eltrabajo.cl\/portal\/?p=75346"},"modified":"2016-11-17T08:46:19","modified_gmt":"2016-11-17T11:46:19","slug":"municipio-reprograma-para-el-10-de-diciembre-fiesta-de-la-primavera-2016","status":"publish","type":"post","link":"https:\/\/eltrabajo.cl\/portal\/municipio-reprograma-para-el-10-de-diciembre-fiesta-de-la-primavera-2016\/","title":{"rendered":"Municipio reprograma para el 10 de diciembre Fiesta de la Primavera 2016"},"content":{"rendered":"<p>Debido al paro de los funcionarios municipales que parti\u00f3 a fines del mes de octubre, por tercera vez la Municipalidad de San Felipe, debi\u00f3 reprogramar la realizaci\u00f3n de la Fiesta de la Primavera, evento que fortalece la unidad de las organizaciones sociales de la comuna y rescata valores y tradiciones locales.<\/p>\n<figure id=\"attachment_75347\" aria-describedby=\"caption-attachment-75347\" style=\"width: 300px\" class=\"wp-caption alignleft\"><a href=\"http:\/\/www.eltrabajo.cl\/portal\/municipio-reprograma-para-el-10-de-diciembre-fiesta-de-la-primavera-2016\/alicia-nicloux-6\/\" rel=\"attachment wp-att-75347\"><img data-recalc-dims=\"1\" loading=\"lazy\" decoding=\"async\" class=\"size-medium wp-image-75347\" src=\"https:\/\/i0.wp.com\/www.eltrabajo.cl\/portal\/wp-content\/uploads\/2016\/11\/alicia-nicloux-300x197.jpg?resize=300%2C197\" alt=\"Jefa del Departamento de Organizaciones Sociales de la municipalidad, asistente social Alicia Niclaux.\" width=\"300\" height=\"197\" srcset=\"https:\/\/i0.wp.com\/eltrabajo.cl\/portal\/wp-content\/uploads\/2016\/11\/alicia-nicloux.jpg?resize=300%2C197&amp;ssl=1 300w, https:\/\/i0.wp.com\/eltrabajo.cl\/portal\/wp-content\/uploads\/2016\/11\/alicia-nicloux.jpg?resize=200%2C131&amp;ssl=1 200w, https:\/\/i0.wp.com\/eltrabajo.cl\/portal\/wp-content\/uploads\/2016\/11\/alicia-nicloux.jpg?resize=228%2C150&amp;ssl=1 228w, https:\/\/i0.wp.com\/eltrabajo.cl\/portal\/wp-content\/uploads\/2016\/11\/alicia-nicloux.jpg?resize=400%2C263&amp;ssl=1 400w, https:\/\/i0.wp.com\/eltrabajo.cl\/portal\/wp-content\/uploads\/2016\/11\/alicia-nicloux.jpg?w=530&amp;ssl=1 530w\" sizes=\"auto, (max-width: 300px) 100vw, 300px\" \/><\/a><figcaption id=\"caption-attachment-75347\" class=\"wp-caption-text\">Jefa del Departamento de Organizaciones Sociales de la municipalidad, asistente social Alicia Niclaux.<\/figcaption><\/figure>\n<p>La informaci\u00f3n la dio a conocer la coordinadora de esta actividad y jefa del Departamento de Organizaciones Sociales de la municipalidad, asistente social Alicia Niclaux.<br \/>\n\u201cEste paro atras\u00f3 una actividad como la Fiesta de la Primavera, que estaba programada para el 19 de noviembre, luego se pospuso para otra fecha de noviembre y finalmente la primera autoridad municipal nos inform\u00f3 que qued\u00f3 fijada para el 10 de diciembre\u201d, se\u00f1al\u00f3 la profesional.<br \/>\nPrecis\u00f3 que la Fiesta de la Primavera es un evento comunal, que representa participaci\u00f3n, alegr\u00eda, unidad de los vecinos y en definitiva, \u201cuna actividad hermosa que nos da identidad\u201d.<br \/>\nAlicia Niclaux, lament\u00f3 tambi\u00e9n que esta reprogramaci\u00f3n de la celebraci\u00f3n de la Fiesta de la Primavera se haya traducido en la bajada de varias organizaciones que se hab\u00edan inscrito para participar. \u201cHay grupos que se bajaron con su carro aleg\u00f3rico y en ese plano, nuestro llamado es para que se reanimen a participar y se acerquen a nuestro departamento en Toro Mazote 1172, entre Arturo Prat y Santo Domingo, oficina 5, segundo piso, pues esta fiesta se va a realizar s\u00ed o s\u00ed\u201d, manifest\u00f3 Alicia Niclaux.<br \/>\nRecord\u00f3, que el a\u00f1o pasado hubo 15 organizaciones que se animaron a participar, con enorme entusiasmo, dejando entrever el deseo de sumarse a una iniciativa que sin lugar a dudas favorece la cohesi\u00f3n vecinal, pero sobre todo, que rescata una hermosa tradici\u00f3n que forma parte de la esencia y la identidad de nuestra ciudad.<\/p>\n","protected":false},"excerpt":{"rendered":"<p>Debido al paro de los funcionarios municipales que parti\u00f3 a fines del mes de octubre, por tercera vez la Municipalidad de San Felipe, debi\u00f3 reprogramar la realizaci\u00f3n de la Fiesta de la&#8230;<\/p>\n","protected":false},"author":1,"featured_media":75347,"comment_status":"open","ping_status":"open","sticky":false,"template":"","format":"standard","meta":{"advanced_seo_description":"","jetpack_seo_html_title":"","jetpack_seo_noindex":false,"_jetpack_memberships_contains_paid_content":false,"footnotes":""},"categories":[1],"tags":[],"class_list":["post-75346","post","type-post","status-publish","format-standard","has-post-thumbnail","hentry","category-cronica"],"jetpack_featured_media_url":"https:\/\/i0.wp.com\/eltrabajo.cl\/portal\/wp-content\/uploads\/2016\/11\/alicia-nicloux.jpg?fit=530%2C348&ssl=1","jetpack_sharing_enabled":true,"jetpack_likes_enabled":true,"jetpack-related-posts":[],"_links":{"self":[{"href":"https:\/\/eltrabajo.cl\/portal\/wp-json\/wp\/v2\/posts\/75346","targetHints":{"allow":["GET"]}}],"collection":[{"href":"https:\/\/eltrabajo.cl\/portal\/wp-json\/wp\/v2\/posts"}],"about":[{"href":"https:\/\/eltrabajo.cl\/portal\/wp-json\/wp\/v2\/types\/post"}],"author":[{"embeddable":true,"href":"https:\/\/eltrabajo.cl\/portal\/wp-json\/wp\/v2\/users\/1"}],"replies":[{"embeddable":true,"href":"https:\/\/eltrabajo.cl\/portal\/wp-json\/wp\/v2\/comments?post=75346"}],"version-history":[{"count":0,"href":"https:\/\/eltrabajo.cl\/portal\/wp-json\/wp\/v2\/posts\/75346\/revisions"}],"wp:featuredmedia":[{"embeddable":true,"href":"https:\/\/eltrabajo.cl\/portal\/wp-json\/wp\/v2\/media\/75347"}],"wp:attachment":[{"href":"https:\/\/eltrabajo.cl\/portal\/wp-json\/wp\/v2\/media?parent=75346"}],"wp:term":[{"taxonomy":"category","embeddable":true,"href":"https:\/\/eltrabajo.cl\/portal\/wp-json\/wp\/v2\/categories?post=75346"},{"taxonomy":"post_tag","embeddable":true,"href":"https:\/\/eltrabajo.cl\/portal\/wp-json\/wp\/v2\/tags?post=75346"}],"curies":[{"name":"wp","href":"https:\/\/api.w.org\/{rel}","templated":true}]}}