{"id":75354,"date":"2016-11-17T08:51:44","date_gmt":"2016-11-17T11:51:44","guid":{"rendered":"http:\/\/www.eltrabajo.cl\/portal\/?p=75354"},"modified":"2016-11-17T08:51:44","modified_gmt":"2016-11-17T11:51:44","slug":"publicos-radicalizan-protestas-ante-insistencia-en-mantener-32-de-reajuste","status":"publish","type":"post","link":"https:\/\/eltrabajo.cl\/portal\/publicos-radicalizan-protestas-ante-insistencia-en-mantener-32-de-reajuste\/","title":{"rendered":"P\u00fablicos radicalizan protestas ante insistencia en mantener 3,2% de reajuste"},"content":{"rendered":"<ul>\n<li><strong>Realizaron barricadas y bloqueo de calles:<\/strong><\/li>\n<\/ul>\n<p><strong>LOS ANDES.-<\/strong> Los trabajadores de la mesa del sector p\u00fablico de Los Andes, decidieron radicalizar sus manifestaciones en contra del gobierno por negarse a entregar un reajuste salarial superior al 3,2%.<br \/>\nDe manera simult\u00e1nea en diferentes puntos de la ciudad como el Primer Crucero, Rotonda Carlos D\u00edaz, avenida Argentina frente al hospital y el camino internacional los trabajadores encendieron neum\u00e1ticos y levantaron barricadas para manifestar su descontento, y pese a la presencia en algunos puntos de fuerzas especiales de Carabineros no se produjo ning\u00fan tipo de incidente.<br \/>\nSobre esta radicalizaci\u00f3n del movimiento, la secretaria provincial de la CUT, Gladys Rojas, dijo que la idea de esta medidas de fuerza es provocar al gobierno para que acceda al reajuste que est\u00e1n solicitando, sobre todo despu\u00e9s de haber negociado un bono con los contratistas de 800 mil pesos y un bono de Navidad para los funcionarios del congreso de 150 mil pesos, \u201cpero para los funcionarios p\u00fablicos no hay nada y eso es lo que ha llevado a radicalizar la movilizaci\u00f3n en las calles\u201d.<br \/>\nA\u00f1adi\u00f3, que son las bases las que est\u00e1n protestando por un reajuste digno, ya que se bajaron de un 7 un 4%, pero el Gobierno no quiere entender y subir ocho d\u00e9cimas de su oferta.<br \/>\nCritic\u00f3, que la presidenta Bachelet no ha demostrado inter\u00e9s en resolver el conflicto, y ante ello deben tomar acciones m\u00e1s contundentes, \u201cpues en Chile para conseguir las cosas siempre se tiene que llegar a este tipo de medidas de presi\u00f3n y en esto momentos no estamos pidiendo una limosna, sino lo que consideramos justo, que a la vez es insuficiente\u201d.<br \/>\nLa dirigente, lament\u00f3 que los funcionarios municipales de San Esteban se hayan bajado de estas protestas y las atribuy\u00f3 a amenazas por parte del alcalde Ren\u00e9 Mardones, \u201cpero para aplicar sumario habr\u00eda que hac\u00e9rselo a todos los trabajadores y eso es imposible\u201d.<br \/>\nLa dirigente de la CUT, no descart\u00f3 que las movilizaciones se prolonguen mucho m\u00e1s tiempo de no existir voluntad de parte del gobierno.<br \/>\nPor su parte, La psic\u00f3loga Mar\u00eda Pol\u00edn Herrera, presidenta de la Asociaci\u00f3n de Profesionales de la Salud del Cesfam Cordillera Andina, afirm\u00f3 que la asamblea vot\u00f3 unirse a esta movilizaci\u00f3n por la intransigencia del gobierno, pero manteniendo personal en las unidades cr\u00edticas para no perjudicar a los usuarios.<br \/>\nLa profesional afirm\u00f3, que como organizaci\u00f3n ten\u00edan la esperanza de que la negociaci\u00f3n en la mesa del sector p\u00fablico llegar\u00eda a buen puerto, \u201cpero lamentablemente vemos a un gobierno que no quieren ceder a las negociaciones y no se est\u00e1 respetando a los trabajadores de Chile\u201d.<br \/>\nAgreg\u00f3, que se han suspendido algunos procedimientos, no obstante que siguen en sus labores los colegas que trabajan a honorarios porque no cuentan con protecci\u00f3n legal si se unen al paro, \u201cpero sabemos que hay un costo hacia la comunidad y ojal\u00e1 podamos volver ma\u00f1ana a trabajar, pero sabemos que hay horas suspendidas que perjudican a la gente y ese costo no lo ha visto el gobierno\u201d.<\/p>\n<figure id=\"attachment_75355\" aria-describedby=\"caption-attachment-75355\" style=\"width: 530px\" class=\"wp-caption alignleft\"><a href=\"http:\/\/www.eltrabajo.cl\/portal\/publicos-radicalizan-protestas-ante-insistencia-en-mantener-32-de-reajuste\/barricadas-4\/\" rel=\"attachment wp-att-75355\"><img data-recalc-dims=\"1\" loading=\"lazy\" decoding=\"async\" class=\"size-full wp-image-75355\" src=\"https:\/\/i0.wp.com\/www.eltrabajo.cl\/portal\/wp-content\/uploads\/2016\/11\/BARRICADAS.jpg?resize=530%2C348\" alt=\"Simult\u00e1neamente en diferentes puntos de la ciudad, los trabajadores encendieron neum\u00e1ticos y levantaron barricadas para manifestar su descontento.\" width=\"530\" height=\"348\" srcset=\"https:\/\/i0.wp.com\/eltrabajo.cl\/portal\/wp-content\/uploads\/2016\/11\/BARRICADAS.jpg?w=530&amp;ssl=1 530w, https:\/\/i0.wp.com\/eltrabajo.cl\/portal\/wp-content\/uploads\/2016\/11\/BARRICADAS.jpg?resize=200%2C131&amp;ssl=1 200w, https:\/\/i0.wp.com\/eltrabajo.cl\/portal\/wp-content\/uploads\/2016\/11\/BARRICADAS.jpg?resize=300%2C197&amp;ssl=1 300w, https:\/\/i0.wp.com\/eltrabajo.cl\/portal\/wp-content\/uploads\/2016\/11\/BARRICADAS.jpg?resize=228%2C150&amp;ssl=1 228w, https:\/\/i0.wp.com\/eltrabajo.cl\/portal\/wp-content\/uploads\/2016\/11\/BARRICADAS.jpg?resize=400%2C263&amp;ssl=1 400w\" sizes=\"auto, (max-width: 530px) 100vw, 530px\" \/><\/a><figcaption id=\"caption-attachment-75355\" class=\"wp-caption-text\">Simult\u00e1neamente en diferentes puntos de la ciudad, los trabajadores encendieron neum\u00e1ticos y levantaron barricadas para manifestar su descontento.<\/figcaption><\/figure>\n<figure id=\"attachment_75356\" aria-describedby=\"caption-attachment-75356\" style=\"width: 530px\" class=\"wp-caption alignleft\"><a href=\"http:\/\/www.eltrabajo.cl\/portal\/publicos-radicalizan-protestas-ante-insistencia-en-mantener-32-de-reajuste\/paro-4\/\" rel=\"attachment wp-att-75356\"><img data-recalc-dims=\"1\" loading=\"lazy\" decoding=\"async\" class=\"size-full wp-image-75356\" src=\"https:\/\/i0.wp.com\/www.eltrabajo.cl\/portal\/wp-content\/uploads\/2016\/11\/PARO.jpg?resize=530%2C349\" alt=\"Los trabajadores de la mesa del sector p\u00fablico de Los Andes, decidieron radicalizar sus manifestaciones en contra del gobierno por negarse a entregar un reajuste salarial superior al 3,2%.\" width=\"530\" height=\"349\" srcset=\"https:\/\/i0.wp.com\/eltrabajo.cl\/portal\/wp-content\/uploads\/2016\/11\/PARO.jpg?w=530&amp;ssl=1 530w, https:\/\/i0.wp.com\/eltrabajo.cl\/portal\/wp-content\/uploads\/2016\/11\/PARO.jpg?resize=200%2C132&amp;ssl=1 200w, https:\/\/i0.wp.com\/eltrabajo.cl\/portal\/wp-content\/uploads\/2016\/11\/PARO.jpg?resize=300%2C198&amp;ssl=1 300w, https:\/\/i0.wp.com\/eltrabajo.cl\/portal\/wp-content\/uploads\/2016\/11\/PARO.jpg?resize=228%2C150&amp;ssl=1 228w, https:\/\/i0.wp.com\/eltrabajo.cl\/portal\/wp-content\/uploads\/2016\/11\/PARO.jpg?resize=400%2C263&amp;ssl=1 400w\" sizes=\"auto, (max-width: 530px) 100vw, 530px\" \/><\/a><figcaption id=\"caption-attachment-75356\" class=\"wp-caption-text\">Los trabajadores de la mesa del sector p\u00fablico de Los Andes, decidieron radicalizar sus manifestaciones en contra del gobierno por negarse a entregar un reajuste salarial superior al 3,2%.<\/figcaption><\/figure>\n","protected":false},"excerpt":{"rendered":"<p>Realizaron barricadas y bloqueo de calles: LOS ANDES.- Los trabajadores de la mesa del sector p\u00fablico de Los Andes, decidieron radicalizar sus manifestaciones en contra del gobierno por negarse a entregar un&#8230;<\/p>\n","protected":false},"author":1,"featured_media":75356,"comment_status":"open","ping_status":"open","sticky":false,"template":"","format":"standard","meta":{"advanced_seo_description":"","jetpack_seo_html_title":"","jetpack_seo_noindex":false,"_jetpack_memberships_contains_paid_content":false,"footnotes":""},"categories":[1],"tags":[],"class_list":["post-75354","post","type-post","status-publish","format-standard","has-post-thumbnail","hentry","category-cronica"],"jetpack_featured_media_url":"https:\/\/i0.wp.com\/eltrabajo.cl\/portal\/wp-content\/uploads\/2016\/11\/PARO.jpg?fit=530%2C349&ssl=1","jetpack_sharing_enabled":true,"jetpack_likes_enabled":true,"jetpack-related-posts":[],"_links":{"self":[{"href":"https:\/\/eltrabajo.cl\/portal\/wp-json\/wp\/v2\/posts\/75354","targetHints":{"allow":["GET"]}}],"collection":[{"href":"https:\/\/eltrabajo.cl\/portal\/wp-json\/wp\/v2\/posts"}],"about":[{"href":"https:\/\/eltrabajo.cl\/portal\/wp-json\/wp\/v2\/types\/post"}],"author":[{"embeddable":true,"href":"https:\/\/eltrabajo.cl\/portal\/wp-json\/wp\/v2\/users\/1"}],"replies":[{"embeddable":true,"href":"https:\/\/eltrabajo.cl\/portal\/wp-json\/wp\/v2\/comments?post=75354"}],"version-history":[{"count":0,"href":"https:\/\/eltrabajo.cl\/portal\/wp-json\/wp\/v2\/posts\/75354\/revisions"}],"wp:featuredmedia":[{"embeddable":true,"href":"https:\/\/eltrabajo.cl\/portal\/wp-json\/wp\/v2\/media\/75356"}],"wp:attachment":[{"href":"https:\/\/eltrabajo.cl\/portal\/wp-json\/wp\/v2\/media?parent=75354"}],"wp:term":[{"taxonomy":"category","embeddable":true,"href":"https:\/\/eltrabajo.cl\/portal\/wp-json\/wp\/v2\/categories?post=75354"},{"taxonomy":"post_tag","embeddable":true,"href":"https:\/\/eltrabajo.cl\/portal\/wp-json\/wp\/v2\/tags?post=75354"}],"curies":[{"name":"wp","href":"https:\/\/api.w.org\/{rel}","templated":true}]}}