{"id":75369,"date":"2016-11-17T09:00:23","date_gmt":"2016-11-17T12:00:23","guid":{"rendered":"http:\/\/www.eltrabajo.cl\/portal\/?p=75369"},"modified":"2016-11-17T09:00:23","modified_gmt":"2016-11-17T12:00:23","slug":"trabajador-de-51-anos-muere-aplastado-por-rueda-de-tractor-que-conducia","status":"publish","type":"post","link":"https:\/\/eltrabajo.cl\/portal\/trabajador-de-51-anos-muere-aplastado-por-rueda-de-tractor-que-conducia\/","title":{"rendered":"Trabajador de 51 a\u00f1os muere aplastado por rueda de tractor que conduc\u00eda"},"content":{"rendered":"<ul>\n<li><strong><span style=\"color: #ff0000;\">Dolencia card\u00edaca lo habr\u00eda desvanecido\u00a0cayendo bajo la m\u00e1quina en movimiento:<\/span>\u00a0El tr\u00e1gico desenlace ocurri\u00f3 a primera hora de ayer mi\u00e9rcoles en la parcela 37 del sector Las Palmas de Llay Llay. La PDI confirm\u00f3 que la v\u00edctima presentaba antecedentes m\u00e9dicos card\u00edacos y la utilizaci\u00f3n de un marcapasos.<\/strong><\/li>\n<\/ul>\n<p>V\u00edctima de un traumatismo t\u00f3racoabdominal, falleci\u00f3 un trabajador agr\u00edcola de 51 a\u00f1os de edad identificado como Luis Del Tr\u00e1nsito Silva Astudillo, quien aparentemente se habr\u00eda desvanecido por una dolencia card\u00edaca cuando operaba un tractor aplicando pesticidas en la parcela 37 del sector Las Palmas de Llay Llay, cayendo bajo la pesada m\u00e1quina en movimiento que lo aplast\u00f3.<br \/>\nEl tr\u00e1gico deceso ocurri\u00f3 alrededor de las 08:00 horas de ayer mi\u00e9rcoles, siendo descubierto por un trabajador que se percat\u00f3 del accidente, requiriendo la presencia del Samu y Carabineros que se constituyeron en el predio agr\u00edcola, confirmando la muerte del trabajador.<br \/>\nPor disposici\u00f3n de la Fiscal\u00eda, los peritajes correspondientes quedaron a cargo de la Brigada de Homicidios de la Polic\u00eda de Investigaciones de Los Andes. En el sitio del suceso, la causal de muerte habr\u00eda sido el aplastamiento de la rueda del tractor que atropell\u00f3 a la v\u00edctima cuando operaba la maquinaria, tras sufrir una fuerte dolencia card\u00edaca seg\u00fan el historial m\u00e9dico que presentaba el trabajador. As\u00ed lo confirm\u00f3 a Diario EL Trabajo el Comisario de la PDI, Gino Guti\u00e9rrez C\u00e1ceres.<br \/>\n\u201cEs un hombre de 51 a\u00f1os de edad proveniente de Catemu, el cual fallece en la ma\u00f1ana de hoy (ayer) alrededor de las 08:00 horas. Se desvanece y cae del tractor que conduc\u00eda mientras aplicaba qu\u00edmicos respectivos a los cultivos de \u00e1rboles frutales. El carro de arrastre lamentablemente lo atropella, falleciendo en el mismo lugar. Esta persona manten\u00eda antecedentes m\u00e9dicos card\u00edacos, ten\u00eda una patolog\u00eda coronaria, el d\u00eda anterior ya hab\u00eda evidenciado un problema de esta \u00edndole y todos estaban en conocimiento que ten\u00eda este tipo de problemas porque manten\u00eda un marcapasos\u201d.<br \/>\nEl oficial inform\u00f3 que la causa de muerte ser\u00eda un traumatismo t\u00f3racoabdominal que deber\u00e1 ser cotejada tras la autopsia de rigor que practicar\u00e1 el Servicio M\u00e9dico Legal: \u201cLo tiene que establecer la autopsia del Servicio M\u00e9dico Legal si fue un paro card\u00edaco que lo hizo caer, pero la causa de muerte se la gener\u00f3 el otro tema lamentablemente\u201d.<br \/>\nGuti\u00e9rrez a\u00f1adi\u00f3 que, pese a que la v\u00edctima que registraba domicilio en Catemu, aplicaba pesticidas y que esto podr\u00eda tener alguna repercusi\u00f3n en su muerte, el oficial se refiri\u00f3 que no es un \u00e1rea de su especialidad y que deber\u00e1 ser ratificada bajo un test toxicol\u00f3gico en la autopsia. No obstante, replic\u00f3 que \u201ceste tipo de pesticidas se diluyen con agua y se pulverizan: es decir al salir a la atm\u00f3sfera estos qu\u00edmicos son inocuos y se pegan en el follaje, ahora si existe una exposici\u00f3n prolongada en el tiempo puede originar alg\u00fan tipo de patolog\u00eda vinculada que se determina a trav\u00e9s de ex\u00e1menes sangu\u00edneos que se les hace a los trabajadores que se exponen a este tipo de situaci\u00f3n. En este caso la persona estaba en un ambiente abierto y que podr\u00eda a los menos haberle causado una erupci\u00f3n cut\u00e1nea\u201d.<br \/>\n<strong>Pablo Salinas Sald\u00edas<\/strong><\/p>\n<figure id=\"attachment_75370\" aria-describedby=\"caption-attachment-75370\" style=\"width: 530px\" class=\"wp-caption alignleft\"><a href=\"http:\/\/www.eltrabajo.cl\/portal\/trabajador-de-51-anos-muere-aplastado-por-rueda-de-tractor-que-conducia\/medico-legal-3\/\" rel=\"attachment wp-att-75370\"><img data-recalc-dims=\"1\" loading=\"lazy\" decoding=\"async\" class=\"size-full wp-image-75370\" src=\"https:\/\/i0.wp.com\/www.eltrabajo.cl\/portal\/wp-content\/uploads\/2016\/11\/MEDICO-LEGAL.jpg?resize=530%2C349\" alt=\"El Servicio M\u00e9dico Legal levant\u00f3 el cuerpo del malogrado trabajador, en el fundo ubicado en el sector Las Palmas de Llay Llay la ma\u00f1ana de ayer mi\u00e9rcoles, para la pr\u00e1ctica de autopsia que confirme la causal de muerte.\" width=\"530\" height=\"349\" srcset=\"https:\/\/i0.wp.com\/eltrabajo.cl\/portal\/wp-content\/uploads\/2016\/11\/MEDICO-LEGAL.jpg?w=530&amp;ssl=1 530w, https:\/\/i0.wp.com\/eltrabajo.cl\/portal\/wp-content\/uploads\/2016\/11\/MEDICO-LEGAL.jpg?resize=200%2C132&amp;ssl=1 200w, https:\/\/i0.wp.com\/eltrabajo.cl\/portal\/wp-content\/uploads\/2016\/11\/MEDICO-LEGAL.jpg?resize=300%2C198&amp;ssl=1 300w, https:\/\/i0.wp.com\/eltrabajo.cl\/portal\/wp-content\/uploads\/2016\/11\/MEDICO-LEGAL.jpg?resize=228%2C150&amp;ssl=1 228w, https:\/\/i0.wp.com\/eltrabajo.cl\/portal\/wp-content\/uploads\/2016\/11\/MEDICO-LEGAL.jpg?resize=400%2C263&amp;ssl=1 400w\" sizes=\"auto, (max-width: 530px) 100vw, 530px\" \/><\/a><figcaption id=\"caption-attachment-75370\" class=\"wp-caption-text\">El Servicio M\u00e9dico Legal levant\u00f3 el cuerpo del malogrado trabajador, en el fundo ubicado en el sector Las Palmas de Llay Llay la ma\u00f1ana de ayer mi\u00e9rcoles, para la pr\u00e1ctica de autopsia que confirme la causal de muerte.<\/figcaption><\/figure>\n","protected":false},"excerpt":{"rendered":"<p>Dolencia card\u00edaca lo habr\u00eda desvanecido\u00a0cayendo bajo la m\u00e1quina en movimiento:\u00a0El tr\u00e1gico desenlace ocurri\u00f3 a primera hora de ayer mi\u00e9rcoles en la parcela 37 del sector Las Palmas de Llay Llay. La PDI&#8230;<\/p>\n","protected":false},"author":1,"featured_media":75370,"comment_status":"open","ping_status":"open","sticky":false,"template":"","format":"standard","meta":{"advanced_seo_description":"","jetpack_seo_html_title":"","jetpack_seo_noindex":false,"_jetpack_memberships_contains_paid_content":false,"footnotes":""},"categories":[21],"tags":[],"class_list":["post-75369","post","type-post","status-publish","format-standard","has-post-thumbnail","hentry","category-policial"],"jetpack_featured_media_url":"https:\/\/i0.wp.com\/eltrabajo.cl\/portal\/wp-content\/uploads\/2016\/11\/MEDICO-LEGAL.jpg?fit=530%2C349&ssl=1","jetpack_sharing_enabled":true,"jetpack_likes_enabled":true,"jetpack-related-posts":[],"_links":{"self":[{"href":"https:\/\/eltrabajo.cl\/portal\/wp-json\/wp\/v2\/posts\/75369","targetHints":{"allow":["GET"]}}],"collection":[{"href":"https:\/\/eltrabajo.cl\/portal\/wp-json\/wp\/v2\/posts"}],"about":[{"href":"https:\/\/eltrabajo.cl\/portal\/wp-json\/wp\/v2\/types\/post"}],"author":[{"embeddable":true,"href":"https:\/\/eltrabajo.cl\/portal\/wp-json\/wp\/v2\/users\/1"}],"replies":[{"embeddable":true,"href":"https:\/\/eltrabajo.cl\/portal\/wp-json\/wp\/v2\/comments?post=75369"}],"version-history":[{"count":0,"href":"https:\/\/eltrabajo.cl\/portal\/wp-json\/wp\/v2\/posts\/75369\/revisions"}],"wp:featuredmedia":[{"embeddable":true,"href":"https:\/\/eltrabajo.cl\/portal\/wp-json\/wp\/v2\/media\/75370"}],"wp:attachment":[{"href":"https:\/\/eltrabajo.cl\/portal\/wp-json\/wp\/v2\/media?parent=75369"}],"wp:term":[{"taxonomy":"category","embeddable":true,"href":"https:\/\/eltrabajo.cl\/portal\/wp-json\/wp\/v2\/categories?post=75369"},{"taxonomy":"post_tag","embeddable":true,"href":"https:\/\/eltrabajo.cl\/portal\/wp-json\/wp\/v2\/tags?post=75369"}],"curies":[{"name":"wp","href":"https:\/\/api.w.org\/{rel}","templated":true}]}}