{"id":75373,"date":"2016-11-18T08:33:04","date_gmt":"2016-11-18T11:33:04","guid":{"rendered":"http:\/\/www.eltrabajo.cl\/portal\/?p=75373"},"modified":"2016-11-18T08:33:04","modified_gmt":"2016-11-18T11:33:04","slug":"hoy-retoman-sus-funciones-normales-trabajadores-de-servicios-publicos","status":"publish","type":"post","link":"https:\/\/eltrabajo.cl\/portal\/hoy-retoman-sus-funciones-normales-trabajadores-de-servicios-publicos\/","title":{"rendered":"Hoy retoman sus funciones normales trabajadores de Servicios P\u00fablicos"},"content":{"rendered":"<ul>\n<li><strong><span style=\"color: #ff0000;\">Paralizaci\u00f3n termin\u00f3 ayer a las 20 horas:<\/span>\u00a0Finalmente el Gobierno no dio su brazo a torcer en el reajuste salarial, y se qued\u00f3 con el ofrecimiento de un 3.2 % para el a\u00f1o 2017, adem\u00e1s de un bono de t\u00e9rmino de conflicto de $114.000 para los trabajadores cuya remuneraci\u00f3n l\u00edquida, sea igual o inferior a 550 mil pesos.<\/strong><\/li>\n<\/ul>\n<p>Despu\u00e9s de casi 3 semanas de paralizaci\u00f3n de los Servicios P\u00fablicos, el \u2018gallito\u2019 que sostuvo la mesa directiva de los trabajadores con el Gobierno de la presidenta Michelle Bachelet, ha llegado a su fin y el brazo vencedor parece haber quedado del lado del Ejecutivo, ya que, finalmente el reajuste salarial para el a\u00f1o 2017, se mantuvo en un 3.2 %, guarismo que nunca satisfizo las demandas del gremio.<br \/>\nLos acuerdos en el art\u00edculo 1 del proyecto de Ley de Reajuste Salarial del Sector P\u00fablico, se\u00f1alan que \u201ca contar del 1 de diciembre de 2016, se realiza un reajuste general del 3.2% a las remuneraciones, asignaciones, beneficios y dem\u00e1s retribuciones en dinero, tales como: sueldos base, asignaci\u00f3n profesional; de zona, de fiscalizaci\u00f3n, municipal, de especialidades y otras similares; seg\u00fan la normativa que les sea aplicable a los trabajadores del sector p\u00fablico, tanto de la Administraci\u00f3n Civil del Estado, como el personal afecto a las escalas de remuneraciones del Congreso Nacional, de la Contralor\u00eda General de la Rep\u00fablica y dem\u00e1s instituciones fiscalizadoras, de las Municipalidades, de las Fuerzas Armadas, Carabineros de Chile, Polic\u00eda de Investigaciones, incluidos los profesionales regidos por la ley N\u00b0 15.076\u201d, describe el inciso.<br \/>\nAs\u00ed tambi\u00e9n, \u201cel Art\u00edculo 4 concede, por una sola vez, un bono especial a los funcionarios de los sectores establecidos en los art\u00edculos 2, 3, 5 y 6 de ley N\u00b0 20.883. El monto del bono es de $114.00 para los trabajadores cuya remuneraci\u00f3n l\u00edquida que le corresponda percibir en el mes de noviembre de 2016 sea igual o inferior a $550.000 y de $35.000 para aquellos trabajadores cuya remuneraci\u00f3n l\u00edquida supere tal cantidad y sea igual o inferior a $2.345.060 brutos de car\u00e1cter permanente, excluidas las bonificaciones, asignaciones o bonos asociados al desempe\u00f1o individual colectivo o institucional. Este bono se pagar\u00e1 dentro de los 30 d\u00edas siguientes al otorgamiento del reajuste que contempla esta iniciativa legal\u201d, detalla el proyecto de ley.<br \/>\nCasandra Gonz\u00e1lez, presidenta de la Federaci\u00f3n de Trabajadores de la Salud, Fenats Aconcagua, fue enf\u00e1tica en se\u00f1alar que existe total indignaci\u00f3n entre los trabajadores del sector p\u00fablico, ante la imposici\u00f3n que hizo el Gobierno ante un reajuste que consideran insuficiente.<br \/>\n\u201cSi partimos diciendo que el 3.2 % era miserable, hoy seguimos manteniendo lo mismo, los sueldo m\u00e1s bajos son los m\u00e1s perjudicados, en algunos casos ni siquiera alcanza un reajuste de 9 mil pesos (\u2026) la negociaci\u00f3n no fue con el acuerdo de los trabajadores, hace mucho tiempo en la historia que no pasaba esto\u201d, sentenci\u00f3 la dirigente.<br \/>\nDe acuerdo a lo manifestado por Gonz\u00e1lez, a partir de este instante se comienza a vivir un nuevo escenario en el pa\u00eds, ya que, \u201cvemos que hay una profunda crisis pol\u00edtica, sobre todo, ante el hecho que el Ministro tuvo que pedir a las personas de oposici\u00f3n, el apoyo para el reajuste porque no lo encontr\u00f3 en la Nueva Mayor\u00eda, as\u00ed que si interpretamos eso, hay una crisis para el Gobierno que con el tiempo se ha ido agudizando y hoy podemos ver que estamos frente al t\u00e9rmino de este proyecto que naci\u00f3 como la Nueva Mayor\u00eda\u201d, decreto Casandra.<br \/>\nDe todas formas, Gonz\u00e1lez dice que hay que sacar lecciones positivas de lo que represent\u00f3 el movimiento desplegado durante las \u00faltimas semanas, tiempo durante el cual, se rescat\u00f3 la importancia de estar organizados para defender los derechos que legitiman los trabajadores y manifest\u00f3 que \u201csi bien es cierto, se impuso el reajuste y no fue con nuestra voluntad, nos mantuvimos en nuestra posici\u00f3n\u201d, declar\u00f3 la presidenta de Fenats Aconcagua.<br \/>\nA su vez, Wladimir Tapia, presidente de la Confederaci\u00f3n Nacional de Trabajadores Municipales, Asemuch San Felipe, se refiri\u00f3 a la posibilidad que algunos trabajadores pudieran ser v\u00edctimas de descuentos, debido a los d\u00edas no trabajado y fue tajante al explicar que \u201ces lo que el Gobierno ha hecho constantemente contra los trabajadores, asustarlos, mantenerlos en un estado de una situaci\u00f3n distinta a lo que se refiere un movimiento sindical amparado por los convenios internacionales que el propio Gobierno ha firmado y que debe respetar, as\u00ed que nosotros nos mantenemos tranquilos ante esa situaci\u00f3n\u201d, estipul\u00f3 Tapia, sin descartar acciones legales, si es que estos descuentos llegan a materializarse.<br \/>\nFinalmente, respecto a la evaluaci\u00f3n que se hace desde el gremio, de este prolongado movimiento sindical, Tapia analiz\u00f3 que \u201cde alguna manera esto nos dignifica, en t\u00e9rminos de que nuestra lucha fue honesta, que nos dio fortaleza y que nos permiti\u00f3 unirnos fuertemente dentro del gremio del sector p\u00fablico\u201d, concluy\u00f3.<\/p>\n<figure id=\"attachment_75374\" aria-describedby=\"caption-attachment-75374\" style=\"width: 530px\" class=\"wp-caption alignleft\"><a href=\"http:\/\/www.eltrabajo.cl\/portal\/hoy-retoman-sus-funciones-normales-trabajadores-de-servicios-publicos\/casandra-gonzalez-wladimir-tapia\/\" rel=\"attachment wp-att-75374\"><img data-recalc-dims=\"1\" loading=\"lazy\" decoding=\"async\" class=\"size-full wp-image-75374\" src=\"https:\/\/i0.wp.com\/www.eltrabajo.cl\/portal\/wp-content\/uploads\/2016\/11\/CASANDRA-GONZALEZ-WLADIMIR-TAPIA.jpg?resize=530%2C350\" alt=\"Casandra Gonz\u00e1lez, presidenta Fenats Aconcagua. Wladimir Tapia, presidente Asemuch San Felipe.\" width=\"530\" height=\"350\" srcset=\"https:\/\/i0.wp.com\/eltrabajo.cl\/portal\/wp-content\/uploads\/2016\/11\/CASANDRA-GONZALEZ-WLADIMIR-TAPIA.jpg?w=530&amp;ssl=1 530w, https:\/\/i0.wp.com\/eltrabajo.cl\/portal\/wp-content\/uploads\/2016\/11\/CASANDRA-GONZALEZ-WLADIMIR-TAPIA.jpg?resize=200%2C132&amp;ssl=1 200w, https:\/\/i0.wp.com\/eltrabajo.cl\/portal\/wp-content\/uploads\/2016\/11\/CASANDRA-GONZALEZ-WLADIMIR-TAPIA.jpg?resize=300%2C198&amp;ssl=1 300w, https:\/\/i0.wp.com\/eltrabajo.cl\/portal\/wp-content\/uploads\/2016\/11\/CASANDRA-GONZALEZ-WLADIMIR-TAPIA.jpg?resize=227%2C150&amp;ssl=1 227w, https:\/\/i0.wp.com\/eltrabajo.cl\/portal\/wp-content\/uploads\/2016\/11\/CASANDRA-GONZALEZ-WLADIMIR-TAPIA.jpg?resize=400%2C264&amp;ssl=1 400w\" sizes=\"auto, (max-width: 530px) 100vw, 530px\" \/><\/a><figcaption id=\"caption-attachment-75374\" class=\"wp-caption-text\">Casandra Gonz\u00e1lez, presidenta Fenats Aconcagua. Wladimir Tapia, presidente Asemuch San Felipe.<\/figcaption><\/figure>\n","protected":false},"excerpt":{"rendered":"<p>Paralizaci\u00f3n termin\u00f3 ayer a las 20 horas:\u00a0Finalmente el Gobierno no dio su brazo a torcer en el reajuste salarial, y se qued\u00f3 con el ofrecimiento de un 3.2 % para el a\u00f1o&#8230;<\/p>\n","protected":false},"author":1,"featured_media":75374,"comment_status":"open","ping_status":"open","sticky":false,"template":"","format":"standard","meta":{"advanced_seo_description":"","jetpack_seo_html_title":"","jetpack_seo_noindex":false,"_jetpack_memberships_contains_paid_content":false,"footnotes":""},"categories":[1],"tags":[],"class_list":["post-75373","post","type-post","status-publish","format-standard","has-post-thumbnail","hentry","category-cronica"],"jetpack_featured_media_url":"https:\/\/i0.wp.com\/eltrabajo.cl\/portal\/wp-content\/uploads\/2016\/11\/CASANDRA-GONZALEZ-WLADIMIR-TAPIA.jpg?fit=530%2C350&ssl=1","jetpack_sharing_enabled":true,"jetpack_likes_enabled":true,"jetpack-related-posts":[],"_links":{"self":[{"href":"https:\/\/eltrabajo.cl\/portal\/wp-json\/wp\/v2\/posts\/75373","targetHints":{"allow":["GET"]}}],"collection":[{"href":"https:\/\/eltrabajo.cl\/portal\/wp-json\/wp\/v2\/posts"}],"about":[{"href":"https:\/\/eltrabajo.cl\/portal\/wp-json\/wp\/v2\/types\/post"}],"author":[{"embeddable":true,"href":"https:\/\/eltrabajo.cl\/portal\/wp-json\/wp\/v2\/users\/1"}],"replies":[{"embeddable":true,"href":"https:\/\/eltrabajo.cl\/portal\/wp-json\/wp\/v2\/comments?post=75373"}],"version-history":[{"count":0,"href":"https:\/\/eltrabajo.cl\/portal\/wp-json\/wp\/v2\/posts\/75373\/revisions"}],"wp:featuredmedia":[{"embeddable":true,"href":"https:\/\/eltrabajo.cl\/portal\/wp-json\/wp\/v2\/media\/75374"}],"wp:attachment":[{"href":"https:\/\/eltrabajo.cl\/portal\/wp-json\/wp\/v2\/media?parent=75373"}],"wp:term":[{"taxonomy":"category","embeddable":true,"href":"https:\/\/eltrabajo.cl\/portal\/wp-json\/wp\/v2\/categories?post=75373"},{"taxonomy":"post_tag","embeddable":true,"href":"https:\/\/eltrabajo.cl\/portal\/wp-json\/wp\/v2\/tags?post=75373"}],"curies":[{"name":"wp","href":"https:\/\/api.w.org\/{rel}","templated":true}]}}