{"id":75377,"date":"2016-11-18T08:34:56","date_gmt":"2016-11-18T11:34:56","guid":{"rendered":"http:\/\/www.eltrabajo.cl\/portal\/?p=75377"},"modified":"2016-11-18T08:34:56","modified_gmt":"2016-11-18T11:34:56","slug":"reconocido-conductor-municipal-muere-esperando-una-operacion-al-corazon","status":"publish","type":"post","link":"https:\/\/eltrabajo.cl\/portal\/reconocido-conductor-municipal-muere-esperando-una-operacion-al-corazon\/","title":{"rendered":"Reconocido conductor municipal muere esperando una operaci\u00f3n al coraz\u00f3n"},"content":{"rendered":"<p>Pesar existe entre los funcionarios municipales de San Felipe, por la repentina muerte de su compa\u00f1ero de labores Neftal\u00ed Medina Balboa, 48 a\u00f1os, quien falleci\u00f3 este martes debido a problemas al coraz\u00f3n.<br \/>\nSeg\u00fan lo que pudimos averiguar, se encontraba a la espera de poder realizarse una operaci\u00f3n al coraz\u00f3n porque ten\u00eda algunas arterias bloqueadas, sin embargo falleci\u00f3 antes de realizarse esa importante intervenci\u00f3n quir\u00fargica.<br \/>\nNeftal\u00ed Medina Balboa, ingres\u00f3 a la Municipalidad de San Felipe, el 01 de Marzo del a\u00f1o 2007 como conductor.<br \/>\nActualmente conduc\u00eda el bus y camioneta municipal, en esta \u00faltima era com\u00fan verlo manejando.<br \/>\nDeja su viuda Egla Pulgar y cuatro hijos Hugo Alexis, Karina, Claudia y Cesia.<br \/>\nLa ma\u00f1ana de este martes la Directiva de la Asemuch San Felipe concurri\u00f3 hasta el lugar donde se velaban sus restos ubicado en el pasaje Interior Nro. 1018 Poblaci\u00f3n Benito Larra\u00f1aga, donde ayer jueves a eso de las 15:00 horas comenzar\u00edan sus funerales con una misa de servicio y posteriormente sus restos ser\u00edan trasladados hasta el Cementerio Municipal en El Almendral.<br \/>\n\u00abUna persona muy cooperadora, \u00edntegra, me toc\u00f3 muchas veces compartir jornadas laborales con \u00e9l, donde convers\u00e1bamos gratamente mientras efectu\u00e1bamos nuestras labores\u00bb, mencion\u00f3 Nelson Leiva Secretario de Asemuch.<\/p>\n<figure id=\"attachment_75378\" aria-describedby=\"caption-attachment-75378\" style=\"width: 530px\" class=\"wp-caption alignleft\"><a href=\"http:\/\/www.eltrabajo.cl\/portal\/reconocido-conductor-municipal-muere-esperando-una-operacion-al-corazon\/neftali-medina-balboa\/\" rel=\"attachment wp-att-75378\"><img data-recalc-dims=\"1\" loading=\"lazy\" decoding=\"async\" class=\"size-full wp-image-75378\" src=\"https:\/\/i0.wp.com\/www.eltrabajo.cl\/portal\/wp-content\/uploads\/2016\/11\/Neftali-Medina-Balboa.jpg?resize=530%2C350\" alt=\"Neftal\u00ed Medina Balboa funcionario fallecido a sus 48 a\u00f1os de edad.\" width=\"530\" height=\"350\" srcset=\"https:\/\/i0.wp.com\/eltrabajo.cl\/portal\/wp-content\/uploads\/2016\/11\/Neftali-Medina-Balboa.jpg?w=530&amp;ssl=1 530w, https:\/\/i0.wp.com\/eltrabajo.cl\/portal\/wp-content\/uploads\/2016\/11\/Neftali-Medina-Balboa.jpg?resize=200%2C132&amp;ssl=1 200w, https:\/\/i0.wp.com\/eltrabajo.cl\/portal\/wp-content\/uploads\/2016\/11\/Neftali-Medina-Balboa.jpg?resize=300%2C198&amp;ssl=1 300w, https:\/\/i0.wp.com\/eltrabajo.cl\/portal\/wp-content\/uploads\/2016\/11\/Neftali-Medina-Balboa.jpg?resize=227%2C150&amp;ssl=1 227w, https:\/\/i0.wp.com\/eltrabajo.cl\/portal\/wp-content\/uploads\/2016\/11\/Neftali-Medina-Balboa.jpg?resize=400%2C264&amp;ssl=1 400w\" sizes=\"auto, (max-width: 530px) 100vw, 530px\" \/><\/a><figcaption id=\"caption-attachment-75378\" class=\"wp-caption-text\">Neftal\u00ed Medina Balboa funcionario fallecido a sus 48 a\u00f1os de edad.<\/figcaption><\/figure>\n","protected":false},"excerpt":{"rendered":"<p>Pesar existe entre los funcionarios municipales de San Felipe, por la repentina muerte de su compa\u00f1ero de labores Neftal\u00ed Medina Balboa, 48 a\u00f1os, quien falleci\u00f3 este martes debido a problemas al coraz\u00f3n&#8230;.<\/p>\n","protected":false},"author":1,"featured_media":75378,"comment_status":"open","ping_status":"open","sticky":false,"template":"","format":"standard","meta":{"advanced_seo_description":"","jetpack_seo_html_title":"","jetpack_seo_noindex":false,"_jetpack_memberships_contains_paid_content":false,"footnotes":""},"categories":[15],"tags":[],"class_list":["post-75377","post","type-post","status-publish","format-standard","has-post-thumbnail","hentry","category-comunidad"],"jetpack_featured_media_url":"https:\/\/i0.wp.com\/eltrabajo.cl\/portal\/wp-content\/uploads\/2016\/11\/Neftali-Medina-Balboa.jpg?fit=530%2C350&ssl=1","jetpack_sharing_enabled":true,"jetpack_likes_enabled":true,"jetpack-related-posts":[],"_links":{"self":[{"href":"https:\/\/eltrabajo.cl\/portal\/wp-json\/wp\/v2\/posts\/75377","targetHints":{"allow":["GET"]}}],"collection":[{"href":"https:\/\/eltrabajo.cl\/portal\/wp-json\/wp\/v2\/posts"}],"about":[{"href":"https:\/\/eltrabajo.cl\/portal\/wp-json\/wp\/v2\/types\/post"}],"author":[{"embeddable":true,"href":"https:\/\/eltrabajo.cl\/portal\/wp-json\/wp\/v2\/users\/1"}],"replies":[{"embeddable":true,"href":"https:\/\/eltrabajo.cl\/portal\/wp-json\/wp\/v2\/comments?post=75377"}],"version-history":[{"count":0,"href":"https:\/\/eltrabajo.cl\/portal\/wp-json\/wp\/v2\/posts\/75377\/revisions"}],"wp:featuredmedia":[{"embeddable":true,"href":"https:\/\/eltrabajo.cl\/portal\/wp-json\/wp\/v2\/media\/75378"}],"wp:attachment":[{"href":"https:\/\/eltrabajo.cl\/portal\/wp-json\/wp\/v2\/media?parent=75377"}],"wp:term":[{"taxonomy":"category","embeddable":true,"href":"https:\/\/eltrabajo.cl\/portal\/wp-json\/wp\/v2\/categories?post=75377"},{"taxonomy":"post_tag","embeddable":true,"href":"https:\/\/eltrabajo.cl\/portal\/wp-json\/wp\/v2\/tags?post=75377"}],"curies":[{"name":"wp","href":"https:\/\/api.w.org\/{rel}","templated":true}]}}