{"id":75394,"date":"2016-11-18T08:44:10","date_gmt":"2016-11-18T11:44:10","guid":{"rendered":"http:\/\/www.eltrabajo.cl\/portal\/?p=75394"},"modified":"2016-11-18T08:44:10","modified_gmt":"2016-11-18T11:44:10","slug":"caen-presuntos-autores-de-millonario-robo-a-casa-de-dirigente-vecinal","status":"publish","type":"post","link":"https:\/\/eltrabajo.cl\/portal\/caen-presuntos-autores-de-millonario-robo-a-casa-de-dirigente-vecinal\/","title":{"rendered":"Caen presuntos autores de millonario robo a casa de dirigente vecinal"},"content":{"rendered":"<ul>\n<li><strong>\u2018El Keno\u2019 y un menor de 17 a\u00f1os detenidos por la SIP de Carabineros:<\/strong><\/li>\n<\/ul>\n<p>Diligencias investigativas a cargo de la Secci\u00f3n de Investigaci\u00f3n Policial SIP de Carabineros de San Felipe, permitieron la detenci\u00f3n de dos antisociales sindicados como presuntos autores del millonario robo de especies en la vivienda del presidente de la Junta Vecinos de Villa Argelia y del Consejo Vecinal de Desarrollo del Programa Quiero Mi barrio, que abarca las tres poblaciones: La Escuadra I y II y Villa Argelia de San Felipe, Rodrigo Llanos Collao.<br \/>\nLa detenci\u00f3n de los antisociales, identificados como Eugenio Barraza Barraza, alias \u2018El Keno\u2019, y el adolescente de 17 a\u00f1os de edad de iniciales J.L.S.Z. se efectu\u00f3 la tarde de este mi\u00e9rcoles por Carabineros en los respectivos domicilios de los imputados, tras una orden de captura en su contra emanada del Juzgado de Garant\u00eda de San Felipe.<br \/>\nComo se recordar\u00e1, el delito que se les imputa ocurri\u00f3 la madrugada del pasado 4 de noviembre de este a\u00f1o, alrededor de las 02:40 horas, en circunstancias que el dirigente vecinal se dirig\u00eda hasta su domicilio, observando a tres sujetos que sal\u00edan de su casa, quienes al percatarse de su presencia, escaparon hacia la Villa La Escuadra de San Felipe.<br \/>\nEn esos momentos, la v\u00edctima sigui\u00f3 a estos sujetos hasta llegar a uno de los domicilios, logrando reconocer a dos de ellos e intentando recuperar sus especies, tales como un televisor LED de 42 pulgadas, un notebook, dos mochilas, un computador, vestuario, perfumes, tel\u00e9fonos celulares entre otros, todos \u00e9stos avaluados en m\u00e1s de dos millones de pesos, sin obtener hasta la fecha resultados positivos.<br \/>\nEn una entrevista publicada en Diario El Trabajo el 7 de noviembre, el afectado confes\u00f3 conocer con anterioridad a los delincuentes por ser vecinos del sector, expresando su impotencia tras convertirse en v\u00edctima de la delincuencia, pese a su ardua labor como dirigente vecinal para el bien com\u00fan de todos los residentes.<br \/>\nNo obstante, tras las labores en el sitio del suceso y las investigaciones en contra de los acusados, la SIP de Carabineros captur\u00f3 a los dos imputados para ser derivados hasta el Juzgado de Garant\u00eda de San Felipe, la ma\u00f1ana de ayer jueves.<br \/>\nLa detenci\u00f3n de ambos sujetos fue controlada en este Tribunal bajo los cargos de Robo en lugar habitado. En este sentido, el menor de edad fue dejado en libertad, con prohibici\u00f3n de acercarse a la v\u00edctima y quedar sujeto a programas de reinserci\u00f3n social a cargo del Servicio Nacional de Menores, Sename, durante la investigaci\u00f3n.<br \/>\nEn tanto para Barraza Barraza, quien posee un amplio prontuario delictivo, la Fiscal\u00eda requiri\u00f3 ante el Tribunal la cautelar de prisi\u00f3n preventiva, por representar un serio peligro para la sociedad. Sin embargo, ser\u00e1 la Corte de Apelaciones de Valpara\u00edso quien resolver\u00e1 aplicar o desestimar dicha cautelar, tras una apelaci\u00f3n verbal que concretara el Ministerio P\u00fablico, mientras el imputado qued\u00f3 bajo custodia de Gendarmer\u00eda.<br \/>\n<strong>Pablo Salinas Sald\u00edas<\/strong><\/p>\n<figure id=\"attachment_75395\" aria-describedby=\"caption-attachment-75395\" style=\"width: 530px\" class=\"wp-caption alignleft\"><a href=\"http:\/\/www.eltrabajo.cl\/portal\/caen-presuntos-autores-de-millonario-robo-a-casa-de-dirigente-vecinal\/eugenio-barraza-barraza\/\" rel=\"attachment wp-att-75395\"><img data-recalc-dims=\"1\" loading=\"lazy\" decoding=\"async\" class=\"size-full wp-image-75395\" src=\"https:\/\/i0.wp.com\/www.eltrabajo.cl\/portal\/wp-content\/uploads\/2016\/11\/eugenio-barraza-barraza.jpg?resize=530%2C350\" alt=\"Eugenio Barraza Barraza alias \u2018El Keno\u2019, cuenta con un amplio prontuario delictivo.\" width=\"530\" height=\"350\" srcset=\"https:\/\/i0.wp.com\/eltrabajo.cl\/portal\/wp-content\/uploads\/2016\/11\/eugenio-barraza-barraza.jpg?w=530&amp;ssl=1 530w, https:\/\/i0.wp.com\/eltrabajo.cl\/portal\/wp-content\/uploads\/2016\/11\/eugenio-barraza-barraza.jpg?resize=200%2C132&amp;ssl=1 200w, https:\/\/i0.wp.com\/eltrabajo.cl\/portal\/wp-content\/uploads\/2016\/11\/eugenio-barraza-barraza.jpg?resize=300%2C198&amp;ssl=1 300w, https:\/\/i0.wp.com\/eltrabajo.cl\/portal\/wp-content\/uploads\/2016\/11\/eugenio-barraza-barraza.jpg?resize=227%2C150&amp;ssl=1 227w, https:\/\/i0.wp.com\/eltrabajo.cl\/portal\/wp-content\/uploads\/2016\/11\/eugenio-barraza-barraza.jpg?resize=400%2C264&amp;ssl=1 400w\" sizes=\"auto, (max-width: 530px) 100vw, 530px\" \/><\/a><figcaption id=\"caption-attachment-75395\" class=\"wp-caption-text\">Eugenio Barraza Barraza alias \u2018El Keno\u2019, cuenta con un amplio prontuario delictivo.<\/figcaption><\/figure>\n","protected":false},"excerpt":{"rendered":"<p>\u2018El Keno\u2019 y un menor de 17 a\u00f1os detenidos por la SIP de Carabineros: Diligencias investigativas a cargo de la Secci\u00f3n de Investigaci\u00f3n Policial SIP de Carabineros de San Felipe, permitieron la&#8230;<\/p>\n","protected":false},"author":1,"featured_media":75395,"comment_status":"open","ping_status":"open","sticky":false,"template":"","format":"standard","meta":{"advanced_seo_description":"","jetpack_seo_html_title":"","jetpack_seo_noindex":false,"_jetpack_memberships_contains_paid_content":false,"footnotes":""},"categories":[21],"tags":[],"class_list":["post-75394","post","type-post","status-publish","format-standard","has-post-thumbnail","hentry","category-policial"],"jetpack_featured_media_url":"https:\/\/i0.wp.com\/eltrabajo.cl\/portal\/wp-content\/uploads\/2016\/11\/eugenio-barraza-barraza.jpg?fit=530%2C350&ssl=1","jetpack_sharing_enabled":true,"jetpack_likes_enabled":true,"jetpack-related-posts":[],"_links":{"self":[{"href":"https:\/\/eltrabajo.cl\/portal\/wp-json\/wp\/v2\/posts\/75394","targetHints":{"allow":["GET"]}}],"collection":[{"href":"https:\/\/eltrabajo.cl\/portal\/wp-json\/wp\/v2\/posts"}],"about":[{"href":"https:\/\/eltrabajo.cl\/portal\/wp-json\/wp\/v2\/types\/post"}],"author":[{"embeddable":true,"href":"https:\/\/eltrabajo.cl\/portal\/wp-json\/wp\/v2\/users\/1"}],"replies":[{"embeddable":true,"href":"https:\/\/eltrabajo.cl\/portal\/wp-json\/wp\/v2\/comments?post=75394"}],"version-history":[{"count":0,"href":"https:\/\/eltrabajo.cl\/portal\/wp-json\/wp\/v2\/posts\/75394\/revisions"}],"wp:featuredmedia":[{"embeddable":true,"href":"https:\/\/eltrabajo.cl\/portal\/wp-json\/wp\/v2\/media\/75395"}],"wp:attachment":[{"href":"https:\/\/eltrabajo.cl\/portal\/wp-json\/wp\/v2\/media?parent=75394"}],"wp:term":[{"taxonomy":"category","embeddable":true,"href":"https:\/\/eltrabajo.cl\/portal\/wp-json\/wp\/v2\/categories?post=75394"},{"taxonomy":"post_tag","embeddable":true,"href":"https:\/\/eltrabajo.cl\/portal\/wp-json\/wp\/v2\/tags?post=75394"}],"curies":[{"name":"wp","href":"https:\/\/api.w.org\/{rel}","templated":true}]}}