{"id":75398,"date":"2016-11-18T08:47:00","date_gmt":"2016-11-18T11:47:00","guid":{"rendered":"http:\/\/www.eltrabajo.cl\/portal\/?p=75398"},"modified":"2016-11-18T08:47:01","modified_gmt":"2016-11-18T11:47:01","slug":"gigantesco-incendio-en-sector-el-sauce-provoco-apagon-en-aconcagua","status":"publish","type":"post","link":"https:\/\/eltrabajo.cl\/portal\/gigantesco-incendio-en-sector-el-sauce-provoco-apagon-en-aconcagua\/","title":{"rendered":"Gigantesco incendio en sector El Sauce provoc\u00f3 apag\u00f3n en Aconcagua"},"content":{"rendered":"<ul>\n<li><strong>Llamas de m\u00e1s de 15 metros de altura alcanzaron cables de alta tensi\u00f3n y provocaron la interrupci\u00f3n del suministro por casi una hora y media.<\/strong><\/li>\n<\/ul>\n<p><strong>LOS ANDES.-<\/strong> Un gigantesco incendio de pastizales que se registr\u00f3 en el sector El Sauce fue el causante del apag\u00f3n que afect\u00f3 a gran parte del Valle de Aconcagua, dejando solo en la provincia de Los Andes a unos 77 mil clientes sin energ\u00eda el\u00e9ctrica, a lo que deber\u00eda sumarse un n\u00famero m\u00e1s o menos similar en la provincia de San Felipe.<br \/>\nRespecto al incendio, el Comandante del Cuerpo de Bomberos de Los Andes, Johnny Arriaza Pueyes, indic\u00f3 que las llamas afectaron cerca de 10 hect\u00e1reas de pastizales y arbustos nativos, los que por momentos amenazaron con alcanzar viviendas.<br \/>\nProducto de las llamas que alcanzaron los 15 metros de altura , fueron afectados los cables de alta tensi\u00f3n, lo cual produjo la interrupci\u00f3n del suministro de energ\u00eda el\u00e9ctrica en casi todo el valle de Aconcagua.<br \/>\nEl comandante indic\u00f3 que el incendio present\u00f3 grandes dificultades debido a lo escarpado del terreno y al fuerte viento reinante en el sector que constantemente estaba cambiando de direcci\u00f3n.<br \/>\nEn un momento la situaci\u00f3n se torn\u00f3 bastante compleja por la falta de agua para poder abastecer los carros.<br \/>\n\u00abPor los fuertes vientos y cambio de direcci\u00f3n, hubo una propagaci\u00f3n bastante r\u00e1pida, donde hab\u00eda comprometida una infraestructura y tambi\u00e9n propag\u00e1ndose hacia los cerros\u00bb, indic\u00f3.<br \/>\nEl Comandante Arriaza precis\u00f3 que ante la magnitud del incendio debieron concurrir unidades de cinco compa\u00f1\u00edas de Los Andes, una de Rinconada y una de San Felipe, adem\u00e1s de establecer un puesto de mando In situ junto con Carabineros y en coordinaci\u00f3n con la gobernaci\u00f3n provincial y la Conaf.<br \/>\nAgreg\u00f3 que el control del siniestro se prolongar\u00eda por varia horas debido a que los carros se encuentran a orilla de carretera y los voluntarios debieron entrar de infanter\u00eda para combatir la parte frontal y lateral del incendio.<br \/>\nEl oficial dijo que las altas temperaturas crearon las condiciones propicias para el inicio del fuego.<\/p>\n<p><strong>Incendio en San Esteban<\/strong><br \/>\nEn tanto, hasta el cierre de esta edici\u00f3n se estaba produciendo tambi\u00e9n un incendio de pastizales, de proporciones a\u00fan mucho mayores, en el sector Las Bandurrias en la comuna de San Esteban, donde se encontraban trabajando bomberos de San Esteban, Santa Mar\u00eda, San Felipe y Los Andes.<br \/>\nA ra\u00edz de esta situaci\u00f3n, el Gobernador Provincial, Daniel Zamorano, indic\u00f3 que la provincia de Los Andes se encuentra en Alerta Roja a causa de estos dos incendios que en total afectan a m\u00e1s de 40 hect\u00e1reas.<br \/>\nLa autoridad dijo que en el caso del incendio de San Esteban, se encuentra cercano a un vertedero y un polvor\u00edn, raz\u00f3n por la cual se estaba coordinando con Conaf el env\u00edo de un avi\u00f3n.<br \/>\n\u00abCon los antecedentes primarios que tenemos, no hay personas evacuadas ni da\u00f1os en viviendas en ninguno de los dos incendios forestales y esperamos poder mantener controlada la situaci\u00f3n y controlar los focos lo antes posible\u00bb, se\u00f1al\u00f3.<\/p>\n<figure id=\"attachment_75399\" aria-describedby=\"caption-attachment-75399\" style=\"width: 530px\" class=\"wp-caption alignleft\"><a href=\"http:\/\/www.eltrabajo.cl\/portal\/gigantesco-incendio-en-sector-el-sauce-provoco-apagon-en-aconcagua\/incendio-causa-apagon1\/\" rel=\"attachment wp-att-75399\"><img data-recalc-dims=\"1\" loading=\"lazy\" decoding=\"async\" class=\"size-full wp-image-75399\" src=\"https:\/\/i0.wp.com\/www.eltrabajo.cl\/portal\/wp-content\/uploads\/2016\/11\/incendio-causa-apagon1.jpg?resize=530%2C350\" alt=\"Llamas de 15 metros de altura alcanzaron las torres de alta tensi\u00f3n causando apag\u00f3n que se extendi\u00f3 por hora y media.\" width=\"530\" height=\"350\" srcset=\"https:\/\/i0.wp.com\/eltrabajo.cl\/portal\/wp-content\/uploads\/2016\/11\/incendio-causa-apagon1.jpg?w=530&amp;ssl=1 530w, https:\/\/i0.wp.com\/eltrabajo.cl\/portal\/wp-content\/uploads\/2016\/11\/incendio-causa-apagon1.jpg?resize=200%2C132&amp;ssl=1 200w, https:\/\/i0.wp.com\/eltrabajo.cl\/portal\/wp-content\/uploads\/2016\/11\/incendio-causa-apagon1.jpg?resize=300%2C198&amp;ssl=1 300w, https:\/\/i0.wp.com\/eltrabajo.cl\/portal\/wp-content\/uploads\/2016\/11\/incendio-causa-apagon1.jpg?resize=227%2C150&amp;ssl=1 227w, https:\/\/i0.wp.com\/eltrabajo.cl\/portal\/wp-content\/uploads\/2016\/11\/incendio-causa-apagon1.jpg?resize=400%2C264&amp;ssl=1 400w\" sizes=\"auto, (max-width: 530px) 100vw, 530px\" \/><\/a><figcaption id=\"caption-attachment-75399\" class=\"wp-caption-text\">Llamas de 15 metros de altura alcanzaron las torres de alta tensi\u00f3n causando apag\u00f3n que se extendi\u00f3 por hora y media.<\/figcaption><\/figure>\n<figure id=\"attachment_75400\" aria-describedby=\"caption-attachment-75400\" style=\"width: 530px\" class=\"wp-caption alignleft\"><a href=\"http:\/\/www.eltrabajo.cl\/portal\/gigantesco-incendio-en-sector-el-sauce-provoco-apagon-en-aconcagua\/incendio-causa-apagon2\/\" rel=\"attachment wp-att-75400\"><img data-recalc-dims=\"1\" loading=\"lazy\" decoding=\"async\" class=\"size-full wp-image-75400\" src=\"https:\/\/i0.wp.com\/www.eltrabajo.cl\/portal\/wp-content\/uploads\/2016\/11\/incendio-causa-apagon2.jpg?resize=530%2C350\" alt=\"El incendio de pastizales en sector El Sauce origin\u00f3 el corte de energ\u00eda el\u00e9ctrica en gran parte del valle de Aconcagua.\" width=\"530\" height=\"350\" srcset=\"https:\/\/i0.wp.com\/eltrabajo.cl\/portal\/wp-content\/uploads\/2016\/11\/incendio-causa-apagon2.jpg?w=530&amp;ssl=1 530w, https:\/\/i0.wp.com\/eltrabajo.cl\/portal\/wp-content\/uploads\/2016\/11\/incendio-causa-apagon2.jpg?resize=200%2C132&amp;ssl=1 200w, https:\/\/i0.wp.com\/eltrabajo.cl\/portal\/wp-content\/uploads\/2016\/11\/incendio-causa-apagon2.jpg?resize=300%2C198&amp;ssl=1 300w, https:\/\/i0.wp.com\/eltrabajo.cl\/portal\/wp-content\/uploads\/2016\/11\/incendio-causa-apagon2.jpg?resize=227%2C150&amp;ssl=1 227w, https:\/\/i0.wp.com\/eltrabajo.cl\/portal\/wp-content\/uploads\/2016\/11\/incendio-causa-apagon2.jpg?resize=400%2C264&amp;ssl=1 400w\" sizes=\"auto, (max-width: 530px) 100vw, 530px\" \/><\/a><figcaption id=\"caption-attachment-75400\" class=\"wp-caption-text\">El incendio de pastizales en sector El Sauce origin\u00f3 el corte de energ\u00eda el\u00e9ctrica en gran parte del valle de Aconcagua.<\/figcaption><\/figure>\n<figure id=\"attachment_75401\" aria-describedby=\"caption-attachment-75401\" style=\"width: 530px\" class=\"wp-caption alignleft\"><a href=\"http:\/\/www.eltrabajo.cl\/portal\/gigantesco-incendio-en-sector-el-sauce-provoco-apagon-en-aconcagua\/incendio-causa-apagon3\/\" rel=\"attachment wp-att-75401\"><img data-recalc-dims=\"1\" loading=\"lazy\" decoding=\"async\" class=\"size-full wp-image-75401\" src=\"https:\/\/i0.wp.com\/www.eltrabajo.cl\/portal\/wp-content\/uploads\/2016\/11\/incendio-causa-apagon3.jpg?resize=530%2C349\" alt=\"Bomberos debi\u00f3 entrar de infanter\u00eda para combatir el fuego (Fotos Los Andes Online).\" width=\"530\" height=\"349\" srcset=\"https:\/\/i0.wp.com\/eltrabajo.cl\/portal\/wp-content\/uploads\/2016\/11\/incendio-causa-apagon3.jpg?w=530&amp;ssl=1 530w, https:\/\/i0.wp.com\/eltrabajo.cl\/portal\/wp-content\/uploads\/2016\/11\/incendio-causa-apagon3.jpg?resize=200%2C132&amp;ssl=1 200w, https:\/\/i0.wp.com\/eltrabajo.cl\/portal\/wp-content\/uploads\/2016\/11\/incendio-causa-apagon3.jpg?resize=300%2C198&amp;ssl=1 300w, https:\/\/i0.wp.com\/eltrabajo.cl\/portal\/wp-content\/uploads\/2016\/11\/incendio-causa-apagon3.jpg?resize=228%2C150&amp;ssl=1 228w, https:\/\/i0.wp.com\/eltrabajo.cl\/portal\/wp-content\/uploads\/2016\/11\/incendio-causa-apagon3.jpg?resize=400%2C263&amp;ssl=1 400w\" sizes=\"auto, (max-width: 530px) 100vw, 530px\" \/><\/a><figcaption id=\"caption-attachment-75401\" class=\"wp-caption-text\">Bomberos debi\u00f3 entrar de infanter\u00eda para combatir el fuego (Fotos Los Andes Online).<\/figcaption><\/figure>\n","protected":false},"excerpt":{"rendered":"<p>Llamas de m\u00e1s de 15 metros de altura alcanzaron cables de alta tensi\u00f3n y provocaron la interrupci\u00f3n del suministro por casi una hora y media. LOS ANDES.- Un gigantesco incendio de pastizales&#8230;<\/p>\n","protected":false},"author":1,"featured_media":75401,"comment_status":"open","ping_status":"open","sticky":false,"template":"","format":"standard","meta":{"advanced_seo_description":"","jetpack_seo_html_title":"","jetpack_seo_noindex":false,"_jetpack_memberships_contains_paid_content":false,"footnotes":""},"categories":[21],"tags":[],"class_list":["post-75398","post","type-post","status-publish","format-standard","has-post-thumbnail","hentry","category-policial"],"jetpack_featured_media_url":"https:\/\/i0.wp.com\/eltrabajo.cl\/portal\/wp-content\/uploads\/2016\/11\/incendio-causa-apagon3.jpg?fit=530%2C349&ssl=1","jetpack_sharing_enabled":true,"jetpack_likes_enabled":true,"jetpack-related-posts":[],"_links":{"self":[{"href":"https:\/\/eltrabajo.cl\/portal\/wp-json\/wp\/v2\/posts\/75398","targetHints":{"allow":["GET"]}}],"collection":[{"href":"https:\/\/eltrabajo.cl\/portal\/wp-json\/wp\/v2\/posts"}],"about":[{"href":"https:\/\/eltrabajo.cl\/portal\/wp-json\/wp\/v2\/types\/post"}],"author":[{"embeddable":true,"href":"https:\/\/eltrabajo.cl\/portal\/wp-json\/wp\/v2\/users\/1"}],"replies":[{"embeddable":true,"href":"https:\/\/eltrabajo.cl\/portal\/wp-json\/wp\/v2\/comments?post=75398"}],"version-history":[{"count":0,"href":"https:\/\/eltrabajo.cl\/portal\/wp-json\/wp\/v2\/posts\/75398\/revisions"}],"wp:featuredmedia":[{"embeddable":true,"href":"https:\/\/eltrabajo.cl\/portal\/wp-json\/wp\/v2\/media\/75401"}],"wp:attachment":[{"href":"https:\/\/eltrabajo.cl\/portal\/wp-json\/wp\/v2\/media?parent=75398"}],"wp:term":[{"taxonomy":"category","embeddable":true,"href":"https:\/\/eltrabajo.cl\/portal\/wp-json\/wp\/v2\/categories?post=75398"},{"taxonomy":"post_tag","embeddable":true,"href":"https:\/\/eltrabajo.cl\/portal\/wp-json\/wp\/v2\/tags?post=75398"}],"curies":[{"name":"wp","href":"https:\/\/api.w.org\/{rel}","templated":true}]}}