{"id":75404,"date":"2016-11-18T08:49:03","date_gmt":"2016-11-18T11:49:03","guid":{"rendered":"http:\/\/www.eltrabajo.cl\/portal\/?p=75404"},"modified":"2016-11-18T08:49:03","modified_gmt":"2016-11-18T11:49:03","slug":"critican-a-inspectores-por-falta-de-vigilancia-tras-golpiza-a-nino-de-10-anos","status":"publish","type":"post","link":"https:\/\/eltrabajo.cl\/portal\/critican-a-inspectores-por-falta-de-vigilancia-tras-golpiza-a-nino-de-10-anos\/","title":{"rendered":"Critican a inspectores por falta de vigilancia tras golpiza a ni\u00f1o de 10 a\u00f1os"},"content":{"rendered":"<p>Una fuerte cr\u00edtica en contra de las autoridades del Liceo Bicentenario Cordillera, especialmente sus inspectores, formul\u00f3 una apoderada de dicho establecimiento, cuyo nieto de 10 a\u00f1os fuera golpeado por a lo menos cuatro alumnos mayores que lo patearon en el suelo, seg\u00fan se\u00f1ala la denunciante.<br \/>\nLa mujer, quien se identific\u00f3 como Mar\u00eda Pe\u00f1a Rojas, domiciliada en Villa Bernardo Cruz de San Felipe, se\u00f1al\u00f3 que la agresi\u00f3n se produjo el pasado mi\u00e9rcoles 16 de noviembre, alrededor de las 14 horas, cuando su nieto que cursa el quinto a\u00f1o b\u00e1sico en dicho colegio, se neg\u00f3 a prestar una pelota de f\u00fatbol a unos alumnos de un curso superior, cuatro de los cuales habr\u00edan decidido golpearlo, arroj\u00e1ndolo al suelo para luego propinarle patadas. Todo ello habr\u00eda ocurrido en el patio junto al gimnasio del establecimiento, sin que ning\u00fan inspector, profesor u otros alumnos hayan intervenido para defender al menor de la cobarde agresi\u00f3n.<br \/>\nAgrega la mujer que ella se enter\u00f3 gracias a una funcionaria del establecimiento que la conoce, quien le inform\u00f3 de lo ocurrido, dando cuenta ella a su vez al padre del menor que decidi\u00f3 ir a buscar al ni\u00f1o al colegio, encontr\u00e1ndose all\u00e1 con que le hab\u00edan confeccionado un documento, una \u2018p\u00f3liza de accidente\u2019, por si deseaba llevarlo \u00e9l al hospital, ya que el colegio no hizo nada por el menor.<br \/>\nFue la propia denunciante quien al llegar a casa despu\u00e9s de su trabajo, al ver a su nieto a\u00fan semi inconsciente, dormido, y con un enorme chich\u00f3n en su frente, decidi\u00f3 llevar al ni\u00f1o al hospital, donde le diagnosticaron contusiones causadas en accidente y le dieron algunas indicaciones pertinentes, como aplicar hielo en la zona contusa.<br \/>\nSu principal malestar, se\u00f1al\u00f3 Mar\u00eda Pe\u00f1a, es contra los inspectores del colegio, quienes se supone deber\u00edan estar vigilando a los ni\u00f1os en los recreos, pero lamentablemente nada de ello hacen y nunca est\u00e1n para evitar este tipo de abusos por parte de algunos alumnos.<br \/>\nAsimismo expres\u00f3 su malestar porque al dar cuenta de su descontento a las autoridades del colegio, se le manifest\u00f3 que no era posible tener un guarda espalda para el muchacho.<br \/>\nAyer en horas de la tarde, Diario El Trabajo intent\u00f3 comunicarse en reiteradas ocasiones con autoridades del establecimiento, sin lograr establecer comunicaci\u00f3n v\u00eda telef\u00f3nica. Asimismo, al cierre de la presente edici\u00f3n nos contactamos al celular personal del Director del Colegio Cordillera, Jorge Sep\u00falveda, lamentablemente sin obtener resultados positivos.<\/p>\n<figure id=\"attachment_75405\" aria-describedby=\"caption-attachment-75405\" style=\"width: 530px\" class=\"wp-caption alignleft\"><a href=\"http:\/\/www.eltrabajo.cl\/portal\/critican-a-inspectores-por-falta-de-vigilancia-tras-golpiza-a-nino-de-10-anos\/maria-pena-rojas\/\" rel=\"attachment wp-att-75405\"><img data-recalc-dims=\"1\" loading=\"lazy\" decoding=\"async\" class=\"size-full wp-image-75405\" src=\"https:\/\/i0.wp.com\/www.eltrabajo.cl\/portal\/wp-content\/uploads\/2016\/11\/maria-pe%C3%B1a-rojas.jpg?resize=530%2C350\" alt=\"La se\u00f1ora Mar\u00eda Pe\u00f1a Rojas, abuela del menor de 10 a\u00f1os que fue golpeado por cuatro alumnos mayores, critic\u00f3 duramente la labor de los inspectores del colegio que no hacen su trabajo.\" width=\"530\" height=\"350\" srcset=\"https:\/\/i0.wp.com\/eltrabajo.cl\/portal\/wp-content\/uploads\/2016\/11\/maria-pe%C3%B1a-rojas.jpg?w=530&amp;ssl=1 530w, https:\/\/i0.wp.com\/eltrabajo.cl\/portal\/wp-content\/uploads\/2016\/11\/maria-pe%C3%B1a-rojas.jpg?resize=200%2C132&amp;ssl=1 200w, https:\/\/i0.wp.com\/eltrabajo.cl\/portal\/wp-content\/uploads\/2016\/11\/maria-pe%C3%B1a-rojas.jpg?resize=300%2C198&amp;ssl=1 300w, https:\/\/i0.wp.com\/eltrabajo.cl\/portal\/wp-content\/uploads\/2016\/11\/maria-pe%C3%B1a-rojas.jpg?resize=227%2C150&amp;ssl=1 227w, https:\/\/i0.wp.com\/eltrabajo.cl\/portal\/wp-content\/uploads\/2016\/11\/maria-pe%C3%B1a-rojas.jpg?resize=400%2C264&amp;ssl=1 400w\" sizes=\"auto, (max-width: 530px) 100vw, 530px\" \/><\/a><figcaption id=\"caption-attachment-75405\" class=\"wp-caption-text\">La se\u00f1ora Mar\u00eda Pe\u00f1a Rojas, abuela del menor de 10 a\u00f1os que fue golpeado por cuatro alumnos mayores, critic\u00f3 duramente la labor de los inspectores del colegio que no hacen su trabajo.<\/figcaption><\/figure>\n<figure id=\"attachment_75406\" aria-describedby=\"caption-attachment-75406\" style=\"width: 530px\" class=\"wp-caption alignleft\"><a href=\"http:\/\/www.eltrabajo.cl\/portal\/critican-a-inspectores-por-falta-de-vigilancia-tras-golpiza-a-nino-de-10-anos\/nino-golpeado-colegio-cordillera\/\" rel=\"attachment wp-att-75406\"><img data-recalc-dims=\"1\" loading=\"lazy\" decoding=\"async\" class=\"size-full wp-image-75406\" src=\"https:\/\/i0.wp.com\/www.eltrabajo.cl\/portal\/wp-content\/uploads\/2016\/11\/ni%C3%B1o-golpeado-colegio-cordillera.jpg?resize=530%2C348\" alt=\"El peque\u00f1o result\u00f3 con un enorme hematoma en la frente, el cual hoy en d\u00eda lo tiene sin poder ir a clases y con miedo de regresar al colegio.\" width=\"530\" height=\"348\" srcset=\"https:\/\/i0.wp.com\/eltrabajo.cl\/portal\/wp-content\/uploads\/2016\/11\/ni%C3%B1o-golpeado-colegio-cordillera.jpg?w=530&amp;ssl=1 530w, https:\/\/i0.wp.com\/eltrabajo.cl\/portal\/wp-content\/uploads\/2016\/11\/ni%C3%B1o-golpeado-colegio-cordillera.jpg?resize=200%2C131&amp;ssl=1 200w, https:\/\/i0.wp.com\/eltrabajo.cl\/portal\/wp-content\/uploads\/2016\/11\/ni%C3%B1o-golpeado-colegio-cordillera.jpg?resize=300%2C197&amp;ssl=1 300w, https:\/\/i0.wp.com\/eltrabajo.cl\/portal\/wp-content\/uploads\/2016\/11\/ni%C3%B1o-golpeado-colegio-cordillera.jpg?resize=228%2C150&amp;ssl=1 228w, https:\/\/i0.wp.com\/eltrabajo.cl\/portal\/wp-content\/uploads\/2016\/11\/ni%C3%B1o-golpeado-colegio-cordillera.jpg?resize=400%2C263&amp;ssl=1 400w\" sizes=\"auto, (max-width: 530px) 100vw, 530px\" \/><\/a><figcaption id=\"caption-attachment-75406\" class=\"wp-caption-text\">El peque\u00f1o result\u00f3 con un enorme hematoma en la frente, el cual hoy en d\u00eda lo tiene sin poder ir a clases y con miedo de regresar al colegio.<\/figcaption><\/figure>\n","protected":false},"excerpt":{"rendered":"<p>Una fuerte cr\u00edtica en contra de las autoridades del Liceo Bicentenario Cordillera, especialmente sus inspectores, formul\u00f3 una apoderada de dicho establecimiento, cuyo nieto de 10 a\u00f1os fuera golpeado por a lo menos&#8230;<\/p>\n","protected":false},"author":1,"featured_media":75406,"comment_status":"open","ping_status":"open","sticky":false,"template":"","format":"standard","meta":{"advanced_seo_description":"","jetpack_seo_html_title":"","jetpack_seo_noindex":false,"_jetpack_memberships_contains_paid_content":false,"footnotes":""},"categories":[15],"tags":[],"class_list":["post-75404","post","type-post","status-publish","format-standard","has-post-thumbnail","hentry","category-comunidad"],"jetpack_featured_media_url":"https:\/\/i0.wp.com\/eltrabajo.cl\/portal\/wp-content\/uploads\/2016\/11\/ni%C3%B1o-golpeado-colegio-cordillera.jpg?fit=530%2C348&ssl=1","jetpack_sharing_enabled":true,"jetpack_likes_enabled":true,"jetpack-related-posts":[],"_links":{"self":[{"href":"https:\/\/eltrabajo.cl\/portal\/wp-json\/wp\/v2\/posts\/75404","targetHints":{"allow":["GET"]}}],"collection":[{"href":"https:\/\/eltrabajo.cl\/portal\/wp-json\/wp\/v2\/posts"}],"about":[{"href":"https:\/\/eltrabajo.cl\/portal\/wp-json\/wp\/v2\/types\/post"}],"author":[{"embeddable":true,"href":"https:\/\/eltrabajo.cl\/portal\/wp-json\/wp\/v2\/users\/1"}],"replies":[{"embeddable":true,"href":"https:\/\/eltrabajo.cl\/portal\/wp-json\/wp\/v2\/comments?post=75404"}],"version-history":[{"count":0,"href":"https:\/\/eltrabajo.cl\/portal\/wp-json\/wp\/v2\/posts\/75404\/revisions"}],"wp:featuredmedia":[{"embeddable":true,"href":"https:\/\/eltrabajo.cl\/portal\/wp-json\/wp\/v2\/media\/75406"}],"wp:attachment":[{"href":"https:\/\/eltrabajo.cl\/portal\/wp-json\/wp\/v2\/media?parent=75404"}],"wp:term":[{"taxonomy":"category","embeddable":true,"href":"https:\/\/eltrabajo.cl\/portal\/wp-json\/wp\/v2\/categories?post=75404"},{"taxonomy":"post_tag","embeddable":true,"href":"https:\/\/eltrabajo.cl\/portal\/wp-json\/wp\/v2\/tags?post=75404"}],"curies":[{"name":"wp","href":"https:\/\/api.w.org\/{rel}","templated":true}]}}