{"id":75409,"date":"2016-11-18T08:51:28","date_gmt":"2016-11-18T11:51:28","guid":{"rendered":"http:\/\/www.eltrabajo.cl\/portal\/?p=75409"},"modified":"2016-11-18T08:51:28","modified_gmt":"2016-11-18T11:51:28","slug":"ciclista-de-42-anos-muere-tras-ser-colisionado-por-camion-en-catemu","status":"publish","type":"post","link":"https:\/\/eltrabajo.cl\/portal\/ciclista-de-42-anos-muere-tras-ser-colisionado-por-camion-en-catemu\/","title":{"rendered":"Ciclista de 42 a\u00f1os muere tras ser colisionado por cami\u00f3n en Catemu"},"content":{"rendered":"<ul>\n<li><strong><span style=\"color: #ff0000;\">Siat de Carabineros investiga el accidente de tr\u00e1nsito:<\/span>\u00a0La tragedia ocurri\u00f3 cerca de las 21:00 horas de este mi\u00e9rcoles, en el sector El Array\u00e1n de Catemu.<\/strong><\/li>\n<\/ul>\n<p>Un ciclista de 42 a\u00f1os de edad, identificado como Rodrigo Castro Malhue, falleci\u00f3 de manera instant\u00e1nea tras haber sido colisionado por un cami\u00f3n que trasportaba paltas en el kil\u00f3metro 2120 del sector El Array\u00e1n de Catemu, alrededor de las 21:00 horas de este mi\u00e9rcoles.<br \/>\nEl accidente de tr\u00e1nsito se mantiene en investigaci\u00f3n por parte de la Siat de Carabineros y de acuerdo a los primeros antecedentes en el sitio del suceso, se\u00f1alan que el conductor del cami\u00f3n marca Mercedes Benz, placa patente LW 63-61, de iniciales A.E.H.S. de 54 a\u00f1os de edad, circulaba por dicho sector, impactando por la parte posterior al ciclista, quien habr\u00eda realizado una mala maniobra, sali\u00e9ndose de la berma hacia la calzada sin lograr evitar colisionarlo.<br \/>\nA ra\u00edz del fuerte impacto, el ciclista se habr\u00eda estrellado contra la rueda de repuesto del cami\u00f3n, tras una maniobra de giro de \u00e9ste \u00faltimo para evitar embestirlo. Sin embargo, el conductor del veh\u00edculo de dos ruedas result\u00f3 con m\u00faltiples lesiones, falleciendo a los pocos minutos, siendo confirmado por personal del Samu que concurri\u00f3 al accidente.<br \/>\nAsimismo, Carabineros adopt\u00f3 el procedimiento de rigor sosteniendo que el conductor del cami\u00f3n circulaba en normal estado de temperancia alcoh\u00f3lica, quedando citado a la Fiscal\u00eda por su participaci\u00f3n en los hechos.<br \/>\nRodrigo Castro Malhue, v\u00edctima de este lamentable accidente, era conocido y muy querido en el sector de El Array\u00e1n en la comuna de Catemu, participaba en la liga de f\u00fatbol de San Carlos de esta localidad.<br \/>\n<strong>Pablo Salinas Sald\u00edas<\/strong><\/p>\n<figure id=\"attachment_75410\" aria-describedby=\"caption-attachment-75410\" style=\"width: 530px\" class=\"wp-caption alignleft\"><a href=\"http:\/\/www.eltrabajo.cl\/portal\/ciclista-de-42-anos-muere-tras-ser-colisionado-por-camion-en-catemu\/ciclista-muerto\/\" rel=\"attachment wp-att-75410\"><img data-recalc-dims=\"1\" loading=\"lazy\" decoding=\"async\" class=\"size-full wp-image-75410\" src=\"https:\/\/i0.wp.com\/www.eltrabajo.cl\/portal\/wp-content\/uploads\/2016\/11\/CICLISTA-MUERTO.jpg?resize=530%2C348\" alt=\"El lamentable accidente de tr\u00e1nsito tuvo como consecuencia la muerte de un ciclista de 42 a\u00f1os de edad domiciliado en el sector El Array\u00e1n de Catemu.\" width=\"530\" height=\"348\" srcset=\"https:\/\/i0.wp.com\/eltrabajo.cl\/portal\/wp-content\/uploads\/2016\/11\/CICLISTA-MUERTO.jpg?w=530&amp;ssl=1 530w, https:\/\/i0.wp.com\/eltrabajo.cl\/portal\/wp-content\/uploads\/2016\/11\/CICLISTA-MUERTO.jpg?resize=200%2C131&amp;ssl=1 200w, https:\/\/i0.wp.com\/eltrabajo.cl\/portal\/wp-content\/uploads\/2016\/11\/CICLISTA-MUERTO.jpg?resize=300%2C197&amp;ssl=1 300w, https:\/\/i0.wp.com\/eltrabajo.cl\/portal\/wp-content\/uploads\/2016\/11\/CICLISTA-MUERTO.jpg?resize=228%2C150&amp;ssl=1 228w, https:\/\/i0.wp.com\/eltrabajo.cl\/portal\/wp-content\/uploads\/2016\/11\/CICLISTA-MUERTO.jpg?resize=400%2C263&amp;ssl=1 400w\" sizes=\"auto, (max-width: 530px) 100vw, 530px\" \/><\/a><figcaption id=\"caption-attachment-75410\" class=\"wp-caption-text\">El lamentable accidente de tr\u00e1nsito tuvo como consecuencia la muerte de un ciclista de 42 a\u00f1os de edad domiciliado en el sector El Array\u00e1n de Catemu.<\/figcaption><\/figure>\n<figure id=\"attachment_75411\" aria-describedby=\"caption-attachment-75411\" style=\"width: 530px\" class=\"wp-caption alignleft\"><a href=\"http:\/\/www.eltrabajo.cl\/portal\/ciclista-de-42-anos-muere-tras-ser-colisionado-por-camion-en-catemu\/rodrigo-castro-malhue\/\" rel=\"attachment wp-att-75411\"><img data-recalc-dims=\"1\" loading=\"lazy\" decoding=\"async\" class=\"size-full wp-image-75411\" src=\"https:\/\/i0.wp.com\/www.eltrabajo.cl\/portal\/wp-content\/uploads\/2016\/11\/RODRIGO-CASTRO-MALHUE.jpg?resize=530%2C349\" alt=\"Rodrigo Castro Malhue era una persona muy querida en la comuna de Catemu, donde hoy lamentan su tr\u00e1gica partida.\" width=\"530\" height=\"349\" srcset=\"https:\/\/i0.wp.com\/eltrabajo.cl\/portal\/wp-content\/uploads\/2016\/11\/RODRIGO-CASTRO-MALHUE.jpg?w=530&amp;ssl=1 530w, https:\/\/i0.wp.com\/eltrabajo.cl\/portal\/wp-content\/uploads\/2016\/11\/RODRIGO-CASTRO-MALHUE.jpg?resize=200%2C132&amp;ssl=1 200w, https:\/\/i0.wp.com\/eltrabajo.cl\/portal\/wp-content\/uploads\/2016\/11\/RODRIGO-CASTRO-MALHUE.jpg?resize=300%2C198&amp;ssl=1 300w, https:\/\/i0.wp.com\/eltrabajo.cl\/portal\/wp-content\/uploads\/2016\/11\/RODRIGO-CASTRO-MALHUE.jpg?resize=228%2C150&amp;ssl=1 228w, https:\/\/i0.wp.com\/eltrabajo.cl\/portal\/wp-content\/uploads\/2016\/11\/RODRIGO-CASTRO-MALHUE.jpg?resize=400%2C263&amp;ssl=1 400w\" sizes=\"auto, (max-width: 530px) 100vw, 530px\" \/><\/a><figcaption id=\"caption-attachment-75411\" class=\"wp-caption-text\">Rodrigo Castro Malhue era una persona muy querida en la comuna de Catemu, donde hoy lamentan su tr\u00e1gica partida.<\/figcaption><\/figure>\n","protected":false},"excerpt":{"rendered":"<p>Siat de Carabineros investiga el accidente de tr\u00e1nsito:\u00a0La tragedia ocurri\u00f3 cerca de las 21:00 horas de este mi\u00e9rcoles, en el sector El Array\u00e1n de Catemu. Un ciclista de 42 a\u00f1os de edad,&#8230;<\/p>\n","protected":false},"author":1,"featured_media":75410,"comment_status":"open","ping_status":"open","sticky":false,"template":"","format":"standard","meta":{"advanced_seo_description":"","jetpack_seo_html_title":"","jetpack_seo_noindex":false,"_jetpack_memberships_contains_paid_content":false,"footnotes":""},"categories":[21],"tags":[],"class_list":["post-75409","post","type-post","status-publish","format-standard","has-post-thumbnail","hentry","category-policial"],"jetpack_featured_media_url":"https:\/\/i0.wp.com\/eltrabajo.cl\/portal\/wp-content\/uploads\/2016\/11\/CICLISTA-MUERTO.jpg?fit=530%2C348&ssl=1","jetpack_sharing_enabled":true,"jetpack_likes_enabled":true,"jetpack-related-posts":[],"_links":{"self":[{"href":"https:\/\/eltrabajo.cl\/portal\/wp-json\/wp\/v2\/posts\/75409","targetHints":{"allow":["GET"]}}],"collection":[{"href":"https:\/\/eltrabajo.cl\/portal\/wp-json\/wp\/v2\/posts"}],"about":[{"href":"https:\/\/eltrabajo.cl\/portal\/wp-json\/wp\/v2\/types\/post"}],"author":[{"embeddable":true,"href":"https:\/\/eltrabajo.cl\/portal\/wp-json\/wp\/v2\/users\/1"}],"replies":[{"embeddable":true,"href":"https:\/\/eltrabajo.cl\/portal\/wp-json\/wp\/v2\/comments?post=75409"}],"version-history":[{"count":0,"href":"https:\/\/eltrabajo.cl\/portal\/wp-json\/wp\/v2\/posts\/75409\/revisions"}],"wp:featuredmedia":[{"embeddable":true,"href":"https:\/\/eltrabajo.cl\/portal\/wp-json\/wp\/v2\/media\/75410"}],"wp:attachment":[{"href":"https:\/\/eltrabajo.cl\/portal\/wp-json\/wp\/v2\/media?parent=75409"}],"wp:term":[{"taxonomy":"category","embeddable":true,"href":"https:\/\/eltrabajo.cl\/portal\/wp-json\/wp\/v2\/categories?post=75409"},{"taxonomy":"post_tag","embeddable":true,"href":"https:\/\/eltrabajo.cl\/portal\/wp-json\/wp\/v2\/tags?post=75409"}],"curies":[{"name":"wp","href":"https:\/\/api.w.org\/{rel}","templated":true}]}}