{"id":75414,"date":"2016-11-21T08:25:07","date_gmt":"2016-11-21T11:25:07","guid":{"rendered":"http:\/\/www.eltrabajo.cl\/portal\/?p=75414"},"modified":"2016-11-21T08:25:07","modified_gmt":"2016-11-21T11:25:07","slug":"desborde-de-canal-en-miraflores-causo-serios-trastornos-a-transeuntes","status":"publish","type":"post","link":"https:\/\/eltrabajo.cl\/portal\/desborde-de-canal-en-miraflores-causo-serios-trastornos-a-transeuntes\/","title":{"rendered":"Desborde de canal en Miraflores caus\u00f3 serios trastornos a transe\u00fantes"},"content":{"rendered":"<p>Como algo terrible, cotidiano, que les genera graves consecuencias y emplazando a las autoridades a tomar medidas serias para terminar de una vez por todas con el problema, se manifestaron algunas personas luego de ver como el desborde de un canal en calle Cherc\u00e1n Tapia, inundaba la avenida Miraflores, especialmente frente al Hospital San Camilo.<br \/>\nA parte de eso los peatones deben enfrentar muchas veces la imprudencia de los conductores de autom\u00f3viles que pasan a altas velocidades por el lugar, mojando a las personas.<br \/>\nCabe destacar que este problema de los desbordes de canales es un tema recurrente en la ciudad, donde es cotidiano ver calles inundadas en la ciudad principalmente por los desbordes de canales.<br \/>\nCl\u00e1sicos son los desbordes en O\u2019Higgins con Traslavi\u00f1a, en O\u2019Higgins con Yungay frente del supermercado Tottus, o en la rotonda del Liceo Mixto.<br \/>\nEn esta ocasi\u00f3n era impresionante como el agua bajaba por la avenida Miraflores hacia las canchas de tenis.<br \/>\nA ra\u00edz de lo descrito anteriormente, muchas personas no pod\u00edan cruzar, entre ella Patricia: \u00abMucho me cost\u00f3 cruzar, siempre me encuentro con este problema (\u2026) siempre, es desagradable porque la pueden hasta atropellar a uno al momento de cruzar la calle\u00bb, se\u00f1al\u00f3.<br \/>\n\u00abLo encuentro terrible, no hay por d\u00f3nde pasar, los autos llegan y pasan, no s\u00e9 cu\u00e1l ser\u00e1 el problema, tuve que pasar por el lomo de toro, y como paso por all\u00e1 si vengo con mi mam\u00e1, siempre pasa esto, siempre hay esta agua\u00bb, dice otra persona.<br \/>\n\u00abS\u00ed, nos cost\u00f3 bastante cruzar, hay que pasar por el barro, deber\u00edan preocuparse m\u00e1s, la mayor\u00eda de las veces que venimos a San Felipe est\u00e1n inundados, sobre todo la parte del Liceo Mixto. Encuentro que deber\u00eda haber m\u00e1s preocupaci\u00f3n en esto porque las autoridades pasan en auto y somos nosotros los que andamos en micro y los autos pasan moj\u00e1ndonos. A m\u00ed me han mojado cuando iba al gimnasio detr\u00e1s del Mixto y quedaba toda mojada\u00bb, dijo Guillermina.<\/p>\n<figure id=\"attachment_75415\" aria-describedby=\"caption-attachment-75415\" style=\"width: 530px\" class=\"wp-caption alignleft\"><a href=\"http:\/\/www.eltrabajo.cl\/portal\/desborde-de-canal-en-miraflores-causo-serios-trastornos-a-transeuntes\/desborde-3\/\" rel=\"attachment wp-att-75415\"><img data-recalc-dims=\"1\" loading=\"lazy\" decoding=\"async\" class=\"size-full wp-image-75415\" src=\"https:\/\/i0.wp.com\/www.eltrabajo.cl\/portal\/wp-content\/uploads\/2016\/11\/Desborde-3.jpg?resize=530%2C348\" alt=\"Como muestra la imagen gran cantidad de agua corriendo por Avenida Miraflores frente al Hospital San Camilo.\" width=\"530\" height=\"348\" srcset=\"https:\/\/i0.wp.com\/eltrabajo.cl\/portal\/wp-content\/uploads\/2016\/11\/Desborde-3.jpg?w=530&amp;ssl=1 530w, https:\/\/i0.wp.com\/eltrabajo.cl\/portal\/wp-content\/uploads\/2016\/11\/Desborde-3.jpg?resize=200%2C131&amp;ssl=1 200w, https:\/\/i0.wp.com\/eltrabajo.cl\/portal\/wp-content\/uploads\/2016\/11\/Desborde-3.jpg?resize=300%2C197&amp;ssl=1 300w, https:\/\/i0.wp.com\/eltrabajo.cl\/portal\/wp-content\/uploads\/2016\/11\/Desborde-3.jpg?resize=228%2C150&amp;ssl=1 228w, https:\/\/i0.wp.com\/eltrabajo.cl\/portal\/wp-content\/uploads\/2016\/11\/Desborde-3.jpg?resize=400%2C263&amp;ssl=1 400w\" sizes=\"auto, (max-width: 530px) 100vw, 530px\" \/><\/a><figcaption id=\"caption-attachment-75415\" class=\"wp-caption-text\">Como muestra la imagen gran cantidad de agua corriendo por Avenida Miraflores frente al Hospital San Camilo.<\/figcaption><\/figure>\n<figure id=\"attachment_75416\" aria-describedby=\"caption-attachment-75416\" style=\"width: 530px\" class=\"wp-caption alignleft\"><a href=\"http:\/\/www.eltrabajo.cl\/portal\/desborde-de-canal-en-miraflores-causo-serios-trastornos-a-transeuntes\/desborde-5\/\" rel=\"attachment wp-att-75416\"><img data-recalc-dims=\"1\" loading=\"lazy\" decoding=\"async\" class=\"size-full wp-image-75416\" src=\"https:\/\/i0.wp.com\/www.eltrabajo.cl\/portal\/wp-content\/uploads\/2016\/11\/Desborde-5.jpg?resize=530%2C350\" alt=\"El agua llega a la vereda por donde va transitando una mujer.\" width=\"530\" height=\"350\" srcset=\"https:\/\/i0.wp.com\/eltrabajo.cl\/portal\/wp-content\/uploads\/2016\/11\/Desborde-5.jpg?w=530&amp;ssl=1 530w, https:\/\/i0.wp.com\/eltrabajo.cl\/portal\/wp-content\/uploads\/2016\/11\/Desborde-5.jpg?resize=200%2C132&amp;ssl=1 200w, https:\/\/i0.wp.com\/eltrabajo.cl\/portal\/wp-content\/uploads\/2016\/11\/Desborde-5.jpg?resize=300%2C198&amp;ssl=1 300w, https:\/\/i0.wp.com\/eltrabajo.cl\/portal\/wp-content\/uploads\/2016\/11\/Desborde-5.jpg?resize=227%2C150&amp;ssl=1 227w, https:\/\/i0.wp.com\/eltrabajo.cl\/portal\/wp-content\/uploads\/2016\/11\/Desborde-5.jpg?resize=400%2C264&amp;ssl=1 400w\" sizes=\"auto, (max-width: 530px) 100vw, 530px\" \/><\/a><figcaption id=\"caption-attachment-75416\" class=\"wp-caption-text\">El agua llega a la vereda por donde va transitando una mujer.<\/figcaption><\/figure>\n<figure id=\"attachment_75417\" aria-describedby=\"caption-attachment-75417\" style=\"width: 530px\" class=\"wp-caption alignleft\"><a href=\"http:\/\/www.eltrabajo.cl\/portal\/desborde-de-canal-en-miraflores-causo-serios-trastornos-a-transeuntes\/desborde\/\" rel=\"attachment wp-att-75417\"><img data-recalc-dims=\"1\" loading=\"lazy\" decoding=\"async\" class=\"size-full wp-image-75417\" src=\"https:\/\/i0.wp.com\/www.eltrabajo.cl\/portal\/wp-content\/uploads\/2016\/11\/Desborde.jpg?resize=530%2C348\" alt=\"En la imagen se aprecia a dos personas cruzando la calle por sobre el lomo de toro.\" width=\"530\" height=\"348\" srcset=\"https:\/\/i0.wp.com\/eltrabajo.cl\/portal\/wp-content\/uploads\/2016\/11\/Desborde.jpg?w=530&amp;ssl=1 530w, https:\/\/i0.wp.com\/eltrabajo.cl\/portal\/wp-content\/uploads\/2016\/11\/Desborde.jpg?resize=200%2C131&amp;ssl=1 200w, https:\/\/i0.wp.com\/eltrabajo.cl\/portal\/wp-content\/uploads\/2016\/11\/Desborde.jpg?resize=300%2C197&amp;ssl=1 300w, https:\/\/i0.wp.com\/eltrabajo.cl\/portal\/wp-content\/uploads\/2016\/11\/Desborde.jpg?resize=228%2C150&amp;ssl=1 228w, https:\/\/i0.wp.com\/eltrabajo.cl\/portal\/wp-content\/uploads\/2016\/11\/Desborde.jpg?resize=400%2C263&amp;ssl=1 400w\" sizes=\"auto, (max-width: 530px) 100vw, 530px\" \/><\/a><figcaption id=\"caption-attachment-75417\" class=\"wp-caption-text\">En la imagen se aprecia a dos personas cruzando la calle por sobre el lomo de toro.<\/figcaption><\/figure>\n","protected":false},"excerpt":{"rendered":"<p>Como algo terrible, cotidiano, que les genera graves consecuencias y emplazando a las autoridades a tomar medidas serias para terminar de una vez por todas con el problema, se manifestaron algunas personas&#8230;<\/p>\n","protected":false},"author":1,"featured_media":75417,"comment_status":"open","ping_status":"open","sticky":false,"template":"","format":"standard","meta":{"advanced_seo_description":"","jetpack_seo_html_title":"","jetpack_seo_noindex":false,"_jetpack_memberships_contains_paid_content":false,"footnotes":""},"categories":[15],"tags":[],"class_list":["post-75414","post","type-post","status-publish","format-standard","has-post-thumbnail","hentry","category-comunidad"],"jetpack_featured_media_url":"https:\/\/i0.wp.com\/eltrabajo.cl\/portal\/wp-content\/uploads\/2016\/11\/Desborde.jpg?fit=530%2C348&ssl=1","jetpack_sharing_enabled":true,"jetpack_likes_enabled":true,"jetpack-related-posts":[],"_links":{"self":[{"href":"https:\/\/eltrabajo.cl\/portal\/wp-json\/wp\/v2\/posts\/75414","targetHints":{"allow":["GET"]}}],"collection":[{"href":"https:\/\/eltrabajo.cl\/portal\/wp-json\/wp\/v2\/posts"}],"about":[{"href":"https:\/\/eltrabajo.cl\/portal\/wp-json\/wp\/v2\/types\/post"}],"author":[{"embeddable":true,"href":"https:\/\/eltrabajo.cl\/portal\/wp-json\/wp\/v2\/users\/1"}],"replies":[{"embeddable":true,"href":"https:\/\/eltrabajo.cl\/portal\/wp-json\/wp\/v2\/comments?post=75414"}],"version-history":[{"count":0,"href":"https:\/\/eltrabajo.cl\/portal\/wp-json\/wp\/v2\/posts\/75414\/revisions"}],"wp:featuredmedia":[{"embeddable":true,"href":"https:\/\/eltrabajo.cl\/portal\/wp-json\/wp\/v2\/media\/75417"}],"wp:attachment":[{"href":"https:\/\/eltrabajo.cl\/portal\/wp-json\/wp\/v2\/media?parent=75414"}],"wp:term":[{"taxonomy":"category","embeddable":true,"href":"https:\/\/eltrabajo.cl\/portal\/wp-json\/wp\/v2\/categories?post=75414"},{"taxonomy":"post_tag","embeddable":true,"href":"https:\/\/eltrabajo.cl\/portal\/wp-json\/wp\/v2\/tags?post=75414"}],"curies":[{"name":"wp","href":"https:\/\/api.w.org\/{rel}","templated":true}]}}