{"id":75428,"date":"2016-11-21T08:31:33","date_gmt":"2016-11-21T11:31:33","guid":{"rendered":"http:\/\/www.eltrabajo.cl\/portal\/?p=75428"},"modified":"2016-11-21T08:31:33","modified_gmt":"2016-11-21T11:31:33","slug":"me-dejaron-empelotas-como-al-senor-salinas","status":"publish","type":"post","link":"https:\/\/eltrabajo.cl\/portal\/me-dejaron-empelotas-como-al-senor-salinas\/","title":{"rendered":"\u201cMe dejaron empelotas como al se\u00f1or Salinas\u201d"},"content":{"rendered":"<ul>\n<li><strong>Paulo Polanco, due\u00f1o de joyer\u00eda \u00d3nix tras millonario robo a su local:<\/strong><\/li>\n<\/ul>\n<p>\u201cMe dejaron empelotas como al se\u00f1or Salinas\u201d , dice haber quedado Paulo Polanco, due\u00f1o de la joyer\u00eda \u00d3nix , haciendo alusi\u00f3n a \u2018Lu\u00eds Salinas\u2019 propietario de \u2018Joyer\u00eda Acron\u2019 quien fuera por momentos s\u00edmbolo de las v\u00edctimas de la delincuencia en San Felipe.<br \/>\nLo anterior, luego de enterarse que la madrugada de este viernes delincuentes hab\u00edan entrado a su joyer\u00eda ubicada en calle Arturo Prat costado del Alondra, desvalij\u00e1ndola por completo llev\u00e1ndose consigo distintos productos que comercializaba.<br \/>\nLa esposa de Paulo, \u00c1ngela, dice que el robo debe haber ocurrido faltando unos veinte minutos para las cuatro de la ma\u00f1ana, \u201cnos avisaron a nosotros tip\u00edn (sic) cuatro un cuarto, cuatro y media de la ma\u00f1ana que nos hab\u00edan robado, supuestamente vieron a dos personas en bicicletas, est\u00e1 la escoba nom\u00e1s\u201d se\u00f1al\u00f3.<br \/>\nSobre la cantidad robada, dijo no saber exactamente pero es mucho dinero.<br \/>\nCont\u00f3 que es primera vez que le roban de noche, sin embargo de d\u00eda han sido varias veces.<br \/>\n\u201cSe hizo la denuncia en Carabineros, ahora s\u00f3lo nos queda esperar si se recupera algo (\u2026) pero es dif\u00edcil, si podemos llegar hasta estas personas ser\u00eda ideal, hay una sensaci\u00f3n de impotencia, son diez a\u00f1os de trabajo para que termine en esto (\u2026) te devasta completamente, no tenemos seguro, en definitiva es p\u00e9rdida total\u201d dice \u00c1ngela.<br \/>\nDebido a robos anteriores de los cuales fueron v\u00edctimas, decidieron blindar el vidrio, teniendo un espesor de 1,5 cent\u00edmetro.<br \/>\nSe presume que los sujetos forzaron la cortina, \u201cuna vez que lo hicieron la levantaron y de ah\u00ed rompieron el vidrio de la vitrina y al ver que no pudieron sacar mucho de la vitrina de adentro rompieron la puerta, entrando al interior donde destrozaron todo\u201d se\u00f1al\u00f3 la afectada.<br \/>\nPor su parte, un emocionado Paulo Polanco dijo \u201cla penetraron con un par de combos que le pegaron y no quedaron satisfecho que entraron por la puerta de vidrio que tambi\u00e9n la quebraron obviamente y nos dejaron sin nada (\u2026) se llevaron todo as\u00ed de simple (\u2026) me dejaron las vitrinas sin nada, peladas, me dejaron empelotas como al se\u00f1or Salinas, (due\u00f1o de joyer\u00eda Acron asaltada varias veces), es harta plata sacrificio m\u00e1s que nada (se emociona)\u201d se\u00f1al\u00f3.<\/p>\n<figure id=\"attachment_75429\" aria-describedby=\"caption-attachment-75429\" style=\"width: 530px\" class=\"wp-caption alignleft\"><a href=\"http:\/\/www.eltrabajo.cl\/portal\/me-dejaron-empelotas-como-al-senor-salinas\/joyeria\/\" rel=\"attachment wp-att-75429\"><img data-recalc-dims=\"1\" loading=\"lazy\" decoding=\"async\" class=\"size-full wp-image-75429\" src=\"https:\/\/i0.wp.com\/www.eltrabajo.cl\/portal\/wp-content\/uploads\/2016\/11\/Joyer%C3%ADa.jpg?resize=530%2C348\" alt=\"El vidrio de 1,5 de espesor que los delincuentes rompieron para entrar a la joyer\u00eda \u00d3nix.\" width=\"530\" height=\"348\" srcset=\"https:\/\/i0.wp.com\/eltrabajo.cl\/portal\/wp-content\/uploads\/2016\/11\/Joyer%C3%ADa.jpg?w=530&amp;ssl=1 530w, https:\/\/i0.wp.com\/eltrabajo.cl\/portal\/wp-content\/uploads\/2016\/11\/Joyer%C3%ADa.jpg?resize=200%2C131&amp;ssl=1 200w, https:\/\/i0.wp.com\/eltrabajo.cl\/portal\/wp-content\/uploads\/2016\/11\/Joyer%C3%ADa.jpg?resize=300%2C197&amp;ssl=1 300w, https:\/\/i0.wp.com\/eltrabajo.cl\/portal\/wp-content\/uploads\/2016\/11\/Joyer%C3%ADa.jpg?resize=228%2C150&amp;ssl=1 228w, https:\/\/i0.wp.com\/eltrabajo.cl\/portal\/wp-content\/uploads\/2016\/11\/Joyer%C3%ADa.jpg?resize=400%2C263&amp;ssl=1 400w\" sizes=\"auto, (max-width: 530px) 100vw, 530px\" \/><\/a><figcaption id=\"caption-attachment-75429\" class=\"wp-caption-text\">El vidrio de 1,5 de espesor que los delincuentes rompieron para entrar a la joyer\u00eda \u00d3nix.<\/figcaption><\/figure>\n<figure id=\"attachment_75430\" aria-describedby=\"caption-attachment-75430\" style=\"width: 530px\" class=\"wp-caption alignleft\"><a href=\"http:\/\/www.eltrabajo.cl\/portal\/me-dejaron-empelotas-como-al-senor-salinas\/vitrina\/\" rel=\"attachment wp-att-75430\"><img data-recalc-dims=\"1\" loading=\"lazy\" decoding=\"async\" class=\"size-full wp-image-75430\" src=\"https:\/\/i0.wp.com\/www.eltrabajo.cl\/portal\/wp-content\/uploads\/2016\/11\/Vitrina.jpg?resize=530%2C348\" alt=\"As\u00ed qued\u00f3 la vitrina tras romper los vidrios y llevarse todo. Foto: Joyer\u00eda\" width=\"530\" height=\"348\" srcset=\"https:\/\/i0.wp.com\/eltrabajo.cl\/portal\/wp-content\/uploads\/2016\/11\/Vitrina.jpg?w=530&amp;ssl=1 530w, https:\/\/i0.wp.com\/eltrabajo.cl\/portal\/wp-content\/uploads\/2016\/11\/Vitrina.jpg?resize=200%2C131&amp;ssl=1 200w, https:\/\/i0.wp.com\/eltrabajo.cl\/portal\/wp-content\/uploads\/2016\/11\/Vitrina.jpg?resize=300%2C197&amp;ssl=1 300w, https:\/\/i0.wp.com\/eltrabajo.cl\/portal\/wp-content\/uploads\/2016\/11\/Vitrina.jpg?resize=228%2C150&amp;ssl=1 228w, https:\/\/i0.wp.com\/eltrabajo.cl\/portal\/wp-content\/uploads\/2016\/11\/Vitrina.jpg?resize=400%2C263&amp;ssl=1 400w\" sizes=\"auto, (max-width: 530px) 100vw, 530px\" \/><\/a><figcaption id=\"caption-attachment-75430\" class=\"wp-caption-text\">As\u00ed qued\u00f3 la vitrina tras romper los vidrios y llevarse todo.<br \/>Foto: Joyer\u00eda<\/figcaption><\/figure>\n","protected":false},"excerpt":{"rendered":"<p>Paulo Polanco, due\u00f1o de joyer\u00eda \u00d3nix tras millonario robo a su local: \u201cMe dejaron empelotas como al se\u00f1or Salinas\u201d , dice haber quedado Paulo Polanco, due\u00f1o de la joyer\u00eda \u00d3nix , haciendo&#8230;<\/p>\n","protected":false},"author":1,"featured_media":75429,"comment_status":"open","ping_status":"open","sticky":false,"template":"","format":"standard","meta":{"advanced_seo_description":"","jetpack_seo_html_title":"","jetpack_seo_noindex":false,"_jetpack_memberships_contains_paid_content":false,"footnotes":""},"categories":[21],"tags":[],"class_list":["post-75428","post","type-post","status-publish","format-standard","has-post-thumbnail","hentry","category-policial"],"jetpack_featured_media_url":"https:\/\/i0.wp.com\/eltrabajo.cl\/portal\/wp-content\/uploads\/2016\/11\/Joyer%C3%ADa.jpg?fit=530%2C348&ssl=1","jetpack_sharing_enabled":true,"jetpack_likes_enabled":true,"jetpack-related-posts":[],"_links":{"self":[{"href":"https:\/\/eltrabajo.cl\/portal\/wp-json\/wp\/v2\/posts\/75428","targetHints":{"allow":["GET"]}}],"collection":[{"href":"https:\/\/eltrabajo.cl\/portal\/wp-json\/wp\/v2\/posts"}],"about":[{"href":"https:\/\/eltrabajo.cl\/portal\/wp-json\/wp\/v2\/types\/post"}],"author":[{"embeddable":true,"href":"https:\/\/eltrabajo.cl\/portal\/wp-json\/wp\/v2\/users\/1"}],"replies":[{"embeddable":true,"href":"https:\/\/eltrabajo.cl\/portal\/wp-json\/wp\/v2\/comments?post=75428"}],"version-history":[{"count":0,"href":"https:\/\/eltrabajo.cl\/portal\/wp-json\/wp\/v2\/posts\/75428\/revisions"}],"wp:featuredmedia":[{"embeddable":true,"href":"https:\/\/eltrabajo.cl\/portal\/wp-json\/wp\/v2\/media\/75429"}],"wp:attachment":[{"href":"https:\/\/eltrabajo.cl\/portal\/wp-json\/wp\/v2\/media?parent=75428"}],"wp:term":[{"taxonomy":"category","embeddable":true,"href":"https:\/\/eltrabajo.cl\/portal\/wp-json\/wp\/v2\/categories?post=75428"},{"taxonomy":"post_tag","embeddable":true,"href":"https:\/\/eltrabajo.cl\/portal\/wp-json\/wp\/v2\/tags?post=75428"}],"curies":[{"name":"wp","href":"https:\/\/api.w.org\/{rel}","templated":true}]}}