{"id":75433,"date":"2016-11-21T08:34:28","date_gmt":"2016-11-21T11:34:28","guid":{"rendered":"http:\/\/www.eltrabajo.cl\/portal\/?p=75433"},"modified":"2016-11-21T08:54:12","modified_gmt":"2016-11-21T11:54:12","slug":"un-muerto-y-tres-heridos-tras-fuerte-colision-entre-dos-vehiculos-en-ruta-60-ch","status":"publish","type":"post","link":"https:\/\/eltrabajo.cl\/portal\/un-muerto-y-tres-heridos-tras-fuerte-colision-entre-dos-vehiculos-en-ruta-60-ch\/","title":{"rendered":"Un muerto y tres heridos tras fuerte colisi\u00f3n entre dos veh\u00edculos en ruta 60"},"content":{"rendered":"<ul>\n<li><strong><span style=\"color: #ff0000;\">Paola Vergara Meneses ten\u00eda 34 a\u00f1os de edad:<\/span>\u00a0Conductor del veh\u00edculo Honda de color rojo, se encuentra grave en el hospital en calidad de detenido, a la espera de formalizaci\u00f3n. La Siat de Carabineros, investiga cu\u00e1l de los involucrados no respet\u00f3 la luz roja del sem\u00e1foro existente en el enlace.<\/strong><\/li>\n<\/ul>\n<p>Un muerto y tres personas heridas de gravedad, fue el resultado de un tr\u00e1gico accidente entre dos veh\u00edculos menores ocurrido en la ruta 60 CH, en el sector Tres Esquinas, donde se ubican los sem\u00e1foros en el enlace para ingresar hacia San Felipe, lugar donde falleci\u00f3 una mujer de 34 a\u00f1os de edad, identificada como Paola Vergara Meneses que iba a bordo de uno de los m\u00f3viles.<br \/>\nEl lamentable accidente ocurri\u00f3 la madrugada de ayer domingo, alrededor de las 03:10 horas, teniendo como protagonistas un veh\u00edculo Honda Prelude de color rojo y un autom\u00f3vil Chevrolet Corsa. A bordo del Honda se encontraba Paola Vergara y su esposo Miguel Toro Silva, que conduc\u00eda en direcci\u00f3n a su domicilio en Llay Llay, impactando frontalmente con el Corsa, conducido por Daniela Andrea Lazcano Leiva y su acompa\u00f1ante Mat\u00edas Ignacio Orellana Aguilera.<br \/>\nA ra\u00edz del fuerte impacto -como se presencia en las im\u00e1genes- todos los involucrados resultaron heridos de consideraci\u00f3n y con m\u00faltiples fracturas de car\u00e1cter grave, debiendo ser trasladados por el Samu hasta centros hospitalarios. Sin embargo, Paola Vergara Meneses no resisti\u00f3 el violento accidente, falleciendo a los pocos minutos.<br \/>\nEl jefe de la Siat de Carabineros, Capit\u00e1n Francisco Carre\u00f1o, inform\u00f3 a Diario El Trabajo que producida la emergencia se iniciaron las investigaciones para detallar las causas del accidente de tr\u00e1nsito, entre ellas si hubo o no presencia de alcohol adem\u00e1s si uno de los dos conductores no respet\u00f3 la luz roja del sem\u00e1foro en el sitio del suceso.<br \/>\n\u201cEs una colisi\u00f3n frontal entre dos veh\u00edculos, el autom\u00f3vil marca Honda se desplazaba desde oriente a poniente y el otro m\u00f3vil marca Chevrolet de poniente a oriente, ese \u00faltimo al llegar a los sem\u00e1foros realiz\u00f3 la maniobra de viraje hacia la izquierda, siendo impactado de frente por el veh\u00edculo Honda. Es materia de investigaci\u00f3n si este \u00faltimo veh\u00edculo no respet\u00f3 la luz roja del sem\u00e1foro, estamos requiriendo las grabaciones de las c\u00e1maras de una estaci\u00f3n de combustibles cercano al lugar y un colegio para determinar las causas del accidente. En el lugar falleci\u00f3 una mujer que abordaba uno de estos veh\u00edculos, junto a su esposo en estado grave quedando en calidad de detenido a la espera de formalizaci\u00f3n de cargos\u201d.<br \/>\nEl oficial agreg\u00f3 que en primera instancia, no se ha determinado la presencia de alcohol entre los conductores debido a que los protagonistas de este accidente se encuentran en estado grave, practic\u00e1ndoles la alcoholemia de rigor, cuyos resultados demorar\u00edan al menos un mes.<br \/>\n<strong>Pablo Salinas Sald\u00edas<\/strong><\/p>\n<figure id=\"attachment_75434\" aria-describedby=\"caption-attachment-75434\" style=\"width: 530px\" class=\"wp-caption alignleft\"><a href=\"http:\/\/www.eltrabajo.cl\/portal\/un-muerto-y-tres-heridos-tras-fuerte-colision-entre-dos-vehiculos-en-ruta-60-ch\/muerto-5\/\" rel=\"attachment wp-att-75434\"><img data-recalc-dims=\"1\" loading=\"lazy\" decoding=\"async\" class=\"size-full wp-image-75434\" src=\"https:\/\/i0.wp.com\/www.eltrabajo.cl\/portal\/wp-content\/uploads\/2016\/11\/MUERTO.jpg?resize=530%2C349\" alt=\"En el lugar falleci\u00f3 una mujer identificada como Paola Vergara Meneses de 34 a\u00f1os de edad domiciliada en la comuna de Llay Llay. (Fotograf\u00edas: @EmerVCordillera).\" width=\"530\" height=\"349\" srcset=\"https:\/\/i0.wp.com\/eltrabajo.cl\/portal\/wp-content\/uploads\/2016\/11\/MUERTO.jpg?w=530&amp;ssl=1 530w, https:\/\/i0.wp.com\/eltrabajo.cl\/portal\/wp-content\/uploads\/2016\/11\/MUERTO.jpg?resize=200%2C132&amp;ssl=1 200w, https:\/\/i0.wp.com\/eltrabajo.cl\/portal\/wp-content\/uploads\/2016\/11\/MUERTO.jpg?resize=300%2C198&amp;ssl=1 300w, https:\/\/i0.wp.com\/eltrabajo.cl\/portal\/wp-content\/uploads\/2016\/11\/MUERTO.jpg?resize=228%2C150&amp;ssl=1 228w, https:\/\/i0.wp.com\/eltrabajo.cl\/portal\/wp-content\/uploads\/2016\/11\/MUERTO.jpg?resize=400%2C263&amp;ssl=1 400w\" sizes=\"auto, (max-width: 530px) 100vw, 530px\" \/><\/a><figcaption id=\"caption-attachment-75434\" class=\"wp-caption-text\">En el lugar falleci\u00f3 una mujer identificada como Paola Vergara Meneses de 34 a\u00f1os de edad domiciliada en la comuna de Llay Llay. (Fotograf\u00edas: @EmerVCordillera).<\/figcaption><\/figure>\n<figure id=\"attachment_75435\" aria-describedby=\"caption-attachment-75435\" style=\"width: 530px\" class=\"wp-caption alignleft\"><a href=\"http:\/\/www.eltrabajo.cl\/portal\/un-muerto-y-tres-heridos-tras-fuerte-colision-entre-dos-vehiculos-en-ruta-60-ch\/vehiculo-chevrolet\/\" rel=\"attachment wp-att-75435\"><img data-recalc-dims=\"1\" loading=\"lazy\" decoding=\"async\" class=\"size-full wp-image-75435\" src=\"https:\/\/i0.wp.com\/www.eltrabajo.cl\/portal\/wp-content\/uploads\/2016\/11\/VEHICULO-CHEVROLET.jpg?resize=530%2C349\" alt=\"El veh\u00edculo marca Chevrolet conducido por Daniela Lazcano Leiva result\u00f3 con m\u00faltiples fracturas de gravedad junto a su acompa\u00f1ante. (Fotograf\u00edas: @EmerVCordillera).\" width=\"530\" height=\"349\" srcset=\"https:\/\/i0.wp.com\/eltrabajo.cl\/portal\/wp-content\/uploads\/2016\/11\/VEHICULO-CHEVROLET.jpg?w=530&amp;ssl=1 530w, https:\/\/i0.wp.com\/eltrabajo.cl\/portal\/wp-content\/uploads\/2016\/11\/VEHICULO-CHEVROLET.jpg?resize=200%2C132&amp;ssl=1 200w, https:\/\/i0.wp.com\/eltrabajo.cl\/portal\/wp-content\/uploads\/2016\/11\/VEHICULO-CHEVROLET.jpg?resize=300%2C198&amp;ssl=1 300w, https:\/\/i0.wp.com\/eltrabajo.cl\/portal\/wp-content\/uploads\/2016\/11\/VEHICULO-CHEVROLET.jpg?resize=228%2C150&amp;ssl=1 228w, https:\/\/i0.wp.com\/eltrabajo.cl\/portal\/wp-content\/uploads\/2016\/11\/VEHICULO-CHEVROLET.jpg?resize=400%2C263&amp;ssl=1 400w\" sizes=\"auto, (max-width: 530px) 100vw, 530px\" \/><\/a><figcaption id=\"caption-attachment-75435\" class=\"wp-caption-text\">El veh\u00edculo marca Chevrolet conducido por Daniela Lazcano Leiva result\u00f3 con m\u00faltiples fracturas de gravedad junto a su acompa\u00f1ante. (Fotograf\u00edas: @EmerVCordillera).<\/figcaption><\/figure>\n<figure id=\"attachment_75436\" aria-describedby=\"caption-attachment-75436\" style=\"width: 530px\" class=\"wp-caption alignleft\"><a href=\"http:\/\/www.eltrabajo.cl\/portal\/un-muerto-y-tres-heridos-tras-fuerte-colision-entre-dos-vehiculos-en-ruta-60-ch\/vehiculo-honda\/\" rel=\"attachment wp-att-75436\"><img data-recalc-dims=\"1\" loading=\"lazy\" decoding=\"async\" class=\"size-full wp-image-75436\" src=\"https:\/\/i0.wp.com\/www.eltrabajo.cl\/portal\/wp-content\/uploads\/2016\/11\/VEHICULO-HONDA.jpg?resize=530%2C349\" alt=\"El veh\u00edculo marca Honda conducido por Miguel Toro Silva, quien se encuentra en estado grave y en calidad de detenido. Lamentablemente su esposa Paola Vergara Meneses falleci\u00f3 v\u00edctima del fuerte impacto entre los m\u00f3viles. (Fotograf\u00edas: @EmerVCordillera).\" width=\"530\" height=\"349\" srcset=\"https:\/\/i0.wp.com\/eltrabajo.cl\/portal\/wp-content\/uploads\/2016\/11\/VEHICULO-HONDA.jpg?w=530&amp;ssl=1 530w, https:\/\/i0.wp.com\/eltrabajo.cl\/portal\/wp-content\/uploads\/2016\/11\/VEHICULO-HONDA.jpg?resize=200%2C132&amp;ssl=1 200w, https:\/\/i0.wp.com\/eltrabajo.cl\/portal\/wp-content\/uploads\/2016\/11\/VEHICULO-HONDA.jpg?resize=300%2C198&amp;ssl=1 300w, https:\/\/i0.wp.com\/eltrabajo.cl\/portal\/wp-content\/uploads\/2016\/11\/VEHICULO-HONDA.jpg?resize=228%2C150&amp;ssl=1 228w, https:\/\/i0.wp.com\/eltrabajo.cl\/portal\/wp-content\/uploads\/2016\/11\/VEHICULO-HONDA.jpg?resize=400%2C263&amp;ssl=1 400w\" sizes=\"auto, (max-width: 530px) 100vw, 530px\" \/><\/a><figcaption id=\"caption-attachment-75436\" class=\"wp-caption-text\">El veh\u00edculo marca Honda conducido por Miguel Toro Silva, quien se encuentra en estado grave y en calidad de detenido. Lamentablemente su esposa Paola Vergara Meneses falleci\u00f3 v\u00edctima del fuerte impacto entre los m\u00f3viles. (Fotograf\u00edas: @EmerVCordillera).<\/figcaption><\/figure>\n","protected":false},"excerpt":{"rendered":"<p>Paola Vergara Meneses ten\u00eda 34 a\u00f1os de edad:\u00a0Conductor del veh\u00edculo Honda de color rojo, se encuentra grave en el hospital en calidad de detenido, a la espera de formalizaci\u00f3n. La Siat de&#8230;<\/p>\n","protected":false},"author":1,"featured_media":75436,"comment_status":"open","ping_status":"open","sticky":false,"template":"","format":"standard","meta":{"advanced_seo_description":"","jetpack_seo_html_title":"","jetpack_seo_noindex":false,"_jetpack_memberships_contains_paid_content":false,"footnotes":""},"categories":[21],"tags":[],"class_list":["post-75433","post","type-post","status-publish","format-standard","has-post-thumbnail","hentry","category-policial"],"jetpack_featured_media_url":"https:\/\/i0.wp.com\/eltrabajo.cl\/portal\/wp-content\/uploads\/2016\/11\/VEHICULO-HONDA.jpg?fit=530%2C349&ssl=1","jetpack_sharing_enabled":true,"jetpack_likes_enabled":true,"jetpack-related-posts":[],"_links":{"self":[{"href":"https:\/\/eltrabajo.cl\/portal\/wp-json\/wp\/v2\/posts\/75433","targetHints":{"allow":["GET"]}}],"collection":[{"href":"https:\/\/eltrabajo.cl\/portal\/wp-json\/wp\/v2\/posts"}],"about":[{"href":"https:\/\/eltrabajo.cl\/portal\/wp-json\/wp\/v2\/types\/post"}],"author":[{"embeddable":true,"href":"https:\/\/eltrabajo.cl\/portal\/wp-json\/wp\/v2\/users\/1"}],"replies":[{"embeddable":true,"href":"https:\/\/eltrabajo.cl\/portal\/wp-json\/wp\/v2\/comments?post=75433"}],"version-history":[{"count":0,"href":"https:\/\/eltrabajo.cl\/portal\/wp-json\/wp\/v2\/posts\/75433\/revisions"}],"wp:featuredmedia":[{"embeddable":true,"href":"https:\/\/eltrabajo.cl\/portal\/wp-json\/wp\/v2\/media\/75436"}],"wp:attachment":[{"href":"https:\/\/eltrabajo.cl\/portal\/wp-json\/wp\/v2\/media?parent=75433"}],"wp:term":[{"taxonomy":"category","embeddable":true,"href":"https:\/\/eltrabajo.cl\/portal\/wp-json\/wp\/v2\/categories?post=75433"},{"taxonomy":"post_tag","embeddable":true,"href":"https:\/\/eltrabajo.cl\/portal\/wp-json\/wp\/v2\/tags?post=75433"}],"curies":[{"name":"wp","href":"https:\/\/api.w.org\/{rel}","templated":true}]}}