{"id":75440,"date":"2016-11-22T08:29:51","date_gmt":"2016-11-22T11:29:51","guid":{"rendered":"http:\/\/www.eltrabajo.cl\/portal\/?p=75440"},"modified":"2016-11-22T08:29:51","modified_gmt":"2016-11-22T11:29:51","slug":"supervisan-avance-obras-construccion-de-alcantarillado-san-rafael-curimon","status":"publish","type":"post","link":"https:\/\/eltrabajo.cl\/portal\/supervisan-avance-obras-construccion-de-alcantarillado-san-rafael-curimon\/","title":{"rendered":"Supervisan avance obras construcci\u00f3n de alcantarillado San Rafael-Curim\u00f3n"},"content":{"rendered":"<ul>\n<li><strong><span style=\"color: #ff0000;\">Representa una inversi\u00f3n de mil 300 millones de pesos:<\/span>\u00a0Alcalde (s) Patricio Gonz\u00e1lez comprometi\u00f3 medidas para mitigar el impacto de los trabajos que se est\u00e1n realizando para evitar molestias en la comunidad.<\/strong><\/li>\n<\/ul>\n<p>Una visita inspectiva a las obras de construcci\u00f3n del alcantarillado Curim\u00f3n &#8211; San Rafael, efectu\u00f3 el alcalde subrogante Patricio Gonz\u00e1lez, quien confirm\u00f3 que los trabajos, que se iniciaron en octubre en el sector Camino del Inca, ya registran un avance del 17%.<br \/>\nSe trata de un proyecto que si bien representa un enorme avance para los vecinos de este sector, ha generado un impacto su ejecuci\u00f3n, ocasionando m\u00e1s de alguna situaci\u00f3n de complejidad para la comunidad, por lo que el alcalde subrogante comprometi\u00f3 una serie de acciones para mitigar los efectos de la realizaci\u00f3n de estos trabajos.<br \/>\n\u201cEste es un proyecto muy importante para la comunidad y ha sido muy interesante venir en todas las instancias de participaci\u00f3n de los vecinos, porque los impactos son temas que hay que ir revisando, por eso estamos presentes adem\u00e1s de ver el avance de las obras, que van en un 17%, que estaba en el margen de lo que hab\u00edamos considerado, pensando que en abril-mayo del pr\u00f3ximo a\u00f1o podr\u00edamos estar terminando esta obra y acabamos de ver que el polvo en suspensi\u00f3n es un tema relevante, por eso vamos a pedir que vengan m\u00e1s veces los camiones aljibes para poder eliminar esta situaci\u00f3n\u201d, se\u00f1al\u00f3 la autoridad comunal.<br \/>\nEste es un anhelado proyecto para los vecinos de San Rafael y Curim\u00f3n, que tras un arduo trabajo con el municipio, lograron el desarrollo de esta iniciativa, que representa una inversi\u00f3n de mil 300 millones de pesos, correspondientes al Fondo Nacional de Desarrollo Regional.<\/p>\n<figure id=\"attachment_75442\" aria-describedby=\"caption-attachment-75442\" style=\"width: 530px\" class=\"wp-caption alignleft\"><a href=\"http:\/\/www.eltrabajo.cl\/portal\/supervisan-avance-obras-construccion-de-alcantarillado-san-rafael-curimon\/curimon\/\" rel=\"attachment wp-att-75442\"><img data-recalc-dims=\"1\" loading=\"lazy\" decoding=\"async\" class=\"size-full wp-image-75442\" src=\"https:\/\/i0.wp.com\/www.eltrabajo.cl\/portal\/wp-content\/uploads\/2016\/11\/CURIMON.jpg?resize=530%2C350\" alt=\"Una visita inspectiva a las obras de construcci\u00f3n del alcantarillado Curim\u00f3n - San Rafael, efectu\u00f3 el alcalde subrogante Patricio Gonz\u00e1lez.\" width=\"530\" height=\"350\" srcset=\"https:\/\/i0.wp.com\/eltrabajo.cl\/portal\/wp-content\/uploads\/2016\/11\/CURIMON.jpg?w=530&amp;ssl=1 530w, https:\/\/i0.wp.com\/eltrabajo.cl\/portal\/wp-content\/uploads\/2016\/11\/CURIMON.jpg?resize=200%2C132&amp;ssl=1 200w, https:\/\/i0.wp.com\/eltrabajo.cl\/portal\/wp-content\/uploads\/2016\/11\/CURIMON.jpg?resize=300%2C198&amp;ssl=1 300w, https:\/\/i0.wp.com\/eltrabajo.cl\/portal\/wp-content\/uploads\/2016\/11\/CURIMON.jpg?resize=227%2C150&amp;ssl=1 227w, https:\/\/i0.wp.com\/eltrabajo.cl\/portal\/wp-content\/uploads\/2016\/11\/CURIMON.jpg?resize=400%2C264&amp;ssl=1 400w\" sizes=\"auto, (max-width: 530px) 100vw, 530px\" \/><\/a><figcaption id=\"caption-attachment-75442\" class=\"wp-caption-text\">Una visita inspectiva a las obras de construcci\u00f3n del alcantarillado Curim\u00f3n &#8211; San Rafael, efectu\u00f3 el alcalde subrogante Patricio Gonz\u00e1lez.<\/figcaption><\/figure>\n","protected":false},"excerpt":{"rendered":"<p>Representa una inversi\u00f3n de mil 300 millones de pesos:\u00a0Alcalde (s) Patricio Gonz\u00e1lez comprometi\u00f3 medidas para mitigar el impacto de los trabajos que se est\u00e1n realizando para evitar molestias en la comunidad. Una&#8230;<\/p>\n","protected":false},"author":1,"featured_media":75442,"comment_status":"open","ping_status":"open","sticky":false,"template":"","format":"standard","meta":{"advanced_seo_description":"","jetpack_seo_html_title":"","jetpack_seo_noindex":false,"_jetpack_memberships_contains_paid_content":false,"footnotes":""},"categories":[1],"tags":[],"class_list":["post-75440","post","type-post","status-publish","format-standard","has-post-thumbnail","hentry","category-cronica"],"jetpack_featured_media_url":"https:\/\/i0.wp.com\/eltrabajo.cl\/portal\/wp-content\/uploads\/2016\/11\/CURIMON.jpg?fit=530%2C350&ssl=1","jetpack_sharing_enabled":true,"jetpack_likes_enabled":true,"jetpack-related-posts":[],"_links":{"self":[{"href":"https:\/\/eltrabajo.cl\/portal\/wp-json\/wp\/v2\/posts\/75440","targetHints":{"allow":["GET"]}}],"collection":[{"href":"https:\/\/eltrabajo.cl\/portal\/wp-json\/wp\/v2\/posts"}],"about":[{"href":"https:\/\/eltrabajo.cl\/portal\/wp-json\/wp\/v2\/types\/post"}],"author":[{"embeddable":true,"href":"https:\/\/eltrabajo.cl\/portal\/wp-json\/wp\/v2\/users\/1"}],"replies":[{"embeddable":true,"href":"https:\/\/eltrabajo.cl\/portal\/wp-json\/wp\/v2\/comments?post=75440"}],"version-history":[{"count":0,"href":"https:\/\/eltrabajo.cl\/portal\/wp-json\/wp\/v2\/posts\/75440\/revisions"}],"wp:featuredmedia":[{"embeddable":true,"href":"https:\/\/eltrabajo.cl\/portal\/wp-json\/wp\/v2\/media\/75442"}],"wp:attachment":[{"href":"https:\/\/eltrabajo.cl\/portal\/wp-json\/wp\/v2\/media?parent=75440"}],"wp:term":[{"taxonomy":"category","embeddable":true,"href":"https:\/\/eltrabajo.cl\/portal\/wp-json\/wp\/v2\/categories?post=75440"},{"taxonomy":"post_tag","embeddable":true,"href":"https:\/\/eltrabajo.cl\/portal\/wp-json\/wp\/v2\/tags?post=75440"}],"curies":[{"name":"wp","href":"https:\/\/api.w.org\/{rel}","templated":true}]}}