{"id":75445,"date":"2016-11-22T08:32:57","date_gmt":"2016-11-22T11:32:57","guid":{"rendered":"http:\/\/www.eltrabajo.cl\/portal\/?p=75445"},"modified":"2016-11-22T08:32:57","modified_gmt":"2016-11-22T11:32:57","slug":"continua-construccion-de-ciclovias-en-tramos-yungay-ohiggins-y-chacabuco","status":"publish","type":"post","link":"https:\/\/eltrabajo.cl\/portal\/continua-construccion-de-ciclovias-en-tramos-yungay-ohiggins-y-chacabuco\/","title":{"rendered":"Contin\u00faa construcci\u00f3n de ciclov\u00edas en tramos Yungay, O\u00b4Higgins y Chacabuco"},"content":{"rendered":"<p>Esta semana deber\u00edan comenzar los trabajos de construcci\u00f3n de los tramos que a\u00fan faltan en el proyecto de ciclov\u00edas, y que corresponden a las alamedas Yungay, Chacabuco y O\u00b4Higgins, de acuerdo a la informaci\u00f3n entregada por el Serviu a la Municipalidad de San Felipe durante la semana reci\u00e9n pasada.<br \/>\nEn la reuni\u00f3n t\u00e9cnica sostenida en el municipio sanfelipe\u00f1o, particip\u00f3 el secretario de Planificaci\u00f3n de San Felipe, Claudio Paredes, quien calific\u00f3 la instancia de trabajo como bastante positiva, ya que se pudieron establecer los plazos para el inicio de las obras de los tramos que faltan para culminar el proyecto y el municipio de San Felipe conoci\u00f3 las empresas que se adjudicaron las obras de construcci\u00f3n.<br \/>\n\u201cHemos concordado en conjunto con la Direcci\u00f3n de Obras, y la direcci\u00f3n de Transporte municipal c\u00f3mo trabajar coordinadamente en esta gran intervenci\u00f3n, que involucra un compromiso presidencial\u201d, dijo el profesional.<br \/>\nSeg\u00fan se\u00f1al\u00f3 Pareces adem\u00e1s, el alcalde Patricio Freire ha manifestado su inter\u00e9s de que este importante proyecto termine de ejecutarse el 2017.<br \/>\nEl proyecto se comenz\u00f3 a realizarse este a\u00f1o y ya cuenta con la construcci\u00f3n de ciclov\u00edas en la avenida Yungay, a lo que sumar\u00e1n el resto de las alamedas de la comuna, contabilizando un total de 9,7 kil\u00f3metros por distintos sectores de la comuna, y que significan una inversi\u00f3n cuatro mil millones de pesos en su totalidad.<\/p>\n<figure id=\"attachment_75446\" aria-describedby=\"caption-attachment-75446\" style=\"width: 530px\" class=\"wp-caption alignleft\"><a href=\"http:\/\/www.eltrabajo.cl\/portal\/continua-construccion-de-ciclovias-en-tramos-yungay-ohiggins-y-chacabuco\/ciclovias-5\/\" rel=\"attachment wp-att-75446\"><img data-recalc-dims=\"1\" loading=\"lazy\" decoding=\"async\" class=\"size-full wp-image-75446\" src=\"https:\/\/i0.wp.com\/www.eltrabajo.cl\/portal\/wp-content\/uploads\/2016\/11\/ciclov%C3%ADas.jpg?resize=530%2C350\" alt=\"Tramo de ciclov\u00edas que corresponden a las alamedas Yungay.\" width=\"530\" height=\"350\" srcset=\"https:\/\/i0.wp.com\/eltrabajo.cl\/portal\/wp-content\/uploads\/2016\/11\/ciclov%C3%ADas.jpg?w=530&amp;ssl=1 530w, https:\/\/i0.wp.com\/eltrabajo.cl\/portal\/wp-content\/uploads\/2016\/11\/ciclov%C3%ADas.jpg?resize=200%2C132&amp;ssl=1 200w, https:\/\/i0.wp.com\/eltrabajo.cl\/portal\/wp-content\/uploads\/2016\/11\/ciclov%C3%ADas.jpg?resize=300%2C198&amp;ssl=1 300w, https:\/\/i0.wp.com\/eltrabajo.cl\/portal\/wp-content\/uploads\/2016\/11\/ciclov%C3%ADas.jpg?resize=227%2C150&amp;ssl=1 227w, https:\/\/i0.wp.com\/eltrabajo.cl\/portal\/wp-content\/uploads\/2016\/11\/ciclov%C3%ADas.jpg?resize=400%2C264&amp;ssl=1 400w\" sizes=\"auto, (max-width: 530px) 100vw, 530px\" \/><\/a><figcaption id=\"caption-attachment-75446\" class=\"wp-caption-text\">Tramo de ciclov\u00edas que corresponden a las alamedas Yungay.<\/figcaption><\/figure>\n","protected":false},"excerpt":{"rendered":"<p>Esta semana deber\u00edan comenzar los trabajos de construcci\u00f3n de los tramos que a\u00fan faltan en el proyecto de ciclov\u00edas, y que corresponden a las alamedas Yungay, Chacabuco y O\u00b4Higgins, de acuerdo a&#8230;<\/p>\n","protected":false},"author":1,"featured_media":75446,"comment_status":"open","ping_status":"open","sticky":false,"template":"","format":"standard","meta":{"advanced_seo_description":"","jetpack_seo_html_title":"","jetpack_seo_noindex":false,"_jetpack_memberships_contains_paid_content":false,"footnotes":""},"categories":[1],"tags":[],"class_list":["post-75445","post","type-post","status-publish","format-standard","has-post-thumbnail","hentry","category-cronica"],"jetpack_featured_media_url":"https:\/\/i0.wp.com\/eltrabajo.cl\/portal\/wp-content\/uploads\/2016\/11\/ciclov%C3%ADas.jpg?fit=530%2C350&ssl=1","jetpack_sharing_enabled":true,"jetpack_likes_enabled":true,"jetpack-related-posts":[],"_links":{"self":[{"href":"https:\/\/eltrabajo.cl\/portal\/wp-json\/wp\/v2\/posts\/75445","targetHints":{"allow":["GET"]}}],"collection":[{"href":"https:\/\/eltrabajo.cl\/portal\/wp-json\/wp\/v2\/posts"}],"about":[{"href":"https:\/\/eltrabajo.cl\/portal\/wp-json\/wp\/v2\/types\/post"}],"author":[{"embeddable":true,"href":"https:\/\/eltrabajo.cl\/portal\/wp-json\/wp\/v2\/users\/1"}],"replies":[{"embeddable":true,"href":"https:\/\/eltrabajo.cl\/portal\/wp-json\/wp\/v2\/comments?post=75445"}],"version-history":[{"count":0,"href":"https:\/\/eltrabajo.cl\/portal\/wp-json\/wp\/v2\/posts\/75445\/revisions"}],"wp:featuredmedia":[{"embeddable":true,"href":"https:\/\/eltrabajo.cl\/portal\/wp-json\/wp\/v2\/media\/75446"}],"wp:attachment":[{"href":"https:\/\/eltrabajo.cl\/portal\/wp-json\/wp\/v2\/media?parent=75445"}],"wp:term":[{"taxonomy":"category","embeddable":true,"href":"https:\/\/eltrabajo.cl\/portal\/wp-json\/wp\/v2\/categories?post=75445"},{"taxonomy":"post_tag","embeddable":true,"href":"https:\/\/eltrabajo.cl\/portal\/wp-json\/wp\/v2\/tags?post=75445"}],"curies":[{"name":"wp","href":"https:\/\/api.w.org\/{rel}","templated":true}]}}