{"id":75449,"date":"2016-11-22T08:36:07","date_gmt":"2016-11-22T11:36:07","guid":{"rendered":"http:\/\/www.eltrabajo.cl\/portal\/?p=75449"},"modified":"2016-11-22T08:36:07","modified_gmt":"2016-11-22T11:36:07","slug":"nuevas-patrullas-dodge-principal-atraccion-en-expo-carabineros-aconcagua","status":"publish","type":"post","link":"https:\/\/eltrabajo.cl\/portal\/nuevas-patrullas-dodge-principal-atraccion-en-expo-carabineros-aconcagua\/","title":{"rendered":"Nuevas patrullas Dodge principal atracci\u00f3n en Expo Carabineros Aconcagua"},"content":{"rendered":"<ul>\n<li><strong>III versi\u00f3n se realiz\u00f3 en Plaza de Armas de San Felipe:<\/strong><\/li>\n<\/ul>\n<p>Las nuevas patrullas Dodge Durango y Dodge Charger de la polic\u00eda uniformada, se transformaron en las principales atracciones de la III versi\u00f3n de la \u2018Expo Carabineros Aconcagua 2016\u2019, que se realiz\u00f3 en la Plaza de Armas de San Felipe.<br \/>\nLa tecnolog\u00eda de punta de estos veh\u00edculos, que ya forman parte de la flota vehicular de la Prefectura Aconcagua, llamaron profundamente la atenci\u00f3n de los cientos de estudiantes y transe\u00fantes que visitaron la muestra.<br \/>\nEl evento, que cada a\u00f1o organiza el \u00c1rea de Difusi\u00f3n de la Oficina de Postulaciones Aconcagua, cont\u00f3 tambi\u00e9n con la participaci\u00f3n del OS7, la Secci\u00f3n de Investigaci\u00f3n de Accidentes de Tr\u00e1nsito, la Oficina de Integraci\u00f3n Comunitaria, la especialidad de Monta\u00f1a y una muestra del trabajo antidisturbios, que present\u00f3 la Tercera Comisar\u00eda Los Andes.<br \/>\nSeg\u00fan inform\u00f3 la organizaci\u00f3n, la Expo Carabineros Aconcagua se realiza con el objetivo de presentar a la comunidad, detalles del trabajo que realizan las distintas secciones y especialidades de la instituci\u00f3n, en sus labores de prevenci\u00f3n y control del orden p\u00fablico.<\/p>\n<figure id=\"attachment_75450\" aria-describedby=\"caption-attachment-75450\" style=\"width: 530px\" class=\"wp-caption alignleft\"><a href=\"http:\/\/www.eltrabajo.cl\/portal\/nuevas-patrullas-dodge-principal-atraccion-en-expo-carabineros-aconcagua\/expo-carabineros-aconcagua-comp3\/\" rel=\"attachment wp-att-75450\"><img data-recalc-dims=\"1\" loading=\"lazy\" decoding=\"async\" class=\"size-full wp-image-75450\" src=\"https:\/\/i0.wp.com\/www.eltrabajo.cl\/portal\/wp-content\/uploads\/2016\/11\/expo-carabineros-aconcagua-comp3.jpg?resize=530%2C349\" alt=\"La polic\u00eda uniformada, present\u00f3 la III versi\u00f3n de la \u2018Expo Carabineros Aconcagua 2016\u2019, la cual fue realizada en la Plaza de Armas de San Felipe.\" width=\"530\" height=\"349\" srcset=\"https:\/\/i0.wp.com\/eltrabajo.cl\/portal\/wp-content\/uploads\/2016\/11\/expo-carabineros-aconcagua-comp3.jpg?w=530&amp;ssl=1 530w, https:\/\/i0.wp.com\/eltrabajo.cl\/portal\/wp-content\/uploads\/2016\/11\/expo-carabineros-aconcagua-comp3.jpg?resize=200%2C132&amp;ssl=1 200w, https:\/\/i0.wp.com\/eltrabajo.cl\/portal\/wp-content\/uploads\/2016\/11\/expo-carabineros-aconcagua-comp3.jpg?resize=300%2C198&amp;ssl=1 300w, https:\/\/i0.wp.com\/eltrabajo.cl\/portal\/wp-content\/uploads\/2016\/11\/expo-carabineros-aconcagua-comp3.jpg?resize=228%2C150&amp;ssl=1 228w, https:\/\/i0.wp.com\/eltrabajo.cl\/portal\/wp-content\/uploads\/2016\/11\/expo-carabineros-aconcagua-comp3.jpg?resize=400%2C263&amp;ssl=1 400w\" sizes=\"auto, (max-width: 530px) 100vw, 530px\" \/><\/a><figcaption id=\"caption-attachment-75450\" class=\"wp-caption-text\">La polic\u00eda uniformada, present\u00f3 la III versi\u00f3n de la \u2018Expo Carabineros Aconcagua 2016\u2019, la cual fue realizada en la Plaza de Armas de San Felipe.<\/figcaption><\/figure>\n<figure id=\"attachment_75451\" aria-describedby=\"caption-attachment-75451\" style=\"width: 530px\" class=\"wp-caption alignleft\"><a href=\"http:\/\/www.eltrabajo.cl\/portal\/nuevas-patrullas-dodge-principal-atraccion-en-expo-carabineros-aconcagua\/expo-carabineros-aconcagua-comp5\/\" rel=\"attachment wp-att-75451\"><img data-recalc-dims=\"1\" loading=\"lazy\" decoding=\"async\" class=\"size-full wp-image-75451\" src=\"https:\/\/i0.wp.com\/www.eltrabajo.cl\/portal\/wp-content\/uploads\/2016\/11\/expo-carabineros-aconcagua-comp5.jpg?resize=530%2C349\" alt=\"Alumnos del Colegio Pumanque, posan junto a funcionario de la polic\u00eda motorizada.\" width=\"530\" height=\"349\" srcset=\"https:\/\/i0.wp.com\/eltrabajo.cl\/portal\/wp-content\/uploads\/2016\/11\/expo-carabineros-aconcagua-comp5.jpg?w=530&amp;ssl=1 530w, https:\/\/i0.wp.com\/eltrabajo.cl\/portal\/wp-content\/uploads\/2016\/11\/expo-carabineros-aconcagua-comp5.jpg?resize=200%2C132&amp;ssl=1 200w, https:\/\/i0.wp.com\/eltrabajo.cl\/portal\/wp-content\/uploads\/2016\/11\/expo-carabineros-aconcagua-comp5.jpg?resize=300%2C198&amp;ssl=1 300w, https:\/\/i0.wp.com\/eltrabajo.cl\/portal\/wp-content\/uploads\/2016\/11\/expo-carabineros-aconcagua-comp5.jpg?resize=228%2C150&amp;ssl=1 228w, https:\/\/i0.wp.com\/eltrabajo.cl\/portal\/wp-content\/uploads\/2016\/11\/expo-carabineros-aconcagua-comp5.jpg?resize=400%2C263&amp;ssl=1 400w\" sizes=\"auto, (max-width: 530px) 100vw, 530px\" \/><\/a><figcaption id=\"caption-attachment-75451\" class=\"wp-caption-text\">Alumnos del Colegio Pumanque, posan junto a funcionario de la polic\u00eda motorizada.<\/figcaption><\/figure>\n<figure id=\"attachment_75452\" aria-describedby=\"caption-attachment-75452\" style=\"width: 530px\" class=\"wp-caption alignleft\"><a href=\"http:\/\/www.eltrabajo.cl\/portal\/nuevas-patrullas-dodge-principal-atraccion-en-expo-carabineros-aconcagua\/expo-carabineros-aconcagua-comp8\/\" rel=\"attachment wp-att-75452\"><img data-recalc-dims=\"1\" loading=\"lazy\" decoding=\"async\" class=\"size-full wp-image-75452\" src=\"https:\/\/i0.wp.com\/www.eltrabajo.cl\/portal\/wp-content\/uploads\/2016\/11\/expo-carabineros-aconcagua-comp8.jpg?resize=530%2C349\" alt=\"FUERZAS ESPECIALES.- Feliz se encontraba este peque\u00f1o luciendo las indumentarias de las Fuerzas Especiales.\" width=\"530\" height=\"349\" srcset=\"https:\/\/i0.wp.com\/eltrabajo.cl\/portal\/wp-content\/uploads\/2016\/11\/expo-carabineros-aconcagua-comp8.jpg?w=530&amp;ssl=1 530w, https:\/\/i0.wp.com\/eltrabajo.cl\/portal\/wp-content\/uploads\/2016\/11\/expo-carabineros-aconcagua-comp8.jpg?resize=200%2C132&amp;ssl=1 200w, https:\/\/i0.wp.com\/eltrabajo.cl\/portal\/wp-content\/uploads\/2016\/11\/expo-carabineros-aconcagua-comp8.jpg?resize=300%2C198&amp;ssl=1 300w, https:\/\/i0.wp.com\/eltrabajo.cl\/portal\/wp-content\/uploads\/2016\/11\/expo-carabineros-aconcagua-comp8.jpg?resize=228%2C150&amp;ssl=1 228w, https:\/\/i0.wp.com\/eltrabajo.cl\/portal\/wp-content\/uploads\/2016\/11\/expo-carabineros-aconcagua-comp8.jpg?resize=400%2C263&amp;ssl=1 400w\" sizes=\"auto, (max-width: 530px) 100vw, 530px\" \/><\/a><figcaption id=\"caption-attachment-75452\" class=\"wp-caption-text\">FUERZAS ESPECIALES.- Feliz se encontraba este peque\u00f1o luciendo las indumentarias de las Fuerzas Especiales.<\/figcaption><\/figure>\n<figure id=\"attachment_75453\" aria-describedby=\"caption-attachment-75453\" style=\"width: 530px\" class=\"wp-caption alignleft\"><a href=\"http:\/\/www.eltrabajo.cl\/portal\/nuevas-patrullas-dodge-principal-atraccion-en-expo-carabineros-aconcagua\/expo-carabineros-aconcagua-comp10\/\" rel=\"attachment wp-att-75453\"><img data-recalc-dims=\"1\" loading=\"lazy\" decoding=\"async\" class=\"size-full wp-image-75453\" src=\"https:\/\/i0.wp.com\/www.eltrabajo.cl\/portal\/wp-content\/uploads\/2016\/11\/expo-carabineros-aconcagua-comp10.jpg?resize=530%2C349\" alt=\"Las nuevas patrullas Dodge Durango y Dodge Charger de la polic\u00eda uniformada, fueron el principal atractivo de la jornada.\" width=\"530\" height=\"349\" srcset=\"https:\/\/i0.wp.com\/eltrabajo.cl\/portal\/wp-content\/uploads\/2016\/11\/expo-carabineros-aconcagua-comp10.jpg?w=530&amp;ssl=1 530w, https:\/\/i0.wp.com\/eltrabajo.cl\/portal\/wp-content\/uploads\/2016\/11\/expo-carabineros-aconcagua-comp10.jpg?resize=200%2C132&amp;ssl=1 200w, https:\/\/i0.wp.com\/eltrabajo.cl\/portal\/wp-content\/uploads\/2016\/11\/expo-carabineros-aconcagua-comp10.jpg?resize=300%2C198&amp;ssl=1 300w, https:\/\/i0.wp.com\/eltrabajo.cl\/portal\/wp-content\/uploads\/2016\/11\/expo-carabineros-aconcagua-comp10.jpg?resize=228%2C150&amp;ssl=1 228w, https:\/\/i0.wp.com\/eltrabajo.cl\/portal\/wp-content\/uploads\/2016\/11\/expo-carabineros-aconcagua-comp10.jpg?resize=400%2C263&amp;ssl=1 400w\" sizes=\"auto, (max-width: 530px) 100vw, 530px\" \/><\/a><figcaption id=\"caption-attachment-75453\" class=\"wp-caption-text\">Las nuevas patrullas Dodge Durango y Dodge Charger de la polic\u00eda uniformada, fueron el principal atractivo de la jornada.<\/figcaption><\/figure>\n","protected":false},"excerpt":{"rendered":"<p>III versi\u00f3n se realiz\u00f3 en Plaza de Armas de San Felipe: Las nuevas patrullas Dodge Durango y Dodge Charger de la polic\u00eda uniformada, se transformaron en las principales atracciones de la III&#8230;<\/p>\n","protected":false},"author":1,"featured_media":75451,"comment_status":"open","ping_status":"open","sticky":false,"template":"","format":"standard","meta":{"advanced_seo_description":"","jetpack_seo_html_title":"","jetpack_seo_noindex":false,"_jetpack_memberships_contains_paid_content":false,"footnotes":""},"categories":[1],"tags":[],"class_list":["post-75449","post","type-post","status-publish","format-standard","has-post-thumbnail","hentry","category-cronica"],"jetpack_featured_media_url":"https:\/\/i0.wp.com\/eltrabajo.cl\/portal\/wp-content\/uploads\/2016\/11\/expo-carabineros-aconcagua-comp5.jpg?fit=530%2C349&ssl=1","jetpack_sharing_enabled":true,"jetpack_likes_enabled":true,"jetpack-related-posts":[],"_links":{"self":[{"href":"https:\/\/eltrabajo.cl\/portal\/wp-json\/wp\/v2\/posts\/75449","targetHints":{"allow":["GET"]}}],"collection":[{"href":"https:\/\/eltrabajo.cl\/portal\/wp-json\/wp\/v2\/posts"}],"about":[{"href":"https:\/\/eltrabajo.cl\/portal\/wp-json\/wp\/v2\/types\/post"}],"author":[{"embeddable":true,"href":"https:\/\/eltrabajo.cl\/portal\/wp-json\/wp\/v2\/users\/1"}],"replies":[{"embeddable":true,"href":"https:\/\/eltrabajo.cl\/portal\/wp-json\/wp\/v2\/comments?post=75449"}],"version-history":[{"count":0,"href":"https:\/\/eltrabajo.cl\/portal\/wp-json\/wp\/v2\/posts\/75449\/revisions"}],"wp:featuredmedia":[{"embeddable":true,"href":"https:\/\/eltrabajo.cl\/portal\/wp-json\/wp\/v2\/media\/75451"}],"wp:attachment":[{"href":"https:\/\/eltrabajo.cl\/portal\/wp-json\/wp\/v2\/media?parent=75449"}],"wp:term":[{"taxonomy":"category","embeddable":true,"href":"https:\/\/eltrabajo.cl\/portal\/wp-json\/wp\/v2\/categories?post=75449"},{"taxonomy":"post_tag","embeddable":true,"href":"https:\/\/eltrabajo.cl\/portal\/wp-json\/wp\/v2\/tags?post=75449"}],"curies":[{"name":"wp","href":"https:\/\/api.w.org\/{rel}","templated":true}]}}