{"id":75456,"date":"2016-11-22T08:38:03","date_gmt":"2016-11-22T11:38:03","guid":{"rendered":"http:\/\/www.eltrabajo.cl\/portal\/?p=75456"},"modified":"2016-11-22T08:38:03","modified_gmt":"2016-11-22T11:38:03","slug":"heridos-en-fatal-colision-en-tres-esquinas-se-recuperan-en-centros-hospitalarios","status":"publish","type":"post","link":"https:\/\/eltrabajo.cl\/portal\/heridos-en-fatal-colision-en-tres-esquinas-se-recuperan-en-centros-hospitalarios\/","title":{"rendered":"Heridos en fatal colisi\u00f3n en Tres Esquinas se recuperan en centros hospitalarios"},"content":{"rendered":"<ul>\n<li><strong>En UCI del San Camilo y Traumatolog\u00eda de Los Andes:<\/strong><\/li>\n<\/ul>\n<p>Tanto en el servicio de traumatolog\u00eda del Hospital de Los Andes, como en la UCI del San Camilo, se recuperan dos de los tres heridos en el accidente de tr\u00e1nsito ocurrido la madrugada de este domingo en la intersecci\u00f3n de Cherc\u00e1n Tapia con ruta 60CH donde falleci\u00f3 una mujer de 34 a\u00f1os, identificada como Paola Patricia Vergara Meneses domiciliada en Llay Llay.<br \/>\nSe trata de Daniela Andrea \u00a0Lazcano Leiva (conductora Chevrolet Corsa) de 23 a\u00f1os y Mat\u00edas Ignacio Orellana Aguilera, de 21 a\u00f1os, quienes sufrieron diversas heridas y fracturas de sus respectivos f\u00e9mur.<br \/>\nLa informaci\u00f3n fue entregada por el jefe del Servicio de Urgencia del Hospital San Camilo doctor Marcelo Y\u00e1\u00f1ez, quien inform\u00f3 que los pacientes de 21 y 23 a\u00f1os ingresaron el domingo en la madrugada a eso de las 04:00 horas.<br \/>\nA\u00f1adi\u00f3 que ambos pacientes presentaban lesiones hep\u00e1ticas y fracturas m\u00faltiples, de las cuales predominaban las fracturas de f\u00e9mur en la pierna derecha en el caso de la mujer y en la pierna izquierda en el caso del hombre.<br \/>\n\u201cEstos pacientes fueron intervenidos quir\u00fargicamente y se hizo la coordinaci\u00f3n con los traumat\u00f3logos del Hospital de Los Andes, para realizar las fijaciones externas que requiere, actualmente la paciente de 23 a\u00f1os fue trasladada al Hospital de Los Andes para su resoluci\u00f3n traumatol\u00f3gica final y el paciente de 22 a\u00f1os permanece en la UCI del San Camilo\u201d sostuvo el doctor Y\u00e1\u00f1ez.<br \/>\nTal como lo informamos en nuestra edici\u00f3n de ayer lunes, el accidente de tr\u00e1nsito se produjo la madrugada de pasado domingo, alrededor de las 03:10 horas, teniendo como protagonistas un veh\u00edculo Honda Prelude de color rojo y un autom\u00f3vil Chevrolet Corsa. A bordo del autom\u00f3vil Honda, se encontraba Paola Vergara y su esposo Miguel Toro Silva, que conduc\u00eda en direcci\u00f3n a su domicilio en Llay Llay, impactando frontalmente con el Corsa, conducido por Daniela Andrea Lazcano Leiva y su acompa\u00f1ante Mat\u00edas Ignacio Orellana Aguilera.<br \/>\nA ra\u00edz del fuerte impacto -como se presencia en las im\u00e1genes- todos los involucrados resultaron heridos de consideraci\u00f3n y con m\u00faltiples fracturas de car\u00e1cter grave, debiendo ser trasladados por el Samu hasta centros hospitalarios. Sin embargo, Paola Vergara Meneses no resisti\u00f3 el violento accidente, falleciendo a los pocos minutos.<br \/>\nEl jefe de la Siat de Carabineros, capit\u00e1n Francisco Carre\u00f1o, inform\u00f3 a Diario El Trabajo que producida la emergencia se iniciaron las investigaciones para detallar las causas del accidente de tr\u00e1nsito, entre ellas si hubo o no presencia de alcohol adem\u00e1s si uno de los dos conductores no respet\u00f3 la luz roja del sem\u00e1foro en el sitio del suceso.<br \/>\n\u201cEs una colisi\u00f3n frontal entre dos veh\u00edculos, el autom\u00f3vil marca Honda se desplazaba desde oriente a poniente y el otro m\u00f3vil marca Chevrolet de poniente a oriente, ese \u00faltimo al llegar a los sem\u00e1foros realiz\u00f3 la maniobra de viraje hacia la izquierda, siendo impactado de frente por el veh\u00edculo Honda. Es materia de investigaci\u00f3n si este \u00faltimo veh\u00edculo no respet\u00f3 la luz roja del sem\u00e1foro, estamos requiriendo las grabaciones de las c\u00e1maras de una estaci\u00f3n de combustibles cercano al lugar y un colegio para determinar las causas del accidente. En el lugar falleci\u00f3 una mujer que abordaba uno de estos veh\u00edculos, junto a su esposo en estado grave quedando en calidad de detenido a la espera de formalizaci\u00f3n de cargos\u201d.<br \/>\nEl oficial agreg\u00f3 que en primera instancia, no se ha determinado la presencia de alcohol entre los conductores debido a que los protagonistas de este accidente se encuentran en estado grave, practic\u00e1ndoles la alcoholemia de rigor, cuyos resultados demorar\u00edan al menos un mes.<\/p>\n<figure id=\"attachment_75457\" aria-describedby=\"caption-attachment-75457\" style=\"width: 530px\" class=\"wp-caption alignleft\"><a href=\"http:\/\/www.eltrabajo.cl\/portal\/heridos-en-fatal-colision-en-tres-esquinas-se-recuperan-en-centros-hospitalarios\/portada-un-muerto-en-colision-frontal-tres-esquinas\/\" rel=\"attachment wp-att-75457\"><img data-recalc-dims=\"1\" loading=\"lazy\" decoding=\"async\" class=\"size-full wp-image-75457\" src=\"https:\/\/i0.wp.com\/www.eltrabajo.cl\/portal\/wp-content\/uploads\/2016\/11\/portada-un-muerto-en-colision-frontal-tres-esquinas.jpg?resize=530%2C349\" alt=\"El accidente de tr\u00e1nsito se produjo la madrugada del pasado domingo, alrededor de las 03:10 horas, teniendo como protagonistas un veh\u00edculo Honda Prelude de color rojo y un autom\u00f3vil Chevrolet Corsa. (Fotograf\u00edas: @EmerVCordillera).\" width=\"530\" height=\"349\" srcset=\"https:\/\/i0.wp.com\/eltrabajo.cl\/portal\/wp-content\/uploads\/2016\/11\/portada-un-muerto-en-colision-frontal-tres-esquinas.jpg?w=530&amp;ssl=1 530w, https:\/\/i0.wp.com\/eltrabajo.cl\/portal\/wp-content\/uploads\/2016\/11\/portada-un-muerto-en-colision-frontal-tres-esquinas.jpg?resize=200%2C132&amp;ssl=1 200w, https:\/\/i0.wp.com\/eltrabajo.cl\/portal\/wp-content\/uploads\/2016\/11\/portada-un-muerto-en-colision-frontal-tres-esquinas.jpg?resize=300%2C198&amp;ssl=1 300w, https:\/\/i0.wp.com\/eltrabajo.cl\/portal\/wp-content\/uploads\/2016\/11\/portada-un-muerto-en-colision-frontal-tres-esquinas.jpg?resize=228%2C150&amp;ssl=1 228w, https:\/\/i0.wp.com\/eltrabajo.cl\/portal\/wp-content\/uploads\/2016\/11\/portada-un-muerto-en-colision-frontal-tres-esquinas.jpg?resize=400%2C263&amp;ssl=1 400w\" sizes=\"auto, (max-width: 530px) 100vw, 530px\" \/><\/a><figcaption id=\"caption-attachment-75457\" class=\"wp-caption-text\">El accidente de tr\u00e1nsito se produjo la madrugada del pasado domingo, alrededor de las 03:10 horas, teniendo como protagonistas un veh\u00edculo Honda Prelude de color rojo y un autom\u00f3vil Chevrolet Corsa. (Fotograf\u00edas: @EmerVCordillera).<\/figcaption><\/figure>\n","protected":false},"excerpt":{"rendered":"<p>En UCI del San Camilo y Traumatolog\u00eda de Los Andes: Tanto en el servicio de traumatolog\u00eda del Hospital de Los Andes, como en la UCI del San Camilo, se recuperan dos de&#8230;<\/p>\n","protected":false},"author":1,"featured_media":75457,"comment_status":"open","ping_status":"open","sticky":false,"template":"","format":"standard","meta":{"advanced_seo_description":"","jetpack_seo_html_title":"","jetpack_seo_noindex":false,"_jetpack_memberships_contains_paid_content":false,"footnotes":""},"categories":[15],"tags":[],"class_list":["post-75456","post","type-post","status-publish","format-standard","has-post-thumbnail","hentry","category-comunidad"],"jetpack_featured_media_url":"https:\/\/i0.wp.com\/eltrabajo.cl\/portal\/wp-content\/uploads\/2016\/11\/portada-un-muerto-en-colision-frontal-tres-esquinas.jpg?fit=530%2C349&ssl=1","jetpack_sharing_enabled":true,"jetpack_likes_enabled":true,"jetpack-related-posts":[],"_links":{"self":[{"href":"https:\/\/eltrabajo.cl\/portal\/wp-json\/wp\/v2\/posts\/75456","targetHints":{"allow":["GET"]}}],"collection":[{"href":"https:\/\/eltrabajo.cl\/portal\/wp-json\/wp\/v2\/posts"}],"about":[{"href":"https:\/\/eltrabajo.cl\/portal\/wp-json\/wp\/v2\/types\/post"}],"author":[{"embeddable":true,"href":"https:\/\/eltrabajo.cl\/portal\/wp-json\/wp\/v2\/users\/1"}],"replies":[{"embeddable":true,"href":"https:\/\/eltrabajo.cl\/portal\/wp-json\/wp\/v2\/comments?post=75456"}],"version-history":[{"count":0,"href":"https:\/\/eltrabajo.cl\/portal\/wp-json\/wp\/v2\/posts\/75456\/revisions"}],"wp:featuredmedia":[{"embeddable":true,"href":"https:\/\/eltrabajo.cl\/portal\/wp-json\/wp\/v2\/media\/75457"}],"wp:attachment":[{"href":"https:\/\/eltrabajo.cl\/portal\/wp-json\/wp\/v2\/media?parent=75456"}],"wp:term":[{"taxonomy":"category","embeddable":true,"href":"https:\/\/eltrabajo.cl\/portal\/wp-json\/wp\/v2\/categories?post=75456"},{"taxonomy":"post_tag","embeddable":true,"href":"https:\/\/eltrabajo.cl\/portal\/wp-json\/wp\/v2\/tags?post=75456"}],"curies":[{"name":"wp","href":"https:\/\/api.w.org\/{rel}","templated":true}]}}