{"id":75465,"date":"2016-11-22T08:42:59","date_gmt":"2016-11-22T11:42:59","guid":{"rendered":"http:\/\/www.eltrabajo.cl\/portal\/?p=75465"},"modified":"2016-11-22T08:42:59","modified_gmt":"2016-11-22T11:42:59","slug":"delincuentes-roban-7-millones-en-especies-desde-sombrereria-rio-aconcagua","status":"publish","type":"post","link":"https:\/\/eltrabajo.cl\/portal\/delincuentes-roban-7-millones-en-especies-desde-sombrereria-rio-aconcagua\/","title":{"rendered":"Delincuentes roban $7 millones en especies desde Sombrerer\u00eda R\u00edo Aconcagua"},"content":{"rendered":"<ul>\n<li><strong><span style=\"color: #ff0000;\">Dupla delictiva fue capturada por Carabineros:<\/span>\u00a0Efectivos policiales redujeron a los antisociales con amplio prontuario delictivo, cuando manten\u00edan apilados los productos en las afueras del conocido local en avenida Maip\u00fa 130 en San Felipe, en horas de la madrugada de ayer lunes.<\/strong><\/li>\n<\/ul>\n<p>Un millonario robo de especies se produjo la madrugada de ayer lunes, alrededor de las 05:25 horas, al interior de la Sombrerer\u00eda R\u00edo Aconcagua, perpetrado por dos delincuentes que pretend\u00edan escapar con una gran cantidad de productos de esta tienda, avaluados en $7 millones, siendo capturados en flagrancia por Carabineros.<br \/>\nEl delito que afect\u00f3 a este local comercial ubicado en avenida Maip\u00fa 130 en San Felipe, qued\u00f3 al descubierto luego que un testigo observ\u00f3 a los delincuentes cometiendo el robo, dando cuenta de inmediato a Carabineros al nivel 133, entregando la descripci\u00f3n de los antisociales que se encontraban en el lugar de los hechos.<br \/>\nLa patrulla policial concurri\u00f3 a los pocos segundos, sorprendiendo a dos sujetos que escapaban con una bolsa con especies junto a otros productos que estaban apilados en el exterior del recinto, siendo detenidos en el lugar. Carabineros al inspeccionar el local comercial, comprob\u00f3 que los sujetos habr\u00edan utilizado un chuzo met\u00e1lico y un par de guantes de color blanco descerrajando la cortina y una puerta met\u00e1lica.<br \/>\nDentro de las especies recuperadas por Carabineros se detallan: botas corraleras, sombreros de diferentes tipos, zapatos de huaso, cascos de montar, espuelas, mantas, cinturones, cordones, billeteras, estuches, chaquetas entre otras especies avaluadas en siete millones de pesos por su propietario que debi\u00f3 concurrir a su local comercial.<br \/>\nLos antisociales fueron identificados como Manuel Alejandro Ampuero Rivera de 24 a\u00f1os de edad, quien cuenta con antecedentes delictuales anteriores, por delitos de Violaci\u00f3n de morada, microtr\u00e1fico de drogas, robo en bienes nacionales de uso p\u00fablico y hurto.<br \/>\nEl segundo detenido David Patrick Contador Contador de 26 a\u00f1os de edad, mantiene antecedentes policiales por delito de lesiones menos graves en contexto de violencia intrafamiliar y autor de dos delitos de robo por sorpresa.<br \/>\nCabe se\u00f1alar que el primero de los nombrados manten\u00eda dos \u00f3rdenes de detenci\u00f3n pendiente por delitos de microtr\u00e1fico de drogas y robo en lugar no habitado.<br \/>\nLa detenci\u00f3n de estos imputados fue controlada la ma\u00f1ana de ayer lunes en el Juzgado de Garant\u00eda de San Felipe, por el delito de Robo en lugar no habitado, quedando citados para una pr\u00f3xima fecha a audiencia de juicio simplificado, fij\u00e1ndose un plazo de investigaci\u00f3n de 60 d\u00edas por parte de la Fiscal\u00eda.<br \/>\n<strong>Pablo Salinas Sald\u00edas<\/strong><\/p>\n<figure id=\"attachment_75466\" aria-describedby=\"caption-attachment-75466\" style=\"width: 530px\" class=\"wp-caption alignleft\"><a href=\"http:\/\/www.eltrabajo.cl\/portal\/delincuentes-roban-7-millones-en-especies-desde-sombrereria-rio-aconcagua\/manuel-ampuero-river-y-davida-copia\/\" rel=\"attachment wp-att-75466\"><img data-recalc-dims=\"1\" loading=\"lazy\" decoding=\"async\" class=\"size-full wp-image-75466\" src=\"https:\/\/i0.wp.com\/www.eltrabajo.cl\/portal\/wp-content\/uploads\/2016\/11\/MANUEL-AMPUERO-RIVER-y-davidA-copia.jpg?resize=530%2C349\" alt=\"Los antisociales fueron identificados como Manuel Alejandro Ampuero  Rivera de 24 a\u00f1os de edad y David Patrick Contador Contador de 26 a\u00f1os de edad.\" width=\"530\" height=\"349\" srcset=\"https:\/\/i0.wp.com\/eltrabajo.cl\/portal\/wp-content\/uploads\/2016\/11\/MANUEL-AMPUERO-RIVER-y-davidA-copia.jpg?w=530&amp;ssl=1 530w, https:\/\/i0.wp.com\/eltrabajo.cl\/portal\/wp-content\/uploads\/2016\/11\/MANUEL-AMPUERO-RIVER-y-davidA-copia.jpg?resize=200%2C132&amp;ssl=1 200w, https:\/\/i0.wp.com\/eltrabajo.cl\/portal\/wp-content\/uploads\/2016\/11\/MANUEL-AMPUERO-RIVER-y-davidA-copia.jpg?resize=300%2C198&amp;ssl=1 300w, https:\/\/i0.wp.com\/eltrabajo.cl\/portal\/wp-content\/uploads\/2016\/11\/MANUEL-AMPUERO-RIVER-y-davidA-copia.jpg?resize=228%2C150&amp;ssl=1 228w, https:\/\/i0.wp.com\/eltrabajo.cl\/portal\/wp-content\/uploads\/2016\/11\/MANUEL-AMPUERO-RIVER-y-davidA-copia.jpg?resize=400%2C263&amp;ssl=1 400w\" sizes=\"auto, (max-width: 530px) 100vw, 530px\" \/><\/a><figcaption id=\"caption-attachment-75466\" class=\"wp-caption-text\">Los antisociales fueron identificados como Manuel Alejandro Ampuero Rivera de 24 a\u00f1os de edad y David Patrick Contador Contador de 26 a\u00f1os de edad.<\/figcaption><\/figure>\n","protected":false},"excerpt":{"rendered":"<p>Dupla delictiva fue capturada por Carabineros:\u00a0Efectivos policiales redujeron a los antisociales con amplio prontuario delictivo, cuando manten\u00edan apilados los productos en las afueras del conocido local en avenida Maip\u00fa 130 en San&#8230;<\/p>\n","protected":false},"author":1,"featured_media":75466,"comment_status":"open","ping_status":"open","sticky":false,"template":"","format":"standard","meta":{"advanced_seo_description":"","jetpack_seo_html_title":"","jetpack_seo_noindex":false,"_jetpack_memberships_contains_paid_content":false,"footnotes":""},"categories":[21],"tags":[],"class_list":["post-75465","post","type-post","status-publish","format-standard","has-post-thumbnail","hentry","category-policial"],"jetpack_featured_media_url":"https:\/\/i0.wp.com\/eltrabajo.cl\/portal\/wp-content\/uploads\/2016\/11\/MANUEL-AMPUERO-RIVER-y-davidA-copia.jpg?fit=530%2C349&ssl=1","jetpack_sharing_enabled":true,"jetpack_likes_enabled":true,"jetpack-related-posts":[],"_links":{"self":[{"href":"https:\/\/eltrabajo.cl\/portal\/wp-json\/wp\/v2\/posts\/75465","targetHints":{"allow":["GET"]}}],"collection":[{"href":"https:\/\/eltrabajo.cl\/portal\/wp-json\/wp\/v2\/posts"}],"about":[{"href":"https:\/\/eltrabajo.cl\/portal\/wp-json\/wp\/v2\/types\/post"}],"author":[{"embeddable":true,"href":"https:\/\/eltrabajo.cl\/portal\/wp-json\/wp\/v2\/users\/1"}],"replies":[{"embeddable":true,"href":"https:\/\/eltrabajo.cl\/portal\/wp-json\/wp\/v2\/comments?post=75465"}],"version-history":[{"count":0,"href":"https:\/\/eltrabajo.cl\/portal\/wp-json\/wp\/v2\/posts\/75465\/revisions"}],"wp:featuredmedia":[{"embeddable":true,"href":"https:\/\/eltrabajo.cl\/portal\/wp-json\/wp\/v2\/media\/75466"}],"wp:attachment":[{"href":"https:\/\/eltrabajo.cl\/portal\/wp-json\/wp\/v2\/media?parent=75465"}],"wp:term":[{"taxonomy":"category","embeddable":true,"href":"https:\/\/eltrabajo.cl\/portal\/wp-json\/wp\/v2\/categories?post=75465"},{"taxonomy":"post_tag","embeddable":true,"href":"https:\/\/eltrabajo.cl\/portal\/wp-json\/wp\/v2\/tags?post=75465"}],"curies":[{"name":"wp","href":"https:\/\/api.w.org\/{rel}","templated":true}]}}