{"id":75469,"date":"2016-11-23T08:24:15","date_gmt":"2016-11-23T11:24:15","guid":{"rendered":"http:\/\/www.eltrabajo.cl\/portal\/?p=75469"},"modified":"2016-11-23T08:24:15","modified_gmt":"2016-11-23T11:24:15","slug":"este-domingo-municipio-de-san-felipe-realizara-ultima-corrida-del-ano-2016","status":"publish","type":"post","link":"https:\/\/eltrabajo.cl\/portal\/este-domingo-municipio-de-san-felipe-realizara-ultima-corrida-del-ano-2016\/","title":{"rendered":"Este domingo Municipio de San Felipe realizar\u00e1 \u00faltima corrida del a\u00f1o 2016"},"content":{"rendered":"<ul>\n<li><strong>La invitaci\u00f3n es a todos los vecinos a participar en una actividad que fomenta la vida sana y el deporte.<\/strong><\/li>\n<\/ul>\n<p>Este domingo, se realizar\u00e1 una nueva versi\u00f3n de la Corrida San Felipe 2016, la \u00faltima de este a\u00f1o y que organiza la Municipalidad de San Felipe, a trav\u00e9s de su departamento de Deportes, junto a la Mesa de Promoci\u00f3n de la Salud y el Injuv, con categor\u00edas de 1K, 3K, 6K y 9K.<br \/>\nAs\u00ed lo dio a conocer el encargado del departamento de Deportes, Danilo Pe\u00f1a, quien se\u00f1al\u00f3 que al ser la \u00faltima actividad masiva del a\u00f1o 2016, se espera que participen los mejores exponentes a nivel local y nacional, adem\u00e1s de la familia sanfelipe\u00f1a.<br \/>\n\u201cEstamos felices de poder llevar nuevamente este deporte tan entretenido y uno de los m\u00e1s masivos en el pa\u00eds y en el mundo, de tal manera que invitamos cordialmente a toda la comunidad de la regi\u00f3n a participar con nosotros\u201d, dijo Danilo Pe\u00f1a.<br \/>\nEl profesional agreg\u00f3, que en esta oportunidad se agreg\u00f3 la categor\u00eda de 1K, pensando en la activa presencia de adultos mayores y ni\u00f1os y que as\u00ed la actividad sea una instancia de participaci\u00f3n en familia.<br \/>\nLa corrida la completan los 3K, 6K y 9K, recorridos que partir\u00e1n a un costado de la sede social de la Villa Bernardo Cruz, a las 10:00 horas.<br \/>\n\u201cEl circuito ya ha sido validado por Carabineros, vamos a partir y damos las gracias a la junta de vecinos de la Villa Bernardo Cruz, vamos a partir desde un costado de la nueva sede y el recorrido va en direcci\u00f3n hacia la Universidad de Valpara\u00edso, en donde luego giran hacia La Troya y los 6K es por el sector de donde est\u00e1 la chicher\u00eda Martel y los 9K es por el sector de Los Molles en el cerro. Luego ingresan por Abraham Ahumada y por calle 1 llegar al sector de la Villa Bernardo Cruz\u201d, espec\u00edfico Pe\u00f1a.<br \/>\nY agreg\u00f3 que la invitaci\u00f3n es a todos los vecinos a participar de una actividad, que busca, tal como lo ha establecido el alcalde Patricio Freire, fomentar la vida sana y el deporte en todas las familias sanfelipe\u00f1as.<br \/>\nSeg\u00fan explic\u00f3 el profesional, la corrida cuenta con todas las medidas de seguridad que requiere una actividad de este tipo, por ello se instalar\u00e1n bandereros en cada una de las intersecciones.<br \/>\nLos interesados en participar, tienen tres instancias para inscribirse, que son a trav\u00e9s del correo electr\u00f3nico: deptodeportes sanfelipe@gmail.com, desde donde se enviar\u00e1 una ficha de inscripci\u00f3n. Otra alternativa es que se acerquen a la oficina de Deportes, ubicada en Edificio Prat, oficina 401 donde deben tambi\u00e9n llenar la ficha de inscripci\u00f3n o inscribirse el mismo domingo previo a la largada.<br \/>\nPe\u00f1a coment\u00f3, tambi\u00e9n que el Injuv regalar\u00e1 150 poleras para los primeros inscritos, por lo que el llamado es a participar activamente y as\u00ed culminar las actividades de running por este a\u00f1o 2016 en San Felipe.<\/p>\n<figure id=\"attachment_75470\" aria-describedby=\"caption-attachment-75470\" style=\"width: 530px\" class=\"wp-caption alignleft\"><a href=\"http:\/\/www.eltrabajo.cl\/portal\/este-domingo-municipio-de-san-felipe-realizara-ultima-corrida-del-ano-2016\/corrida-5\/\" rel=\"attachment wp-att-75470\"><img data-recalc-dims=\"1\" loading=\"lazy\" decoding=\"async\" class=\"size-full wp-image-75470\" src=\"https:\/\/i0.wp.com\/www.eltrabajo.cl\/portal\/wp-content\/uploads\/2016\/11\/Corrida.jpg?resize=530%2C349\" alt=\"Este domingo, se realizar\u00e1 una nueva versi\u00f3n de la Corrida San Felipe 2016, la \u00faltima de este a\u00f1o y que organiza el Departamento de Deportes del municipio, junto a la Mesa de Promoci\u00f3n de la Salud y el Injuv, con categor\u00edas de 1K, 3K, 6K y 9K.\" width=\"530\" height=\"349\" srcset=\"https:\/\/i0.wp.com\/eltrabajo.cl\/portal\/wp-content\/uploads\/2016\/11\/Corrida.jpg?w=530&amp;ssl=1 530w, https:\/\/i0.wp.com\/eltrabajo.cl\/portal\/wp-content\/uploads\/2016\/11\/Corrida.jpg?resize=200%2C132&amp;ssl=1 200w, https:\/\/i0.wp.com\/eltrabajo.cl\/portal\/wp-content\/uploads\/2016\/11\/Corrida.jpg?resize=300%2C198&amp;ssl=1 300w, https:\/\/i0.wp.com\/eltrabajo.cl\/portal\/wp-content\/uploads\/2016\/11\/Corrida.jpg?resize=228%2C150&amp;ssl=1 228w, https:\/\/i0.wp.com\/eltrabajo.cl\/portal\/wp-content\/uploads\/2016\/11\/Corrida.jpg?resize=400%2C263&amp;ssl=1 400w\" sizes=\"auto, (max-width: 530px) 100vw, 530px\" \/><\/a><figcaption id=\"caption-attachment-75470\" class=\"wp-caption-text\">Este domingo, se realizar\u00e1 una nueva versi\u00f3n de la Corrida San Felipe 2016, la \u00faltima de este a\u00f1o y que organiza el Departamento de Deportes del municipio, junto a la Mesa de Promoci\u00f3n de la Salud y el Injuv, con categor\u00edas de 1K, 3K, 6K y 9K.<\/figcaption><\/figure>\n","protected":false},"excerpt":{"rendered":"<p>La invitaci\u00f3n es a todos los vecinos a participar en una actividad que fomenta la vida sana y el deporte. Este domingo, se realizar\u00e1 una nueva versi\u00f3n de la Corrida San Felipe&#8230;<\/p>\n","protected":false},"author":1,"featured_media":75470,"comment_status":"open","ping_status":"open","sticky":false,"template":"","format":"standard","meta":{"advanced_seo_description":"","jetpack_seo_html_title":"","jetpack_seo_noindex":false,"_jetpack_memberships_contains_paid_content":false,"footnotes":""},"categories":[1],"tags":[],"class_list":["post-75469","post","type-post","status-publish","format-standard","has-post-thumbnail","hentry","category-cronica"],"jetpack_featured_media_url":"https:\/\/i0.wp.com\/eltrabajo.cl\/portal\/wp-content\/uploads\/2016\/11\/Corrida.jpg?fit=530%2C349&ssl=1","jetpack_sharing_enabled":true,"jetpack_likes_enabled":true,"jetpack-related-posts":[],"_links":{"self":[{"href":"https:\/\/eltrabajo.cl\/portal\/wp-json\/wp\/v2\/posts\/75469","targetHints":{"allow":["GET"]}}],"collection":[{"href":"https:\/\/eltrabajo.cl\/portal\/wp-json\/wp\/v2\/posts"}],"about":[{"href":"https:\/\/eltrabajo.cl\/portal\/wp-json\/wp\/v2\/types\/post"}],"author":[{"embeddable":true,"href":"https:\/\/eltrabajo.cl\/portal\/wp-json\/wp\/v2\/users\/1"}],"replies":[{"embeddable":true,"href":"https:\/\/eltrabajo.cl\/portal\/wp-json\/wp\/v2\/comments?post=75469"}],"version-history":[{"count":0,"href":"https:\/\/eltrabajo.cl\/portal\/wp-json\/wp\/v2\/posts\/75469\/revisions"}],"wp:featuredmedia":[{"embeddable":true,"href":"https:\/\/eltrabajo.cl\/portal\/wp-json\/wp\/v2\/media\/75470"}],"wp:attachment":[{"href":"https:\/\/eltrabajo.cl\/portal\/wp-json\/wp\/v2\/media?parent=75469"}],"wp:term":[{"taxonomy":"category","embeddable":true,"href":"https:\/\/eltrabajo.cl\/portal\/wp-json\/wp\/v2\/categories?post=75469"},{"taxonomy":"post_tag","embeddable":true,"href":"https:\/\/eltrabajo.cl\/portal\/wp-json\/wp\/v2\/tags?post=75469"}],"curies":[{"name":"wp","href":"https:\/\/api.w.org\/{rel}","templated":true}]}}