{"id":75473,"date":"2016-11-23T08:27:30","date_gmt":"2016-11-23T11:27:30","guid":{"rendered":"http:\/\/www.eltrabajo.cl\/portal\/?p=75473"},"modified":"2016-11-23T08:27:30","modified_gmt":"2016-11-23T11:27:30","slug":"en-san-felipe-se-desarrollara-marcha-familiar-contra-la-violencia-a-las-mujeres","status":"publish","type":"post","link":"https:\/\/eltrabajo.cl\/portal\/en-san-felipe-se-desarrollara-marcha-familiar-contra-la-violencia-a-las-mujeres\/","title":{"rendered":"En San Felipe se desarrollar\u00e1 Marcha Familiar contra la violencia a las mujeres"},"content":{"rendered":"<ul>\n<li><strong><span style=\"color: #ff0000;\">La convocatoria es para ma\u00f1ana jueves a las 18 horas en la Alameda Yungay:<\/span>\u00a0Si bien este a\u00f1o no se han registrado femicidios en la Provincia de San Felipe, El Centro de la Mujer, sigue trabajando en torno a la prevenci\u00f3n de esta problem\u00e1tica.<\/strong><\/li>\n<\/ul>\n<p>Ma\u00f1ana jueves 24 de noviembre, desde las 18 horas, en la Alameda Yungay -frente al Liceo de Ni\u00f1as- se llevar\u00e1 a cabo una \u2018marcha familiar contra la violencia hacia las mujeres\u2019, instancia impulsada por el Centro de la Mujer de la Provincia de San Felipe.<br \/>\nAs\u00ed lo inform\u00f3 Valeria Iturrieta, coordinadora de este organismo dependiente del Servicio Nacional de la Mujer, Sernam -y el municipio de San Felipe- quien afirm\u00f3 que la actividad no est\u00e1 hecha s\u00f3lo para las f\u00e9minas, sino que, requiere tambi\u00e9n de la participaci\u00f3n masculina, g\u00e9nero que debe asumir un rol protag\u00f3nico a la hora de querer erradicar esta problem\u00e1tica de la sociedad.<br \/>\n\u201cEstamos invitando a toda la comunidad, de toda la Provincia, que se puedan sumar, le hemos puesto marcha familiar porque queremos que todas y todos, de una u otra manera manifestemos nuestro rechazo, descontento y malestar contra la violencia que se produce contra las mujeres\u201d, detall\u00f3 Iturrieta<br \/>\nLa trabajadora social enfatiz\u00f3, que no solamente se debe apuntar a evitar los femicidios, sino que la violencia de g\u00e9nero se presenta en distinto grado y en distintas instancias, agregando que, el hecho de que durante el 2016 no existan casos en la zona, no es motivo parabajar la guardia y dejar de trabajar en el combate contra las conductas violentas hacia las mujeres.<br \/>\n\u201cSi bien este a\u00f1o no hemos registrado ning\u00fan femicidio consumado ac\u00e1 en la Provincia de San Felipe, si tenemos casos de femicidios frustrados y miles de casos de violencia, que en un nivel mediano, gravo o con riesgo vital, de igual manera est\u00e1 presente e implica desplegar unas serie de acciones para que podamos seguir previniendo la violencia, crear consciencia y sensibilizar a la comunidad\u201d, decret\u00f3 Iturrieta.<br \/>\nDe acuerdo a lo relatado por la profesional, este a\u00f1o a nivel nacional existen 110 casos de femicidios frustrados, mientras que en la Provincia de San Felipe, durante el 2015 se generaron alrededor de 1200 denuncias de distintos tipos de violencia contra las mujeres.<br \/>\nLa convocatoria de esta marcha familiar se desarrollar\u00e1 en alameda Yungay, bajar\u00e1 por calle Prat hacia la Plaza de Armas, lugar donde se realizar\u00e1 un acto simb\u00f3lico y el montaje de una obra teatral callejera denominada \u2018La Loca del Jard\u00edn\u2019, presentaci\u00f3n que est\u00e1 programa a las 19:30 horas y que est\u00e1 pensada, precisamente, en la prevenci\u00f3n de la Violencia Contra las Mujeres.<\/p>\n<figure id=\"attachment_75474\" aria-describedby=\"caption-attachment-75474\" style=\"width: 530px\" class=\"wp-caption alignleft\"><a href=\"http:\/\/www.eltrabajo.cl\/portal\/en-san-felipe-se-desarrollara-marcha-familiar-contra-la-violencia-a-las-mujeres\/foto-1-nota-1-valeria-iturrieta\/\" rel=\"attachment wp-att-75474\"><img data-recalc-dims=\"1\" loading=\"lazy\" decoding=\"async\" class=\"size-full wp-image-75474\" src=\"https:\/\/i0.wp.com\/www.eltrabajo.cl\/portal\/wp-content\/uploads\/2016\/11\/Foto-1-NOTA-1-VALERIA-ITURRIETA.jpg?resize=530%2C348\" alt=\"La coordinadora del Centro de la Mujer de la Provincia de San Felipe, Valeria Iturrieta (A la izquierda), convoc\u00f3 a una marcha familiar contra la violencia hacia las mujeres, que se desarrollar\u00e1 ma\u00f1ana jueves a partir de las 18 horas desde la Alameda Yungay.\" width=\"530\" height=\"348\" srcset=\"https:\/\/i0.wp.com\/eltrabajo.cl\/portal\/wp-content\/uploads\/2016\/11\/Foto-1-NOTA-1-VALERIA-ITURRIETA.jpg?w=530&amp;ssl=1 530w, https:\/\/i0.wp.com\/eltrabajo.cl\/portal\/wp-content\/uploads\/2016\/11\/Foto-1-NOTA-1-VALERIA-ITURRIETA.jpg?resize=200%2C131&amp;ssl=1 200w, https:\/\/i0.wp.com\/eltrabajo.cl\/portal\/wp-content\/uploads\/2016\/11\/Foto-1-NOTA-1-VALERIA-ITURRIETA.jpg?resize=300%2C197&amp;ssl=1 300w, https:\/\/i0.wp.com\/eltrabajo.cl\/portal\/wp-content\/uploads\/2016\/11\/Foto-1-NOTA-1-VALERIA-ITURRIETA.jpg?resize=228%2C150&amp;ssl=1 228w, https:\/\/i0.wp.com\/eltrabajo.cl\/portal\/wp-content\/uploads\/2016\/11\/Foto-1-NOTA-1-VALERIA-ITURRIETA.jpg?resize=400%2C263&amp;ssl=1 400w\" sizes=\"auto, (max-width: 530px) 100vw, 530px\" \/><\/a><figcaption id=\"caption-attachment-75474\" class=\"wp-caption-text\">La coordinadora del Centro de la Mujer de la Provincia de San Felipe, Valeria Iturrieta (A la izquierda), convoc\u00f3 a una marcha familiar contra la violencia hacia las mujeres, que se desarrollar\u00e1 ma\u00f1ana jueves a partir de las 18 horas desde la Alameda Yungay.<\/figcaption><\/figure>\n","protected":false},"excerpt":{"rendered":"<p>La convocatoria es para ma\u00f1ana jueves a las 18 horas en la Alameda Yungay:\u00a0Si bien este a\u00f1o no se han registrado femicidios en la Provincia de San Felipe, El Centro de la&#8230;<\/p>\n","protected":false},"author":1,"featured_media":75474,"comment_status":"open","ping_status":"open","sticky":false,"template":"","format":"standard","meta":{"advanced_seo_description":"","jetpack_seo_html_title":"","jetpack_seo_noindex":false,"_jetpack_memberships_contains_paid_content":false,"footnotes":""},"categories":[1],"tags":[],"class_list":["post-75473","post","type-post","status-publish","format-standard","has-post-thumbnail","hentry","category-cronica"],"jetpack_featured_media_url":"https:\/\/i0.wp.com\/eltrabajo.cl\/portal\/wp-content\/uploads\/2016\/11\/Foto-1-NOTA-1-VALERIA-ITURRIETA.jpg?fit=530%2C348&ssl=1","jetpack_sharing_enabled":true,"jetpack_likes_enabled":true,"jetpack-related-posts":[],"_links":{"self":[{"href":"https:\/\/eltrabajo.cl\/portal\/wp-json\/wp\/v2\/posts\/75473","targetHints":{"allow":["GET"]}}],"collection":[{"href":"https:\/\/eltrabajo.cl\/portal\/wp-json\/wp\/v2\/posts"}],"about":[{"href":"https:\/\/eltrabajo.cl\/portal\/wp-json\/wp\/v2\/types\/post"}],"author":[{"embeddable":true,"href":"https:\/\/eltrabajo.cl\/portal\/wp-json\/wp\/v2\/users\/1"}],"replies":[{"embeddable":true,"href":"https:\/\/eltrabajo.cl\/portal\/wp-json\/wp\/v2\/comments?post=75473"}],"version-history":[{"count":0,"href":"https:\/\/eltrabajo.cl\/portal\/wp-json\/wp\/v2\/posts\/75473\/revisions"}],"wp:featuredmedia":[{"embeddable":true,"href":"https:\/\/eltrabajo.cl\/portal\/wp-json\/wp\/v2\/media\/75474"}],"wp:attachment":[{"href":"https:\/\/eltrabajo.cl\/portal\/wp-json\/wp\/v2\/media?parent=75473"}],"wp:term":[{"taxonomy":"category","embeddable":true,"href":"https:\/\/eltrabajo.cl\/portal\/wp-json\/wp\/v2\/categories?post=75473"},{"taxonomy":"post_tag","embeddable":true,"href":"https:\/\/eltrabajo.cl\/portal\/wp-json\/wp\/v2\/tags?post=75473"}],"curies":[{"name":"wp","href":"https:\/\/api.w.org\/{rel}","templated":true}]}}