{"id":75477,"date":"2016-11-23T08:34:57","date_gmt":"2016-11-23T11:34:57","guid":{"rendered":"http:\/\/www.eltrabajo.cl\/portal\/?p=75477"},"modified":"2016-11-23T08:34:57","modified_gmt":"2016-11-23T11:34:57","slug":"ninos-prematuros-tuvieron-su-fiesta-navidena-en-el-hospital-san-camilo","status":"publish","type":"post","link":"https:\/\/eltrabajo.cl\/portal\/ninos-prematuros-tuvieron-su-fiesta-navidena-en-el-hospital-san-camilo\/","title":{"rendered":"Ni\u00f1os prematuros tuvieron su fiesta navide\u00f1a en el Hospital San Camilo"},"content":{"rendered":"<ul>\n<li><strong>Celebrando el d\u00eda internacional del prematuro, el establecimiento sanfelipe\u00f1o realiz\u00f3 una actividad para saludarlos y demostrarles que con los cuidados correspondientes, estos ni\u00f1os tienen una vida completamente normal.<\/strong><\/li>\n<\/ul>\n<p>En el marco del d\u00eda internacional del beb\u00e9 prematuro, el Servicio de Neonatolog\u00eda del Hospital San Camilo, organiz\u00f3 una actividad para celebrar a los menores hospitalizados con esta condici\u00f3n y demostrarles que con los cuidados necesarios, pueden tener una vida completamente sana.<br \/>\nLa actividad, organizada por el personal de la Unidad, permiti\u00f3 reunir tanto a quienes hoy se encuentran en esta condici\u00f3n, como algunas de las mam\u00e1s que vienen con sus peque\u00f1os de uno o m\u00e1s a\u00f1os a control del prematuro, demostr\u00e1ndoles a quienes reci\u00e9n comienzan que sus hijos pueden llegar a pesar y medir lo mismo que el resto.<br \/>\n\u201cSe considera prematuro a aquellos beb\u00e9s de menos de 37 semanas, quienes actualmente tienen una sobrevida del 95%, y un 79% en el caso de los prematuros extremos, a quienes cuidamos y mantenemos en control hasta los 10 a\u00f1os y m\u00e1s si es necesario. Cada vez son m\u00e1s los ni\u00f1os prematuros que logran sobrevivir gracias a una multiplicidad de beneficios que tienen dentro del sistema p\u00fablico a trav\u00e9s del GES o de diferentes programas que hoy podemos ofrecerles a sus familias\u201d, asegur\u00f3 la Dra. Paola Pineda, neonatolog\u00eda a cargo del programa Chile Crece Contigo quien asegur\u00f3 que esta actividad busca reunir generaciones de padres y favorecer la interacci\u00f3n entre ellos para que puedan ver c\u00f3mo est\u00e1n los ni\u00f1os que ya pasaron por esto.<br \/>\nEjemplo de lo anterior, es Antonia Gonz\u00e1lez, hoy de 14 a\u00f1os quien naci\u00f3 con s\u00f3lo 670 gramos y hoy particip\u00f3 de esta actividad acompa\u00f1ada de su abuela Mar\u00eda Cerda. \u201cMi mam\u00e1 tuvo un problema y estuve muy enfermera al nacer, estando cuatro meses en incubadora, pero ahora soy una joven completamente normal, porque salimos adelante gracias a los cuidados de la familia y de la unidad de neonatolog\u00eda\u201d, asegur\u00f3 la adolescente.<br \/>\nY es que cada a\u00f1o, s\u00f3lo en el hospital San Camilo, nacen m\u00e1s de 100 beb\u00e9s en estado prematuro y entre 30 y 50 en estado de prematurez extrema, es decir de menos de 32 semanas y\/o 1500 gramos, lo que significa que requieren un tratamiento adecuado y un estricto seguimiento m\u00e9dico.<\/p>\n<figure id=\"attachment_75478\" aria-describedby=\"caption-attachment-75478\" style=\"width: 530px\" class=\"wp-caption alignleft\"><a href=\"http:\/\/www.eltrabajo.cl\/portal\/ninos-prematuros-tuvieron-su-fiesta-navidena-en-el-hospital-san-camilo\/prematuro-1\/\" rel=\"attachment wp-att-75478\"><img data-recalc-dims=\"1\" loading=\"lazy\" decoding=\"async\" class=\"size-full wp-image-75478\" src=\"https:\/\/i0.wp.com\/www.eltrabajo.cl\/portal\/wp-content\/uploads\/2016\/11\/PREMATURO-1.jpg?resize=530%2C349\" alt=\"Padres de un peque\u00f1o prematuro, posan en este divertido y colorido marco.\" width=\"530\" height=\"349\" srcset=\"https:\/\/i0.wp.com\/eltrabajo.cl\/portal\/wp-content\/uploads\/2016\/11\/PREMATURO-1.jpg?w=530&amp;ssl=1 530w, https:\/\/i0.wp.com\/eltrabajo.cl\/portal\/wp-content\/uploads\/2016\/11\/PREMATURO-1.jpg?resize=200%2C132&amp;ssl=1 200w, https:\/\/i0.wp.com\/eltrabajo.cl\/portal\/wp-content\/uploads\/2016\/11\/PREMATURO-1.jpg?resize=300%2C198&amp;ssl=1 300w, https:\/\/i0.wp.com\/eltrabajo.cl\/portal\/wp-content\/uploads\/2016\/11\/PREMATURO-1.jpg?resize=228%2C150&amp;ssl=1 228w, https:\/\/i0.wp.com\/eltrabajo.cl\/portal\/wp-content\/uploads\/2016\/11\/PREMATURO-1.jpg?resize=400%2C263&amp;ssl=1 400w\" sizes=\"auto, (max-width: 530px) 100vw, 530px\" \/><\/a><figcaption id=\"caption-attachment-75478\" class=\"wp-caption-text\">Padres de un peque\u00f1o prematuro, posan en este divertido y colorido marco.<\/figcaption><\/figure>\n<figure id=\"attachment_75479\" aria-describedby=\"caption-attachment-75479\" style=\"width: 530px\" class=\"wp-caption alignleft\"><a href=\"http:\/\/www.eltrabajo.cl\/portal\/ninos-prematuros-tuvieron-su-fiesta-navidena-en-el-hospital-san-camilo\/prematuro-2\/\" rel=\"attachment wp-att-75479\"><img data-recalc-dims=\"1\" loading=\"lazy\" decoding=\"async\" class=\"size-full wp-image-75479\" src=\"https:\/\/i0.wp.com\/www.eltrabajo.cl\/portal\/wp-content\/uploads\/2016\/11\/PREMATURO-2.jpg?resize=530%2C348\" alt=\"La organizaci\u00f3n estuvo a cargo del personal de Servicio de Neonatolog\u00eda y permiti\u00f3 reunir tanto a quienes hoy se encuentran en esta condici\u00f3n, como algunas de las mam\u00e1s que vienen con sus peque\u00f1os de uno o m\u00e1s a\u00f1os a control del prematuro.\" width=\"530\" height=\"348\" srcset=\"https:\/\/i0.wp.com\/eltrabajo.cl\/portal\/wp-content\/uploads\/2016\/11\/PREMATURO-2.jpg?w=530&amp;ssl=1 530w, https:\/\/i0.wp.com\/eltrabajo.cl\/portal\/wp-content\/uploads\/2016\/11\/PREMATURO-2.jpg?resize=200%2C131&amp;ssl=1 200w, https:\/\/i0.wp.com\/eltrabajo.cl\/portal\/wp-content\/uploads\/2016\/11\/PREMATURO-2.jpg?resize=300%2C197&amp;ssl=1 300w, https:\/\/i0.wp.com\/eltrabajo.cl\/portal\/wp-content\/uploads\/2016\/11\/PREMATURO-2.jpg?resize=228%2C150&amp;ssl=1 228w, https:\/\/i0.wp.com\/eltrabajo.cl\/portal\/wp-content\/uploads\/2016\/11\/PREMATURO-2.jpg?resize=400%2C263&amp;ssl=1 400w\" sizes=\"auto, (max-width: 530px) 100vw, 530px\" \/><\/a><figcaption id=\"caption-attachment-75479\" class=\"wp-caption-text\">La organizaci\u00f3n estuvo a cargo del personal de Servicio de Neonatolog\u00eda y permiti\u00f3 reunir tanto a quienes hoy se encuentran en esta condici\u00f3n, como algunas de las mam\u00e1s que vienen con sus peque\u00f1os de uno o m\u00e1s a\u00f1os a control del prematuro.<\/figcaption><\/figure>\n<figure id=\"attachment_75480\" aria-describedby=\"caption-attachment-75480\" style=\"width: 530px\" class=\"wp-caption alignleft\"><a href=\"http:\/\/www.eltrabajo.cl\/portal\/ninos-prematuros-tuvieron-su-fiesta-navidena-en-el-hospital-san-camilo\/prematuro\/\" rel=\"attachment wp-att-75480\"><img data-recalc-dims=\"1\" loading=\"lazy\" decoding=\"async\" class=\"size-full wp-image-75480\" src=\"https:\/\/i0.wp.com\/www.eltrabajo.cl\/portal\/wp-content\/uploads\/2016\/11\/PREMATURO.jpg?resize=530%2C349\" alt=\"En el marco del d\u00eda internacional del beb\u00e9 prematuro, el del Hospital San Camilo, organiz\u00f3 una actividad para celebrar a los menores hospitalizados con esta condici\u00f3n.\" width=\"530\" height=\"349\" srcset=\"https:\/\/i0.wp.com\/eltrabajo.cl\/portal\/wp-content\/uploads\/2016\/11\/PREMATURO.jpg?w=530&amp;ssl=1 530w, https:\/\/i0.wp.com\/eltrabajo.cl\/portal\/wp-content\/uploads\/2016\/11\/PREMATURO.jpg?resize=200%2C132&amp;ssl=1 200w, https:\/\/i0.wp.com\/eltrabajo.cl\/portal\/wp-content\/uploads\/2016\/11\/PREMATURO.jpg?resize=300%2C198&amp;ssl=1 300w, https:\/\/i0.wp.com\/eltrabajo.cl\/portal\/wp-content\/uploads\/2016\/11\/PREMATURO.jpg?resize=228%2C150&amp;ssl=1 228w, https:\/\/i0.wp.com\/eltrabajo.cl\/portal\/wp-content\/uploads\/2016\/11\/PREMATURO.jpg?resize=400%2C263&amp;ssl=1 400w\" sizes=\"auto, (max-width: 530px) 100vw, 530px\" \/><\/a><figcaption id=\"caption-attachment-75480\" class=\"wp-caption-text\">En el marco del d\u00eda internacional del beb\u00e9 prematuro, el del Hospital San Camilo, organiz\u00f3 una actividad para celebrar a los menores hospitalizados con esta condici\u00f3n.<\/figcaption><\/figure>\n","protected":false},"excerpt":{"rendered":"<p>Celebrando el d\u00eda internacional del prematuro, el establecimiento sanfelipe\u00f1o realiz\u00f3 una actividad para saludarlos y demostrarles que con los cuidados correspondientes, estos ni\u00f1os tienen una vida completamente normal. En el marco del&#8230;<\/p>\n","protected":false},"author":1,"featured_media":75479,"comment_status":"open","ping_status":"open","sticky":false,"template":"","format":"standard","meta":{"advanced_seo_description":"","jetpack_seo_html_title":"","jetpack_seo_noindex":false,"_jetpack_memberships_contains_paid_content":false,"footnotes":""},"categories":[15],"tags":[],"class_list":["post-75477","post","type-post","status-publish","format-standard","has-post-thumbnail","hentry","category-comunidad"],"jetpack_featured_media_url":"https:\/\/i0.wp.com\/eltrabajo.cl\/portal\/wp-content\/uploads\/2016\/11\/PREMATURO-2.jpg?fit=530%2C348&ssl=1","jetpack_sharing_enabled":true,"jetpack_likes_enabled":true,"jetpack-related-posts":[],"_links":{"self":[{"href":"https:\/\/eltrabajo.cl\/portal\/wp-json\/wp\/v2\/posts\/75477","targetHints":{"allow":["GET"]}}],"collection":[{"href":"https:\/\/eltrabajo.cl\/portal\/wp-json\/wp\/v2\/posts"}],"about":[{"href":"https:\/\/eltrabajo.cl\/portal\/wp-json\/wp\/v2\/types\/post"}],"author":[{"embeddable":true,"href":"https:\/\/eltrabajo.cl\/portal\/wp-json\/wp\/v2\/users\/1"}],"replies":[{"embeddable":true,"href":"https:\/\/eltrabajo.cl\/portal\/wp-json\/wp\/v2\/comments?post=75477"}],"version-history":[{"count":0,"href":"https:\/\/eltrabajo.cl\/portal\/wp-json\/wp\/v2\/posts\/75477\/revisions"}],"wp:featuredmedia":[{"embeddable":true,"href":"https:\/\/eltrabajo.cl\/portal\/wp-json\/wp\/v2\/media\/75479"}],"wp:attachment":[{"href":"https:\/\/eltrabajo.cl\/portal\/wp-json\/wp\/v2\/media?parent=75477"}],"wp:term":[{"taxonomy":"category","embeddable":true,"href":"https:\/\/eltrabajo.cl\/portal\/wp-json\/wp\/v2\/categories?post=75477"},{"taxonomy":"post_tag","embeddable":true,"href":"https:\/\/eltrabajo.cl\/portal\/wp-json\/wp\/v2\/tags?post=75477"}],"curies":[{"name":"wp","href":"https:\/\/api.w.org\/{rel}","templated":true}]}}