{"id":75483,"date":"2016-11-23T08:40:29","date_gmt":"2016-11-23T11:40:29","guid":{"rendered":"http:\/\/www.eltrabajo.cl\/portal\/?p=75483"},"modified":"2016-11-23T08:40:29","modified_gmt":"2016-11-23T11:40:29","slug":"delincuentes-no-paran-roban-cinco-millones-en-especies-desde-local-indura","status":"publish","type":"post","link":"https:\/\/eltrabajo.cl\/portal\/delincuentes-no-paran-roban-cinco-millones-en-especies-desde-local-indura\/","title":{"rendered":"Delincuentes no paran: Roban cinco millones en especies desde local Indura"},"content":{"rendered":"<ul>\n<li><strong><span style=\"color: #ff0000;\">Carabineros captur\u00f3 a dos antisociales que sustrajeron m\u00e1quinas soldadoras:<\/span>\u00a0Gracias a una testigo, los funcionarios policiales concretaron la detenci\u00f3n de los sujetos en horas de la madrugada de ayer martes, recuperando las especies que fueron dejadas en un banco de cemento en el bandej\u00f3n central de la avenida Chacabuco en San Felipe.<\/strong><\/li>\n<\/ul>\n<p>Utilizando un napole\u00f3n para cortar los candados de seguridad, dos antisociales irrumpieron en el local comercial Indura de San Felipe, para apoderarse de cuatro m\u00e1quinas soldadoras y dos set de oxicorte, avaluadas en alrededor de 5 millones de pesos, adem\u00e1s de una cantidad en dinero consistente en $129.000 que se encontraban dentro de un caj\u00f3n.<br \/>\nEl local afectado se ubica en la intersecci\u00f3n de la avenida Chacabuco esquina Navarro en San Felipe.<br \/>\nEl hecho fue observado por un testigo que realiz\u00f3 la denuncia alrededor de las 03:40 horas de la madrugada de ayer martes, asegurando a Carabineros que dos sujetos desconocidos se fugaban a bordo de una bicicleta luego de concretar el robo, trasladando las especies hasta el bandej\u00f3n central de alameda Chacabuco en un banco de cemento.<br \/>\nLos efectivos policiales, al trasladarse al lugar, dieron con el testigo, quien en conjunto con la polic\u00eda ubicaron a los delincuentes que hu\u00edan en distintas direcciones para no ser detenidos, sin embargo Carabineros captur\u00f3 a uno de estos sujetos en avenida Maip\u00fa con Chacabuco, mientras que el segundo involucrado fue reducido en calle Ana Galindo.<br \/>\nLas diligencias policiales continuaron con la recuperaci\u00f3n de las especies que se encontraban ocultas dentro de sacos y mochilas, hall\u00e1ndose cuatro m\u00e1quinas de soldar marca Indura y dos set de oxicorte.<br \/>\nAl lugar concurri\u00f3 el propietario afectado, quien fue alertando tras la activaci\u00f3n de la alama de la empresa de seguridad que le comunic\u00f3 la presencia de los desconocidos que se encontraban en su local.<br \/>\nEn una inspecci\u00f3n al sitio del suceso, se pudo advertir que los delincuentes utilizaron un napole\u00f3n para cortar los candados y un diablito para forzar un ventanal, consiguiendo de esta forma acceder al establecimiento y sustrayendo las especies y el dinero en efectivo que manten\u00eda uno de los detenidos en la pretina de su pantal\u00f3n.<br \/>\nLos imputados fueron individualizados como Carlos Acevedo Cataldo y Patricio Ortiz Pastr\u00e1n, ambos con amplio prontuario delictivo, quienes fueron sometidos a control de detenci\u00f3n la ma\u00f1ana de ayer martes, en el Juzgado de Garant\u00eda de San Felipe, por el delito de robo en lugar no habitado en grado de frustrado.<br \/>\nAl t\u00e9rmino de la audiencia los detenidos recuperaron su libertad por disposici\u00f3n del tribunal bajo m\u00ednimas cautelares de firma mensual en Carabineros, la prohibici\u00f3n de acercarse al local comercial afectado y arraigo nacional por un plazo de 60 d\u00edas fijados para la investigaci\u00f3n del caso.<br \/>\n<strong>Pablo Salinas Sald\u00edas<\/strong><\/p>\n<figure id=\"attachment_75484\" aria-describedby=\"caption-attachment-75484\" style=\"width: 530px\" class=\"wp-caption alignleft\"><a href=\"http:\/\/www.eltrabajo.cl\/portal\/delincuentes-no-paran-roban-cinco-millones-en-especies-desde-local-indura\/patricio-ortiz-pastran\/\" rel=\"attachment wp-att-75484\"><img data-recalc-dims=\"1\" loading=\"lazy\" decoding=\"async\" class=\"size-full wp-image-75484\" src=\"https:\/\/i0.wp.com\/www.eltrabajo.cl\/portal\/wp-content\/uploads\/2016\/11\/PATRICIO-ORTIZ-PASTRAN.jpg?resize=530%2C348\" alt=\"Los imputados Carlos Acevedo Cataldo y Patricio Ortiz Pastr\u00e1n, fueron detenidos por Carabineros por el delito de robo en lugar no habitado.  Tras ser formalizados en tribunales recuperaron su libertad bajo m\u00ednimas cautelares.\" width=\"530\" height=\"348\" srcset=\"https:\/\/i0.wp.com\/eltrabajo.cl\/portal\/wp-content\/uploads\/2016\/11\/PATRICIO-ORTIZ-PASTRAN.jpg?w=530&amp;ssl=1 530w, https:\/\/i0.wp.com\/eltrabajo.cl\/portal\/wp-content\/uploads\/2016\/11\/PATRICIO-ORTIZ-PASTRAN.jpg?resize=200%2C131&amp;ssl=1 200w, https:\/\/i0.wp.com\/eltrabajo.cl\/portal\/wp-content\/uploads\/2016\/11\/PATRICIO-ORTIZ-PASTRAN.jpg?resize=300%2C197&amp;ssl=1 300w, https:\/\/i0.wp.com\/eltrabajo.cl\/portal\/wp-content\/uploads\/2016\/11\/PATRICIO-ORTIZ-PASTRAN.jpg?resize=228%2C150&amp;ssl=1 228w, https:\/\/i0.wp.com\/eltrabajo.cl\/portal\/wp-content\/uploads\/2016\/11\/PATRICIO-ORTIZ-PASTRAN.jpg?resize=400%2C263&amp;ssl=1 400w\" sizes=\"auto, (max-width: 530px) 100vw, 530px\" \/><\/a><figcaption id=\"caption-attachment-75484\" class=\"wp-caption-text\">Los imputados Carlos Acevedo Cataldo y Patricio Ortiz Pastr\u00e1n, fueron detenidos por Carabineros por el delito de robo en lugar no habitado. Tras ser formalizados en tribunales recuperaron su libertad bajo m\u00ednimas cautelares.<\/figcaption><\/figure>\n<figure id=\"attachment_75485\" aria-describedby=\"caption-attachment-75485\" style=\"width: 530px\" class=\"wp-caption alignleft\"><a href=\"http:\/\/www.eltrabajo.cl\/portal\/delincuentes-no-paran-roban-cinco-millones-en-especies-desde-local-indura\/carlos-acevedo-cataldo\/\" rel=\"attachment wp-att-75485\"><img data-recalc-dims=\"1\" loading=\"lazy\" decoding=\"async\" class=\"size-full wp-image-75485\" src=\"https:\/\/i0.wp.com\/www.eltrabajo.cl\/portal\/wp-content\/uploads\/2016\/11\/CARLOS-ACEVEDO-CATALDO.jpg?resize=530%2C348\" alt=\"Los imputados Carlos Acevedo Cataldo y Patricio Ortiz Pastr\u00e1n, fueron detenidos por Carabineros por el delito de robo en lugar no habitado.  Tras ser formalizados en tribunales recuperaron su libertad bajo m\u00ednimas cautelares.\" width=\"530\" height=\"348\" srcset=\"https:\/\/i0.wp.com\/eltrabajo.cl\/portal\/wp-content\/uploads\/2016\/11\/CARLOS-ACEVEDO-CATALDO.jpg?w=530&amp;ssl=1 530w, https:\/\/i0.wp.com\/eltrabajo.cl\/portal\/wp-content\/uploads\/2016\/11\/CARLOS-ACEVEDO-CATALDO.jpg?resize=200%2C131&amp;ssl=1 200w, https:\/\/i0.wp.com\/eltrabajo.cl\/portal\/wp-content\/uploads\/2016\/11\/CARLOS-ACEVEDO-CATALDO.jpg?resize=300%2C197&amp;ssl=1 300w, https:\/\/i0.wp.com\/eltrabajo.cl\/portal\/wp-content\/uploads\/2016\/11\/CARLOS-ACEVEDO-CATALDO.jpg?resize=228%2C150&amp;ssl=1 228w, https:\/\/i0.wp.com\/eltrabajo.cl\/portal\/wp-content\/uploads\/2016\/11\/CARLOS-ACEVEDO-CATALDO.jpg?resize=400%2C263&amp;ssl=1 400w\" sizes=\"auto, (max-width: 530px) 100vw, 530px\" \/><\/a><figcaption id=\"caption-attachment-75485\" class=\"wp-caption-text\">Los imputados Carlos Acevedo Cataldo y Patricio Ortiz Pastr\u00e1n, fueron detenidos por Carabineros por el delito de robo en lugar no habitado. Tras ser formalizados en tribunales recuperaron su libertad bajo m\u00ednimas cautelares.<\/figcaption><\/figure>\n","protected":false},"excerpt":{"rendered":"<p>Carabineros captur\u00f3 a dos antisociales que sustrajeron m\u00e1quinas soldadoras:\u00a0Gracias a una testigo, los funcionarios policiales concretaron la detenci\u00f3n de los sujetos en horas de la madrugada de ayer martes, recuperando las especies&#8230;<\/p>\n","protected":false},"author":1,"featured_media":75486,"comment_status":"open","ping_status":"open","sticky":false,"template":"","format":"standard","meta":{"advanced_seo_description":"","jetpack_seo_html_title":"","jetpack_seo_noindex":false,"_jetpack_memberships_contains_paid_content":false,"footnotes":""},"categories":[21],"tags":[],"class_list":["post-75483","post","type-post","status-publish","format-standard","has-post-thumbnail","hentry","category-policial"],"jetpack_featured_media_url":"https:\/\/i0.wp.com\/eltrabajo.cl\/portal\/wp-content\/uploads\/2016\/11\/CARLOS-ACEVEDO-CATALDO-Y-PATRICIO-ORTIZ-copia.jpg?fit=530%2C350&ssl=1","jetpack_sharing_enabled":true,"jetpack_likes_enabled":true,"jetpack-related-posts":[],"_links":{"self":[{"href":"https:\/\/eltrabajo.cl\/portal\/wp-json\/wp\/v2\/posts\/75483","targetHints":{"allow":["GET"]}}],"collection":[{"href":"https:\/\/eltrabajo.cl\/portal\/wp-json\/wp\/v2\/posts"}],"about":[{"href":"https:\/\/eltrabajo.cl\/portal\/wp-json\/wp\/v2\/types\/post"}],"author":[{"embeddable":true,"href":"https:\/\/eltrabajo.cl\/portal\/wp-json\/wp\/v2\/users\/1"}],"replies":[{"embeddable":true,"href":"https:\/\/eltrabajo.cl\/portal\/wp-json\/wp\/v2\/comments?post=75483"}],"version-history":[{"count":0,"href":"https:\/\/eltrabajo.cl\/portal\/wp-json\/wp\/v2\/posts\/75483\/revisions"}],"wp:featuredmedia":[{"embeddable":true,"href":"https:\/\/eltrabajo.cl\/portal\/wp-json\/wp\/v2\/media\/75486"}],"wp:attachment":[{"href":"https:\/\/eltrabajo.cl\/portal\/wp-json\/wp\/v2\/media?parent=75483"}],"wp:term":[{"taxonomy":"category","embeddable":true,"href":"https:\/\/eltrabajo.cl\/portal\/wp-json\/wp\/v2\/categories?post=75483"},{"taxonomy":"post_tag","embeddable":true,"href":"https:\/\/eltrabajo.cl\/portal\/wp-json\/wp\/v2\/tags?post=75483"}],"curies":[{"name":"wp","href":"https:\/\/api.w.org\/{rel}","templated":true}]}}