{"id":75489,"date":"2016-11-23T08:43:02","date_gmt":"2016-11-23T11:43:02","guid":{"rendered":"http:\/\/www.eltrabajo.cl\/portal\/?p=75489"},"modified":"2016-11-23T08:43:02","modified_gmt":"2016-11-23T11:43:02","slug":"proyecto-traslado-de-arena-con-cancer-contara-con-participacion-ciudadana","status":"publish","type":"post","link":"https:\/\/eltrabajo.cl\/portal\/proyecto-traslado-de-arena-con-cancer-contara-con-participacion-ciudadana\/","title":{"rendered":"Proyecto traslado de &#8216;arena con c\u00e1ncer&#8217; contar\u00e1 con participaci\u00f3n ciudadana"},"content":{"rendered":"<ul>\n<li><strong>Asegur\u00f3 Director Regional del Servicio de Evaluaci\u00f3n Ambiental: <\/strong><\/li>\n<\/ul>\n<p>Atendiendo a una invitaci\u00f3n hecha por el gobernador Provincial de San Felipe, Eduardo Le\u00f3n Lazcano, este martes particip\u00f3 de la sesi\u00f3n del Concejo Municipal el director Regional del Sistema de Evaluaci\u00f3n Ambiental (SEA), Alberto Acu\u00f1a Cerda, para analizar la tem\u00e1tica de modificaci\u00f3n operaci\u00f3n del CTI La Hormiga, para recepcionar material t\u00e9rreo proveniente del sector Lo Salinas.<br \/>\nAl respecto el director inform\u00f3 al Concejo Municipal que este proyecto va a contar con participaci\u00f3n ciudadana que ha sido solicitada por m\u00e1s de diez personas naturales y por lo tanto ellos est\u00e1n en un proceso administrativo de a dar inicio a esta instancia.<br \/>\nEl proceso de la participaci\u00f3n ciudadana consiste en que el SEA va a realizar encuentros con la comunidad para que el titular tenga la posibilidad de mostrar su proyecto y la comunidad pueda hacer las observaciones pertinentes, \u201cen que le podr\u00eda afectar el proyecto a ellos, tanto a la salud de la poblaci\u00f3n, recursos naturales, es decir como se ver\u00eda afectada, por lo tanto la comunidad va a tener esa posibilidad de representar sus observaciones por escrito por nuestra plataforma electr\u00f3nica y eso le da derecho a que nosotros le respondamos la observaci\u00f3n una vez que se haya calificado el proyecto, y si no est\u00e1 conforme con esa respuesta, la persona puede recurrir ante instancias superiores para darse por satisfecho con respecto a las observaciones\u201d, dijo.<br \/>\nEn cuanto a las fechas en que realizar\u00e1n las conversaciones con la comunidad, el director sostuvo que ellos est\u00e1n en un proceso en el cual est\u00e1n revisando la resoluci\u00f3n de inicio y una vez que la publiquen en su sitio web y de ah\u00ed tienen un paso administrativo como es publicar en el Diario Oficial y en uno de circulaci\u00f3n regional.<br \/>\n\u201cNosotros esperamos que dentro de dos semanas m\u00e1s estemos dando inicio al proceso de participaci\u00f3n ciudadana que tendr\u00edan un proceso de duraci\u00f3n de 20 d\u00edas h\u00e1biles a partir de esa fecha desde el d\u00eda uno la comunidad puede hacer llegar sus observaciones, mientras tanto puede ir revisando el proyecto que est\u00e1 en la plataforma del SEA\u201d.<br \/>\nComent\u00f3 adem\u00e1s que la empresa inmobiliaria est\u00e1 pronto a ingresar un Estudio de Impacto Ambiental, probablemente al inicio del primer trimestre del pr\u00f3ximo a\u00f1o, por la intervenci\u00f3n que hace en el sector de Lo Salinas, es decir sacar el material y trasladarlo.<br \/>\nA\u00f1adi\u00f3 que en la solicitud de la empresa titular (GEA) no est\u00e1 contemplado el traslado: \u201cEl proyecto que est\u00e1 en evaluaci\u00f3n recepcionar\u00eda el material en puerta, por lo tanto la responsabilidad del transporte va a ser del generador o el transportista que haga la actividad, es lo que ha se\u00f1alado el titular y es parte de las observaciones que se le est\u00e1n realizando\u201d, sostuvo el director.<br \/>\nLas declaraciones de impacto ambiental est\u00e1n demorando pr\u00e1cticamente un a\u00f1o, mientras que los estudios de impacto ambiental, entre dos a\u00f1os y medio a tres a\u00f1os, haciendo demorar la tramitaci\u00f3n completa: \u201cNo estamos hablando de los plazos legales que tienen los servicios, porque nosotros cumplimos, lo que pasa que hay una gran demora en que las empresas nos respondan las observaciones que le hacemos\u201d, sostuvo.<br \/>\nRelat\u00f3 que el proyecto ingres\u00f3 el 20 de octubre y actualmente est\u00e1n recepcionadas las observaciones de los servicios p\u00fablicos, teniendo un plazo hasta el 5 de diciembre para enviarle al titular el primer informe con las observaciones de la declaraci\u00f3n presentada.<br \/>\nRecalc\u00f3 que mientras no se cuente con el Estudio de Impacto Ambiental de la empresa inmobiliaria, el acopio no se producir\u00eda por parte de GEA.<br \/>\nLa empresa GEA podr\u00eda quedar con el m\u00f3dulo autorizado para operar, pero eso va a depender de la aprobaci\u00f3n del estudio de impacto ambiental.<br \/>\n\u201cTambi\u00e9n pudiera determinarse a futuro que el material no re\u00fane ciertas caracter\u00edsticas, ah\u00ed tendr\u00edan que buscarle un nuevo sitio, si el proyecto tiene la caracter\u00edstica de peligroso no podr\u00eda ser recepcionado por GEA\u201d, sostuvo Alberto Acu\u00f1a.<br \/>\nEn el \u00faltimo caso, existen rellenos de seguridad que pudieran albergar este tipo de material peligroso.<br \/>\nEs el DS Nro. 148 que obliga al generador del material descartar la peligrosidad.<\/p>\n<figure id=\"attachment_75490\" aria-describedby=\"caption-attachment-75490\" style=\"width: 530px\" class=\"wp-caption alignleft\"><a href=\"http:\/\/www.eltrabajo.cl\/portal\/proyecto-traslado-de-arena-con-cancer-contara-con-participacion-ciudadana\/alberto-acuna-cerda\/\" rel=\"attachment wp-att-75490\"><img data-recalc-dims=\"1\" loading=\"lazy\" decoding=\"async\" class=\"size-full wp-image-75490\" src=\"https:\/\/i0.wp.com\/www.eltrabajo.cl\/portal\/wp-content\/uploads\/2016\/11\/ALBERTO-ACUNA-CERDA.jpg?resize=530%2C348\" alt=\"Director Regional del SEA, Alberto Acu\u00f1a Cerda, junto al gobernador, Eduardo Le\u00f3n.\" width=\"530\" height=\"348\" srcset=\"https:\/\/i0.wp.com\/eltrabajo.cl\/portal\/wp-content\/uploads\/2016\/11\/ALBERTO-ACUNA-CERDA.jpg?w=530&amp;ssl=1 530w, https:\/\/i0.wp.com\/eltrabajo.cl\/portal\/wp-content\/uploads\/2016\/11\/ALBERTO-ACUNA-CERDA.jpg?resize=200%2C131&amp;ssl=1 200w, https:\/\/i0.wp.com\/eltrabajo.cl\/portal\/wp-content\/uploads\/2016\/11\/ALBERTO-ACUNA-CERDA.jpg?resize=300%2C197&amp;ssl=1 300w, https:\/\/i0.wp.com\/eltrabajo.cl\/portal\/wp-content\/uploads\/2016\/11\/ALBERTO-ACUNA-CERDA.jpg?resize=228%2C150&amp;ssl=1 228w, https:\/\/i0.wp.com\/eltrabajo.cl\/portal\/wp-content\/uploads\/2016\/11\/ALBERTO-ACUNA-CERDA.jpg?resize=400%2C263&amp;ssl=1 400w\" sizes=\"auto, (max-width: 530px) 100vw, 530px\" \/><\/a><figcaption id=\"caption-attachment-75490\" class=\"wp-caption-text\">Director Regional del SEA, Alberto Acu\u00f1a Cerda, junto al gobernador, Eduardo Le\u00f3n.<\/figcaption><\/figure>\n","protected":false},"excerpt":{"rendered":"<p>Asegur\u00f3 Director Regional del Servicio de Evaluaci\u00f3n Ambiental: Atendiendo a una invitaci\u00f3n hecha por el gobernador Provincial de San Felipe, Eduardo Le\u00f3n Lazcano, este martes particip\u00f3 de la sesi\u00f3n del Concejo Municipal&#8230;<\/p>\n","protected":false},"author":1,"featured_media":75490,"comment_status":"open","ping_status":"open","sticky":false,"template":"","format":"standard","meta":{"advanced_seo_description":"","jetpack_seo_html_title":"","jetpack_seo_noindex":false,"_jetpack_memberships_contains_paid_content":false,"footnotes":""},"categories":[1],"tags":[],"class_list":["post-75489","post","type-post","status-publish","format-standard","has-post-thumbnail","hentry","category-cronica"],"jetpack_featured_media_url":"https:\/\/i0.wp.com\/eltrabajo.cl\/portal\/wp-content\/uploads\/2016\/11\/ALBERTO-ACUNA-CERDA.jpg?fit=530%2C348&ssl=1","jetpack_sharing_enabled":true,"jetpack_likes_enabled":true,"jetpack-related-posts":[],"_links":{"self":[{"href":"https:\/\/eltrabajo.cl\/portal\/wp-json\/wp\/v2\/posts\/75489","targetHints":{"allow":["GET"]}}],"collection":[{"href":"https:\/\/eltrabajo.cl\/portal\/wp-json\/wp\/v2\/posts"}],"about":[{"href":"https:\/\/eltrabajo.cl\/portal\/wp-json\/wp\/v2\/types\/post"}],"author":[{"embeddable":true,"href":"https:\/\/eltrabajo.cl\/portal\/wp-json\/wp\/v2\/users\/1"}],"replies":[{"embeddable":true,"href":"https:\/\/eltrabajo.cl\/portal\/wp-json\/wp\/v2\/comments?post=75489"}],"version-history":[{"count":0,"href":"https:\/\/eltrabajo.cl\/portal\/wp-json\/wp\/v2\/posts\/75489\/revisions"}],"wp:featuredmedia":[{"embeddable":true,"href":"https:\/\/eltrabajo.cl\/portal\/wp-json\/wp\/v2\/media\/75490"}],"wp:attachment":[{"href":"https:\/\/eltrabajo.cl\/portal\/wp-json\/wp\/v2\/media?parent=75489"}],"wp:term":[{"taxonomy":"category","embeddable":true,"href":"https:\/\/eltrabajo.cl\/portal\/wp-json\/wp\/v2\/categories?post=75489"},{"taxonomy":"post_tag","embeddable":true,"href":"https:\/\/eltrabajo.cl\/portal\/wp-json\/wp\/v2\/tags?post=75489"}],"curies":[{"name":"wp","href":"https:\/\/api.w.org\/{rel}","templated":true}]}}