{"id":75493,"date":"2016-11-23T08:45:54","date_gmt":"2016-11-23T11:45:54","guid":{"rendered":"http:\/\/www.eltrabajo.cl\/portal\/?p=75493"},"modified":"2016-11-23T08:45:54","modified_gmt":"2016-11-23T11:45:54","slug":"ex-carabinero-formalizado-por-abuso-sexual-reiterado-a-menor-de-14-anos","status":"publish","type":"post","link":"https:\/\/eltrabajo.cl\/portal\/ex-carabinero-formalizado-por-abuso-sexual-reiterado-a-menor-de-14-anos\/","title":{"rendered":"Ex carabinero formalizado por abuso sexual reiterado a menor de 14 a\u00f1os"},"content":{"rendered":"<ul>\n<li><strong>Entre los a\u00f1os 2008 a 2013 cuando se desempe\u00f1aba en San Felipe y Putaendo:<\/strong><\/li>\n<\/ul>\n<p><strong>PUTAENDO.-<\/strong> La ma\u00f1ana de este martes en el Tribunal Mixto de Putaendo se procedi\u00f3 a la audiencia de formalizaci\u00f3n a ex funcionario de Carabineros acusado del delito de abuso sexual reiterado contra una menor de 14 a\u00f1os de edad.<br \/>\nLos hechos que se le imputan al ex uniformado habr\u00edan ocurrido desde el 2008 al 2013 mientras se desempe\u00f1aba como carabinero activo de la 2da Comisar\u00eda de San Felipe y de la Tenencia de Putaendo.<\/p>\n<figure id=\"attachment_75495\" aria-describedby=\"caption-attachment-75495\" style=\"width: 300px\" class=\"wp-caption alignleft\"><a href=\"http:\/\/www.eltrabajo.cl\/portal\/ex-carabinero-formalizado-por-abuso-sexual-reiterado-a-menor-de-14-anos\/benjamin-santibanez\/\" rel=\"attachment wp-att-75495\"><img data-recalc-dims=\"1\" loading=\"lazy\" decoding=\"async\" class=\"size-medium wp-image-75495\" src=\"https:\/\/i0.wp.com\/www.eltrabajo.cl\/portal\/wp-content\/uploads\/2016\/11\/Benjamin-Santibanez-300x198.jpg?resize=300%2C198\" alt=\"Benjam\u00edn Santib\u00e1\u00f1ez Contreras, Fiscal Especial del Sistema de An\u00e1lisis Criminal de la V Regi\u00f3n.\" width=\"300\" height=\"198\" srcset=\"https:\/\/i0.wp.com\/eltrabajo.cl\/portal\/wp-content\/uploads\/2016\/11\/Benjamin-Santibanez.jpg?resize=300%2C198&amp;ssl=1 300w, https:\/\/i0.wp.com\/eltrabajo.cl\/portal\/wp-content\/uploads\/2016\/11\/Benjamin-Santibanez.jpg?resize=200%2C132&amp;ssl=1 200w, https:\/\/i0.wp.com\/eltrabajo.cl\/portal\/wp-content\/uploads\/2016\/11\/Benjamin-Santibanez.jpg?resize=227%2C150&amp;ssl=1 227w, https:\/\/i0.wp.com\/eltrabajo.cl\/portal\/wp-content\/uploads\/2016\/11\/Benjamin-Santibanez.jpg?resize=400%2C264&amp;ssl=1 400w, https:\/\/i0.wp.com\/eltrabajo.cl\/portal\/wp-content\/uploads\/2016\/11\/Benjamin-Santibanez.jpg?w=530&amp;ssl=1 530w\" sizes=\"auto, (max-width: 300px) 100vw, 300px\" \/><\/a><figcaption id=\"caption-attachment-75495\" class=\"wp-caption-text\">Benjam\u00edn Santib\u00e1\u00f1ez Contreras, Fiscal Especial del Sistema de An\u00e1lisis Criminal de la V Regi\u00f3n.<\/figcaption><\/figure>\n<p>\u00abEl d\u00eda de hoy se le comunic\u00f3 al imputado que est\u00e1 siendo investigado por un delito de abuso sexual reiterado en contra de una menor de 14 a\u00f1os. Estos hechos ocurrieron entre los a\u00f1os 2008 y 2013 en la comuna de Putaendo. La carpeta investigativa tiene antecedentes suficientes para fundamentar esta acusaci\u00f3n\u00bb, subray\u00f3 Benjam\u00edn Santib\u00e1\u00f1ez Contreras, Fiscal Especial del Sistema de An\u00e1lisis Criminal de la V Regi\u00f3n, quien convers\u00f3 con nuestro medio a la salida del Tribunal una vez concluida la audiencia.<br \/>\nEl jurista argument\u00f3 que no es posible dar a conocer a\u00fan la identidad del acusado, pero confirm\u00f3 que se trata de un excarabinero que prest\u00f3 funciones en Putaendo y en San Felipe.<\/p>\n","protected":false},"excerpt":{"rendered":"<p>Entre los a\u00f1os 2008 a 2013 cuando se desempe\u00f1aba en San Felipe y Putaendo: PUTAENDO.- La ma\u00f1ana de este martes en el Tribunal Mixto de Putaendo se procedi\u00f3 a la audiencia de&#8230;<\/p>\n","protected":false},"author":1,"featured_media":75494,"comment_status":"open","ping_status":"open","sticky":false,"template":"","format":"standard","meta":{"advanced_seo_description":"","jetpack_seo_html_title":"","jetpack_seo_noindex":false,"_jetpack_memberships_contains_paid_content":false,"footnotes":""},"categories":[21],"tags":[],"class_list":["post-75493","post","type-post","status-publish","format-standard","has-post-thumbnail","hentry","category-policial"],"jetpack_featured_media_url":"https:\/\/i0.wp.com\/eltrabajo.cl\/portal\/wp-content\/uploads\/2016\/11\/abuso-sexual-infantil.jpg?fit=530%2C349&ssl=1","jetpack_sharing_enabled":true,"jetpack_likes_enabled":true,"jetpack-related-posts":[],"_links":{"self":[{"href":"https:\/\/eltrabajo.cl\/portal\/wp-json\/wp\/v2\/posts\/75493","targetHints":{"allow":["GET"]}}],"collection":[{"href":"https:\/\/eltrabajo.cl\/portal\/wp-json\/wp\/v2\/posts"}],"about":[{"href":"https:\/\/eltrabajo.cl\/portal\/wp-json\/wp\/v2\/types\/post"}],"author":[{"embeddable":true,"href":"https:\/\/eltrabajo.cl\/portal\/wp-json\/wp\/v2\/users\/1"}],"replies":[{"embeddable":true,"href":"https:\/\/eltrabajo.cl\/portal\/wp-json\/wp\/v2\/comments?post=75493"}],"version-history":[{"count":0,"href":"https:\/\/eltrabajo.cl\/portal\/wp-json\/wp\/v2\/posts\/75493\/revisions"}],"wp:featuredmedia":[{"embeddable":true,"href":"https:\/\/eltrabajo.cl\/portal\/wp-json\/wp\/v2\/media\/75494"}],"wp:attachment":[{"href":"https:\/\/eltrabajo.cl\/portal\/wp-json\/wp\/v2\/media?parent=75493"}],"wp:term":[{"taxonomy":"category","embeddable":true,"href":"https:\/\/eltrabajo.cl\/portal\/wp-json\/wp\/v2\/categories?post=75493"},{"taxonomy":"post_tag","embeddable":true,"href":"https:\/\/eltrabajo.cl\/portal\/wp-json\/wp\/v2\/tags?post=75493"}],"curies":[{"name":"wp","href":"https:\/\/api.w.org\/{rel}","templated":true}]}}