{"id":75498,"date":"2016-11-24T09:08:24","date_gmt":"2016-11-24T12:08:24","guid":{"rendered":"http:\/\/www.eltrabajo.cl\/portal\/?p=75498"},"modified":"2016-11-24T09:09:29","modified_gmt":"2016-11-24T12:09:29","slug":"por-querer-salvar-a-su-hermano-ambos-murieron-arrastrados-por-aluvion","status":"publish","type":"post","link":"https:\/\/eltrabajo.cl\/portal\/por-querer-salvar-a-su-hermano-ambos-murieron-arrastrados-por-aluvion\/","title":{"rendered":"Por querer salvar a su hermano, ambos murieron arrastrados por aluvi\u00f3n"},"content":{"rendered":"<ul>\n<li><strong><span style=\"color: #ff0000;\">Horrible tragedia en sector El Manzano:<\/span>\u00a0En cuesti\u00f3n de minutos el estero que estaba seco se convirti\u00f3 en un verdadero r\u00edo cuyo torrente arrastr\u00f3 a ambos hermanos por m\u00e1s de 700 metros, en tanto las motocicletas fueron halladas destruidas a varios kil\u00f3metros de distancia.<\/strong><\/li>\n<\/ul>\n<p>Una horrible y dram\u00e1tica tragedia se desat\u00f3 en horas de la tarde de ayer en el sector El Manzano, en la comuna de Putaendo, donde dos de cuatro hermanos que salieron a pasear en sus motocicletas todo terreno, perdieron la vida al ser arrastrados por un gigantesco aluvi\u00f3n que los sorprendi\u00f3 en la Quebrada Agua del Buitre.<br \/>\nLa tragedia comenz\u00f3 a desarrollarse alrededor de las 13 horas de ayer mi\u00e9rcoles, cuando los cuatro hermanos Bravo Cartagena (Luis, Jes\u00fas, Roberto y Juan Jos\u00e9, todos ellos de entre 20 a 26 a\u00f1os), lugare\u00f1os del sector que viven con sus padres y se dedican al cabrer\u00edo y labores agr\u00edcolas, aprovecharon su d\u00eda de descanso y decidieron salir en sus motocicletas enduro a recorrer el cerro, por lo que se dirigieron a la Quebrada Agua del Buitre, sector al que normalmente acud\u00edan.<br \/>\nSeg\u00fan relata uno de los hermanos sobrevivientes, Jes\u00fas Bravo Cartagena, a eso de las 16 horas comenz\u00f3 a llover intensamente, con mucho viento, por lo que decidieron regresar. Luis y Jes\u00fas se vinieron primero, y al cruzar la Quebrada Agua del Buitre se percataron que el estero, que normalmente est\u00e1 seco, en 20 minutos se transform\u00f3 en un verdadero r\u00edo, trayendo un inmenso caudal que hizo que Jes\u00fas cayera al agua en su moto, ante lo cual su hermano Luis acude en su ayuda y logra sacarlo al igual que la moto, luego de lo cual se dirigen a su casa ubicada en las cercan\u00edas, en pleno cerro a unos 15 kil\u00f3metros de la orilla de la carretera.<br \/>\nSeg\u00fan relata Jes\u00fas, se est\u00e1n bajando de las motos cuando sienten un verdadero estruendo provocado por el aluvi\u00f3n de rocas y piedras que ca\u00eda por la quebrada, por lo que se devuelven a buscar a sus otros dos hermanos, Roberto Francisco y Juan Jos\u00e9. Cuando est\u00e1n por llegar a la quebrada logran divisar a su hermano Roberto, de 23 a\u00f1os de edad, que estaba en medio del cauce y el agua lo estaba arrastrando, apreciando siempre a la distancia como su otro hermano, Juan Jos\u00e9 de 26 a\u00f1os, se devuelve y se mete al r\u00edo para rescatarlo. Fue en esos instantes cuando el agua subi\u00f3 de tal manera que los cubri\u00f3 por completo y ya nunca m\u00e1s los volvieron a ver.<br \/>\nCabe destacar que esta tragedia golpea a una familia de mucho esfuerzo, pues los cuatro hermanos viv\u00edan con sus padres, ayudando en las labores productivas.<br \/>\nTras la tragedia, hasta el lugar lleg\u00f3 personal de Bomberos y de Carabineros al mando del Teniente \u00c1ngelo Acevedo, quien se\u00f1al\u00f3 que los cuerpos fueron arrastrados unos 700 metros, quedando distantes a unos 400 metros uno de otro, en tanto las motocicletas fueron encontradas totalmente destrozadas a kil\u00f3metros del lugar.<br \/>\nEl oficial explic\u00f3 que el fen\u00f3meno se produjo porque cay\u00f3 nieve y lluvia en forma abundante, lo que provoc\u00f3 el aluvi\u00f3n de grandes proporciones, con enormes masas de agua, tierra, rocas y piedras.<br \/>\nAl lugar tambi\u00e9n llegaron familiares de las v\u00edctimas.<br \/>\nEl Teniente Acevedo agreg\u00f3 finalmente que debido al riesgo inminente de otro aluvi\u00f3n, pidi\u00f3 autorizaci\u00f3n al fiscal para mover los cuerpos del cauce para que no se los llevara una nueva crecida, traslad\u00e1ndolos hasta otro sector a la espera de la llegada de los peritos de la PDI y del Servicio M\u00e9dico Legal, quienes hicieron su arribo alrededor de las 21,15 horas de ayer.<br \/>\n<strong>Marco A. Juri<\/strong><\/p>\n<figure id=\"attachment_75499\" aria-describedby=\"caption-attachment-75499\" style=\"width: 530px\" class=\"wp-caption alignleft\"><a href=\"http:\/\/www.eltrabajo.cl\/portal\/por-querer-salvar-a-su-hermano-ambos-murieron-arrastrados-por-aluvion\/tragedia-hermanos-arrastrados-por-aluvion-luis-y-jose\/\" rel=\"attachment wp-att-75499\"><img data-recalc-dims=\"1\" loading=\"lazy\" decoding=\"async\" class=\"size-full wp-image-75499\" src=\"https:\/\/i0.wp.com\/www.eltrabajo.cl\/portal\/wp-content\/uploads\/2016\/11\/tragedia-hermanos-arrastrados-por-aluvion-luis-y-jose.jpg?resize=530%2C350\" alt=\"Los hermanos sobrevivientes, Luis y Jes\u00fas, visiblemente impactados con la tragedia. (Fotos Patricio Gallardo)\" width=\"530\" height=\"350\" srcset=\"https:\/\/i0.wp.com\/eltrabajo.cl\/portal\/wp-content\/uploads\/2016\/11\/tragedia-hermanos-arrastrados-por-aluvion-luis-y-jose.jpg?w=530&amp;ssl=1 530w, https:\/\/i0.wp.com\/eltrabajo.cl\/portal\/wp-content\/uploads\/2016\/11\/tragedia-hermanos-arrastrados-por-aluvion-luis-y-jose.jpg?resize=200%2C132&amp;ssl=1 200w, https:\/\/i0.wp.com\/eltrabajo.cl\/portal\/wp-content\/uploads\/2016\/11\/tragedia-hermanos-arrastrados-por-aluvion-luis-y-jose.jpg?resize=300%2C198&amp;ssl=1 300w, https:\/\/i0.wp.com\/eltrabajo.cl\/portal\/wp-content\/uploads\/2016\/11\/tragedia-hermanos-arrastrados-por-aluvion-luis-y-jose.jpg?resize=227%2C150&amp;ssl=1 227w, https:\/\/i0.wp.com\/eltrabajo.cl\/portal\/wp-content\/uploads\/2016\/11\/tragedia-hermanos-arrastrados-por-aluvion-luis-y-jose.jpg?resize=400%2C264&amp;ssl=1 400w\" sizes=\"auto, (max-width: 530px) 100vw, 530px\" \/><\/a><figcaption id=\"caption-attachment-75499\" class=\"wp-caption-text\">Los hermanos sobrevivientes, Luis y Jes\u00fas, visiblemente impactados con la tragedia. (Fotos Patricio Gallardo)<\/figcaption><\/figure>\n<figure id=\"attachment_75500\" aria-describedby=\"caption-attachment-75500\" style=\"width: 530px\" class=\"wp-caption alignleft\"><a href=\"http:\/\/www.eltrabajo.cl\/portal\/por-querer-salvar-a-su-hermano-ambos-murieron-arrastrados-por-aluvion\/tragedia-hermanos-arrastrados-por-aluvion-moto\/\" rel=\"attachment wp-att-75500\"><img data-recalc-dims=\"1\" loading=\"lazy\" decoding=\"async\" class=\"size-full wp-image-75500\" src=\"https:\/\/i0.wp.com\/www.eltrabajo.cl\/portal\/wp-content\/uploads\/2016\/11\/tragedia-hermanos-arrastrados-por-aluvion-moto.jpg?resize=530%2C350\" alt=\"Las motocicletas fueron halladas a kil\u00f3metros del lugar de la ca\u00edda, destruidas, cubiertas de lodo y piedras.\" width=\"530\" height=\"350\" srcset=\"https:\/\/i0.wp.com\/eltrabajo.cl\/portal\/wp-content\/uploads\/2016\/11\/tragedia-hermanos-arrastrados-por-aluvion-moto.jpg?w=530&amp;ssl=1 530w, https:\/\/i0.wp.com\/eltrabajo.cl\/portal\/wp-content\/uploads\/2016\/11\/tragedia-hermanos-arrastrados-por-aluvion-moto.jpg?resize=200%2C132&amp;ssl=1 200w, https:\/\/i0.wp.com\/eltrabajo.cl\/portal\/wp-content\/uploads\/2016\/11\/tragedia-hermanos-arrastrados-por-aluvion-moto.jpg?resize=300%2C198&amp;ssl=1 300w, https:\/\/i0.wp.com\/eltrabajo.cl\/portal\/wp-content\/uploads\/2016\/11\/tragedia-hermanos-arrastrados-por-aluvion-moto.jpg?resize=227%2C150&amp;ssl=1 227w, https:\/\/i0.wp.com\/eltrabajo.cl\/portal\/wp-content\/uploads\/2016\/11\/tragedia-hermanos-arrastrados-por-aluvion-moto.jpg?resize=400%2C264&amp;ssl=1 400w\" sizes=\"auto, (max-width: 530px) 100vw, 530px\" \/><\/a><figcaption id=\"caption-attachment-75500\" class=\"wp-caption-text\">Las motocicletas fueron halladas a kil\u00f3metros del lugar de la ca\u00edda, destruidas, cubiertas de lodo y piedras.<\/figcaption><\/figure>\n<figure id=\"attachment_75501\" aria-describedby=\"caption-attachment-75501\" style=\"width: 530px\" class=\"wp-caption alignleft\"><a href=\"http:\/\/www.eltrabajo.cl\/portal\/por-querer-salvar-a-su-hermano-ambos-murieron-arrastrados-por-aluvion\/tragedia-hermanos-arrastrados-por-aluvion-rescate-cuerpo1\/\" rel=\"attachment wp-att-75501\"><img data-recalc-dims=\"1\" loading=\"lazy\" decoding=\"async\" class=\"size-full wp-image-75501\" src=\"https:\/\/i0.wp.com\/www.eltrabajo.cl\/portal\/wp-content\/uploads\/2016\/11\/tragedia-hermanos-arrastrados-por-aluvion-rescate-cuerpo1.jpg?resize=530%2C350\" alt=\"Personal de Bomberos y Carabineros en pleno rescate de los cuerpos de los infortunados hermanos Roberto Francisco y Juan Jos\u00e9 Bravo Cartagena. (Fotos Patricio Gallardo)\" width=\"530\" height=\"350\" srcset=\"https:\/\/i0.wp.com\/eltrabajo.cl\/portal\/wp-content\/uploads\/2016\/11\/tragedia-hermanos-arrastrados-por-aluvion-rescate-cuerpo1.jpg?w=530&amp;ssl=1 530w, https:\/\/i0.wp.com\/eltrabajo.cl\/portal\/wp-content\/uploads\/2016\/11\/tragedia-hermanos-arrastrados-por-aluvion-rescate-cuerpo1.jpg?resize=200%2C132&amp;ssl=1 200w, https:\/\/i0.wp.com\/eltrabajo.cl\/portal\/wp-content\/uploads\/2016\/11\/tragedia-hermanos-arrastrados-por-aluvion-rescate-cuerpo1.jpg?resize=300%2C198&amp;ssl=1 300w, https:\/\/i0.wp.com\/eltrabajo.cl\/portal\/wp-content\/uploads\/2016\/11\/tragedia-hermanos-arrastrados-por-aluvion-rescate-cuerpo1.jpg?resize=227%2C150&amp;ssl=1 227w, https:\/\/i0.wp.com\/eltrabajo.cl\/portal\/wp-content\/uploads\/2016\/11\/tragedia-hermanos-arrastrados-por-aluvion-rescate-cuerpo1.jpg?resize=400%2C264&amp;ssl=1 400w\" sizes=\"auto, (max-width: 530px) 100vw, 530px\" \/><\/a><figcaption id=\"caption-attachment-75501\" class=\"wp-caption-text\">Personal de Bomberos y Carabineros en pleno rescate de los cuerpos de los infortunados hermanos Roberto Francisco y Juan Jos\u00e9 Bravo Cartagena. (Fotos Patricio Gallardo)<\/figcaption><\/figure>\n<figure id=\"attachment_75502\" aria-describedby=\"caption-attachment-75502\" style=\"width: 530px\" class=\"wp-caption alignleft\"><a href=\"http:\/\/www.eltrabajo.cl\/portal\/por-querer-salvar-a-su-hermano-ambos-murieron-arrastrados-por-aluvion\/tragedia-hermanos-arrastrados-por-aluvion-rescate-cuerpo2\/\" rel=\"attachment wp-att-75502\"><img data-recalc-dims=\"1\" loading=\"lazy\" decoding=\"async\" class=\"size-full wp-image-75502\" src=\"https:\/\/i0.wp.com\/www.eltrabajo.cl\/portal\/wp-content\/uploads\/2016\/11\/tragedia-hermanos-arrastrados-por-aluvion-rescate-cuerpo2.jpg?resize=530%2C350\" alt=\"Personal de Bomberos y Carabineros en pleno rescate de los cuerpos de los infortunados hermanos Roberto Francisco y Juan Jos\u00e9 Bravo Cartagena. (Fotos Patricio Gallardo)\" width=\"530\" height=\"350\" srcset=\"https:\/\/i0.wp.com\/eltrabajo.cl\/portal\/wp-content\/uploads\/2016\/11\/tragedia-hermanos-arrastrados-por-aluvion-rescate-cuerpo2.jpg?w=530&amp;ssl=1 530w, https:\/\/i0.wp.com\/eltrabajo.cl\/portal\/wp-content\/uploads\/2016\/11\/tragedia-hermanos-arrastrados-por-aluvion-rescate-cuerpo2.jpg?resize=200%2C132&amp;ssl=1 200w, https:\/\/i0.wp.com\/eltrabajo.cl\/portal\/wp-content\/uploads\/2016\/11\/tragedia-hermanos-arrastrados-por-aluvion-rescate-cuerpo2.jpg?resize=300%2C198&amp;ssl=1 300w, https:\/\/i0.wp.com\/eltrabajo.cl\/portal\/wp-content\/uploads\/2016\/11\/tragedia-hermanos-arrastrados-por-aluvion-rescate-cuerpo2.jpg?resize=227%2C150&amp;ssl=1 227w, https:\/\/i0.wp.com\/eltrabajo.cl\/portal\/wp-content\/uploads\/2016\/11\/tragedia-hermanos-arrastrados-por-aluvion-rescate-cuerpo2.jpg?resize=400%2C264&amp;ssl=1 400w\" sizes=\"auto, (max-width: 530px) 100vw, 530px\" \/><\/a><figcaption id=\"caption-attachment-75502\" class=\"wp-caption-text\">Personal de Bomberos y Carabineros en pleno rescate de los cuerpos de los infortunados hermanos Roberto Francisco y Juan Jos\u00e9 Bravo Cartagena. (Fotos Patricio Gallardo)<\/figcaption><\/figure>\n","protected":false},"excerpt":{"rendered":"<p>Horrible tragedia en sector El Manzano:\u00a0En cuesti\u00f3n de minutos el estero que estaba seco se convirti\u00f3 en un verdadero r\u00edo cuyo torrente arrastr\u00f3 a ambos hermanos por m\u00e1s de 700 metros, en&#8230;<\/p>\n","protected":false},"author":1,"featured_media":75501,"comment_status":"open","ping_status":"open","sticky":false,"template":"","format":"standard","meta":{"advanced_seo_description":"","jetpack_seo_html_title":"","jetpack_seo_noindex":false,"_jetpack_memberships_contains_paid_content":false,"footnotes":""},"categories":[21],"tags":[],"class_list":["post-75498","post","type-post","status-publish","format-standard","has-post-thumbnail","hentry","category-policial"],"jetpack_featured_media_url":"https:\/\/i0.wp.com\/eltrabajo.cl\/portal\/wp-content\/uploads\/2016\/11\/tragedia-hermanos-arrastrados-por-aluvion-rescate-cuerpo1.jpg?fit=530%2C350&ssl=1","jetpack_sharing_enabled":true,"jetpack_likes_enabled":true,"jetpack-related-posts":[],"_links":{"self":[{"href":"https:\/\/eltrabajo.cl\/portal\/wp-json\/wp\/v2\/posts\/75498","targetHints":{"allow":["GET"]}}],"collection":[{"href":"https:\/\/eltrabajo.cl\/portal\/wp-json\/wp\/v2\/posts"}],"about":[{"href":"https:\/\/eltrabajo.cl\/portal\/wp-json\/wp\/v2\/types\/post"}],"author":[{"embeddable":true,"href":"https:\/\/eltrabajo.cl\/portal\/wp-json\/wp\/v2\/users\/1"}],"replies":[{"embeddable":true,"href":"https:\/\/eltrabajo.cl\/portal\/wp-json\/wp\/v2\/comments?post=75498"}],"version-history":[{"count":0,"href":"https:\/\/eltrabajo.cl\/portal\/wp-json\/wp\/v2\/posts\/75498\/revisions"}],"wp:featuredmedia":[{"embeddable":true,"href":"https:\/\/eltrabajo.cl\/portal\/wp-json\/wp\/v2\/media\/75501"}],"wp:attachment":[{"href":"https:\/\/eltrabajo.cl\/portal\/wp-json\/wp\/v2\/media?parent=75498"}],"wp:term":[{"taxonomy":"category","embeddable":true,"href":"https:\/\/eltrabajo.cl\/portal\/wp-json\/wp\/v2\/categories?post=75498"},{"taxonomy":"post_tag","embeddable":true,"href":"https:\/\/eltrabajo.cl\/portal\/wp-json\/wp\/v2\/tags?post=75498"}],"curies":[{"name":"wp","href":"https:\/\/api.w.org\/{rel}","templated":true}]}}