{"id":75511,"date":"2016-11-24T08:52:44","date_gmt":"2016-11-24T11:52:44","guid":{"rendered":"http:\/\/www.eltrabajo.cl\/portal\/?p=75511"},"modified":"2016-11-24T08:52:44","modified_gmt":"2016-11-24T11:52:44","slug":"esval-responde-a-denuncia-sobre-animal-muerto-en-canal-del-cerro-el-llano","status":"publish","type":"post","link":"https:\/\/eltrabajo.cl\/portal\/esval-responde-a-denuncia-sobre-animal-muerto-en-canal-del-cerro-el-llano\/","title":{"rendered":"Esval responde a denuncia sobre animal muerto en canal del Cerro El Llano"},"content":{"rendered":"<p>PUTAENDO.- El subgerente Zonal de Esval, Alejandro P\u00e9rez, sali\u00f3 al paso de la denuncia realizada por la Junta de Vecinos del Cerro El Llano, luego que en el Canal La Compa\u00f1\u00eda apareciera una cabra muerta y en avanzado estado de descomposici\u00f3n.<br \/>\nFrente a ello, el ejecutivo expres\u00f3.<br \/>\n\u201cNuestro sistema de producci\u00f3n de agua potable en Putaendo, se abastece tanto de fuentes subterr\u00e1neas (pozos), como superficiales, como es el caso del canal La Compa\u00f1\u00eda, en el sector El Llano.<br \/>\nEn estos afluentes es habitual la presencia de diversas especies y organismos, sin embargo esta agua cruda es debidamente tratada y sometida a estrictos controles a la entrada y salida de nuestra planta, para hacerla potable y distribuirla de acuerdo a los est\u00e1ndares que exige la norma y que resguarda la salud de nuestros clientes.<br \/>\nPor otro lado, efectuamos un monitoreo constante y limpieza en el entorno de nuestra planta, no obstante al tratarse de un canal particular, su fiscalizaci\u00f3n aguas arriba corresponde a otros organismos y por eso es importante que todos colaboremos en su cuidado, evitando arrojar desechos o desperdicios.<br \/>\nQueremos transmitirle a la comunidad que el agua es plenamente apta para su consumo. Cualquier inquietud, nuestro fono servicio 600 600 60 60 est\u00e1 disponible para atender todas las consultas de la comunidad\u201d.<\/p>\n<figure id=\"attachment_75512\" aria-describedby=\"caption-attachment-75512\" style=\"width: 528px\" class=\"wp-caption alignleft\"><a href=\"http:\/\/www.eltrabajo.cl\/portal\/esval-responde-a-denuncia-sobre-animal-muerto-en-canal-del-cerro-el-llano\/animal-muerto-en-canal\/\" rel=\"attachment wp-att-75512\"><img data-recalc-dims=\"1\" loading=\"lazy\" decoding=\"async\" class=\"size-full wp-image-75512\" src=\"https:\/\/i0.wp.com\/www.eltrabajo.cl\/portal\/wp-content\/uploads\/2016\/11\/animal-muerto-en-canal.jpg?resize=528%2C350\" alt=\"La Junta de Vecinos del Cerro El Llano inform\u00f3  que en el canal La Compa\u00f1\u00eda, apareci\u00f3 una cabra muerta y en avanzado estado de descomposici\u00f3n.\" width=\"528\" height=\"350\" srcset=\"https:\/\/i0.wp.com\/eltrabajo.cl\/portal\/wp-content\/uploads\/2016\/11\/animal-muerto-en-canal.jpg?w=528&amp;ssl=1 528w, https:\/\/i0.wp.com\/eltrabajo.cl\/portal\/wp-content\/uploads\/2016\/11\/animal-muerto-en-canal.jpg?resize=200%2C133&amp;ssl=1 200w, https:\/\/i0.wp.com\/eltrabajo.cl\/portal\/wp-content\/uploads\/2016\/11\/animal-muerto-en-canal.jpg?resize=300%2C199&amp;ssl=1 300w, https:\/\/i0.wp.com\/eltrabajo.cl\/portal\/wp-content\/uploads\/2016\/11\/animal-muerto-en-canal.jpg?resize=226%2C150&amp;ssl=1 226w, https:\/\/i0.wp.com\/eltrabajo.cl\/portal\/wp-content\/uploads\/2016\/11\/animal-muerto-en-canal.jpg?resize=400%2C265&amp;ssl=1 400w\" sizes=\"auto, (max-width: 528px) 100vw, 528px\" \/><\/a><figcaption id=\"caption-attachment-75512\" class=\"wp-caption-text\">La Junta de Vecinos del Cerro El Llano inform\u00f3 que en el canal La Compa\u00f1\u00eda, apareci\u00f3 una cabra muerta y en avanzado estado de descomposici\u00f3n.<\/figcaption><\/figure>\n","protected":false},"excerpt":{"rendered":"<p>PUTAENDO.- El subgerente Zonal de Esval, Alejandro P\u00e9rez, sali\u00f3 al paso de la denuncia realizada por la Junta de Vecinos del Cerro El Llano, luego que en el Canal La Compa\u00f1\u00eda apareciera&#8230;<\/p>\n","protected":false},"author":1,"featured_media":75512,"comment_status":"open","ping_status":"open","sticky":false,"template":"","format":"standard","meta":{"advanced_seo_description":"","jetpack_seo_html_title":"","jetpack_seo_noindex":false,"_jetpack_memberships_contains_paid_content":false,"footnotes":""},"categories":[1],"tags":[],"class_list":["post-75511","post","type-post","status-publish","format-standard","has-post-thumbnail","hentry","category-cronica"],"jetpack_featured_media_url":"https:\/\/i0.wp.com\/eltrabajo.cl\/portal\/wp-content\/uploads\/2016\/11\/animal-muerto-en-canal.jpg?fit=528%2C350&ssl=1","jetpack_sharing_enabled":true,"jetpack_likes_enabled":true,"jetpack-related-posts":[],"_links":{"self":[{"href":"https:\/\/eltrabajo.cl\/portal\/wp-json\/wp\/v2\/posts\/75511","targetHints":{"allow":["GET"]}}],"collection":[{"href":"https:\/\/eltrabajo.cl\/portal\/wp-json\/wp\/v2\/posts"}],"about":[{"href":"https:\/\/eltrabajo.cl\/portal\/wp-json\/wp\/v2\/types\/post"}],"author":[{"embeddable":true,"href":"https:\/\/eltrabajo.cl\/portal\/wp-json\/wp\/v2\/users\/1"}],"replies":[{"embeddable":true,"href":"https:\/\/eltrabajo.cl\/portal\/wp-json\/wp\/v2\/comments?post=75511"}],"version-history":[{"count":0,"href":"https:\/\/eltrabajo.cl\/portal\/wp-json\/wp\/v2\/posts\/75511\/revisions"}],"wp:featuredmedia":[{"embeddable":true,"href":"https:\/\/eltrabajo.cl\/portal\/wp-json\/wp\/v2\/media\/75512"}],"wp:attachment":[{"href":"https:\/\/eltrabajo.cl\/portal\/wp-json\/wp\/v2\/media?parent=75511"}],"wp:term":[{"taxonomy":"category","embeddable":true,"href":"https:\/\/eltrabajo.cl\/portal\/wp-json\/wp\/v2\/categories?post=75511"},{"taxonomy":"post_tag","embeddable":true,"href":"https:\/\/eltrabajo.cl\/portal\/wp-json\/wp\/v2\/tags?post=75511"}],"curies":[{"name":"wp","href":"https:\/\/api.w.org\/{rel}","templated":true}]}}