{"id":75515,"date":"2016-11-24T09:00:41","date_gmt":"2016-11-24T12:00:41","guid":{"rendered":"http:\/\/www.eltrabajo.cl\/portal\/?p=75515"},"modified":"2016-11-24T09:02:10","modified_gmt":"2016-11-24T12:02:10","slug":"ganamos-una-batalla-pero-guerra-contra-la-gran-mineria-no-ha-terminado","status":"publish","type":"post","link":"https:\/\/eltrabajo.cl\/portal\/ganamos-una-batalla-pero-guerra-contra-la-gran-mineria-no-ha-terminado\/","title":{"rendered":"\u201cGanamos una batalla pero guerra contra la Gran Miner\u00eda no ha terminado\u201d"},"content":{"rendered":"<ul>\n<li><strong><span style=\"color: #ff0000;\">\u00cdtalo Garc\u00eda, vocero de la coordinadora PutaendoResiste<\/span>\u00a0<\/strong><\/li>\n<li><strong>Resoluci\u00f3n 1902 de la DGA, ordena a la Compa\u00f1\u00eda Vizcachitas Holding, el cese inmediato de extracci\u00f3n de aguas superficiales y remite expediente al Juzgado de Letras de Turno en San Felipe, para la aplicaci\u00f3n de multas por extracci\u00f3n no autorizada de agua (art\u00edculo 173 del C\u00f3digo de Aguas) y al Ministerio P\u00fablico de San Felipe para efectos de la correspondiente investigaci\u00f3n por posible delito de usurpaci\u00f3n de aguas, por parte de la empresa minera.<\/strong><\/li>\n<\/ul>\n<p>PutaendoResiste, es una agrupaci\u00f3n ambientalista que se ha transformado en un f\u00e9rreo oponente del desarrollo de la gran miner\u00eda en la comuna de Putaendo y en todo el Valle de Aconcagua. Desde esa posici\u00f3n, en la coordinadora, evaluaron con optimismo y catalogaron como una victoria, la resoluci\u00f3n 1902 emitida por la Direcci\u00f3n General de Aguas, DGA, en la cual, el organismo ordena a la Compa\u00f1\u00eda Vizcachitas Holding \u201cel cese inmediato de la extracci\u00f3n de aguas superficiales desde la captaci\u00f3n ubicada (\u2026) sobre el cauce de la Quebrada La Cortadera, por no contar con derechos de aprovechamientos de aguas asociados\u201d.<\/p>\n<figure id=\"attachment_75516\" aria-describedby=\"caption-attachment-75516\" style=\"width: 300px\" class=\"wp-caption alignleft\"><a href=\"http:\/\/www.eltrabajo.cl\/portal\/ganamos-una-batalla-pero-guerra-contra-la-gran-mineria-no-ha-terminado\/italo-garcia-2\/\" rel=\"attachment wp-att-75516\"><img data-recalc-dims=\"1\" loading=\"lazy\" decoding=\"async\" class=\"size-medium wp-image-75516\" src=\"https:\/\/i0.wp.com\/www.eltrabajo.cl\/portal\/wp-content\/uploads\/2016\/11\/ITALO-GARCIA-300x197.jpg?resize=300%2C197\" alt=\"\u00cdtalo Garc\u00eda, vocero de PutaendoResiste.\" width=\"300\" height=\"197\" srcset=\"https:\/\/i0.wp.com\/eltrabajo.cl\/portal\/wp-content\/uploads\/2016\/11\/ITALO-GARCIA.jpg?resize=300%2C197&amp;ssl=1 300w, https:\/\/i0.wp.com\/eltrabajo.cl\/portal\/wp-content\/uploads\/2016\/11\/ITALO-GARCIA.jpg?resize=200%2C131&amp;ssl=1 200w, https:\/\/i0.wp.com\/eltrabajo.cl\/portal\/wp-content\/uploads\/2016\/11\/ITALO-GARCIA.jpg?resize=228%2C150&amp;ssl=1 228w, https:\/\/i0.wp.com\/eltrabajo.cl\/portal\/wp-content\/uploads\/2016\/11\/ITALO-GARCIA.jpg?resize=400%2C263&amp;ssl=1 400w, https:\/\/i0.wp.com\/eltrabajo.cl\/portal\/wp-content\/uploads\/2016\/11\/ITALO-GARCIA.jpg?w=530&amp;ssl=1 530w\" sizes=\"auto, (max-width: 300px) 100vw, 300px\" \/><\/a><figcaption id=\"caption-attachment-75516\" class=\"wp-caption-text\">\u00cdtalo Garc\u00eda, vocero de PutaendoResiste.<\/figcaption><\/figure>\n<p>De acuerdo a lo manifestado por \u00cdtalo Garc\u00eda, vocero de PutaendoResiste, tras las inspecciones realizadas por los organismos competentes, bajo mandato de la Gobernaci\u00f3n Provincial de San Felipe, se pudieron determinartres situaciones relevantes: \u201cexiste usurpaci\u00f3n de agua por parte del proyecto minero, adem\u00e1s de eso, hay intervenci\u00f3n del cauce del R\u00edo y por \u00faltimo se da la orden de investigar respecto lo que son las exploraciones que est\u00e1n en el mismo cauce del R\u00edo Roc\u00edn\u201d, expuso Garc\u00eda.<br \/>\nDentro del tema de las prospecciones mineras realizadas, el dirigente detall\u00f3 que \u201cyo tuve la oportunidad de estar en la inspecci\u00f3n realizada el 15 de Septiembre y ah\u00ed se pudieron visualizar las perforaciones que est\u00e1n a menos de 1 metro del borde del agua, en la roca hacia la ladera este, donde se revent\u00f3 la napa subterr\u00e1nea y brota con fuerza el agua\u201d, explic\u00f3 el vocero<br \/>\nRespecto de la relevancia que tiene esta resoluci\u00f3n, en la lucha contra la Gran Miner\u00eda en la comuna de Putaendo, Garc\u00eda asever\u00f3 que\u201ceste es un paso muy importante para nosotros, puesto que se confirma lo que hemos estado luchando durante este tiempo, para poder demostrar que la irresponsabilidad de la empresa ha sido bastante grande y ha provocado da\u00f1os ambientales en el sitio, incluso con un documento que devela la contaminaci\u00f3n de las aguas\u201d, sentenci\u00f3<br \/>\nAl mismo tiempo, Garc\u00eda asegur\u00f3 que con antelaci\u00f3n, la coordinadora realiz\u00f3 una denuncia en la Polic\u00eda de Investigaciones, PDI, para que se desarrollara una investigaci\u00f3n, que finalmente fue encargada al Fiscal Fajardo, quien -pese a las solicitudes de reuni\u00f3n realizadas por PutaendoResiste- a\u00fan no se sienta a conversar a los demandantes.<br \/>\n\u201cTenemos 2 solicitudes, una en el mes de octubre y otra ahora en noviembre y hasta el momento no nos han recibido. Nosotros entregamos antecedentes, todo lo relacionado con la vulneraci\u00f3n de la Constituci\u00f3n Pol\u00edtica, la ley 19.300, todo lo que tiene que ver con el tema penal que hay detr\u00e1s de todos esto, porque el hecho de contaminar las aguas, implica un tema relacionado con el c\u00f3digo penal, y en esta resoluci\u00f3n que entrega la DGA, aparece un t\u00e9rmino que tambi\u00e9n es interesante, como lo es la \u2018usurpaci\u00f3n de aguas\u2019, osea ya tendr\u00edamos dos temas relacionados con el \u00e1mbito penal, que pueden ser investigados por un Fiscal\u201d, argument\u00f3 Garc\u00eda.<br \/>\nCabe destacar que, en la misma Resoluci\u00f3n 1902 emitida por la DGA, se deja constancia que \u201csi no se cumple con la paralizaci\u00f3n de la extracci\u00f3n de aguas, nuestra Direcci\u00f3n podr\u00e1 requerir del se\u00f1or Gobernador Provincial, el auxilio de la fuerza p\u00fablica con facultades de allanamiento y descerrajamiento, de acuerdo con lo dispuesto en el art\u00edculo 138 del C\u00f3digo de Aguas\u201d, decreta el documento que adem\u00e1s fue remitido al Juzgado de Letras de Turno en San Felipe, para la aplicaci\u00f3n de multas por extracci\u00f3n no autorizada de agua (art\u00edculo 173 del C\u00f3digo de Aguas) y al Ministerio P\u00fablico de San Felipe para efectos de la correspondiente investigaci\u00f3n por posible delito de usurpaci\u00f3n de aguas.<\/p>\n<figure id=\"attachment_75517\" aria-describedby=\"caption-attachment-75517\" style=\"width: 530px\" class=\"wp-caption alignleft\"><a href=\"http:\/\/www.eltrabajo.cl\/portal\/ganamos-una-batalla-pero-guerra-contra-la-gran-mineria-no-ha-terminado\/foto-2-integrantes-de-la-coordinadora-ambientalista-putaendoresiste\/\" rel=\"attachment wp-att-75517\"><img data-recalc-dims=\"1\" loading=\"lazy\" decoding=\"async\" class=\"size-full wp-image-75517\" src=\"https:\/\/i0.wp.com\/www.eltrabajo.cl\/portal\/wp-content\/uploads\/2016\/11\/Foto-2-Integrantes-de-la-Coordinadora-ambientalista-PutaendoResiste.jpg?resize=530%2C349\" alt=\"Integrantes de la coordinadora ambientalista PutaendoResiste, celebraron resoluci\u00f3n emanada desde la Direcci\u00f3n General de Aguas contra compa\u00f1\u00eda minera Vizcachitas Holding.\" width=\"530\" height=\"349\" srcset=\"https:\/\/i0.wp.com\/eltrabajo.cl\/portal\/wp-content\/uploads\/2016\/11\/Foto-2-Integrantes-de-la-Coordinadora-ambientalista-PutaendoResiste.jpg?w=530&amp;ssl=1 530w, https:\/\/i0.wp.com\/eltrabajo.cl\/portal\/wp-content\/uploads\/2016\/11\/Foto-2-Integrantes-de-la-Coordinadora-ambientalista-PutaendoResiste.jpg?resize=200%2C132&amp;ssl=1 200w, https:\/\/i0.wp.com\/eltrabajo.cl\/portal\/wp-content\/uploads\/2016\/11\/Foto-2-Integrantes-de-la-Coordinadora-ambientalista-PutaendoResiste.jpg?resize=300%2C198&amp;ssl=1 300w, https:\/\/i0.wp.com\/eltrabajo.cl\/portal\/wp-content\/uploads\/2016\/11\/Foto-2-Integrantes-de-la-Coordinadora-ambientalista-PutaendoResiste.jpg?resize=228%2C150&amp;ssl=1 228w, https:\/\/i0.wp.com\/eltrabajo.cl\/portal\/wp-content\/uploads\/2016\/11\/Foto-2-Integrantes-de-la-Coordinadora-ambientalista-PutaendoResiste.jpg?resize=400%2C263&amp;ssl=1 400w\" sizes=\"auto, (max-width: 530px) 100vw, 530px\" \/><\/a><figcaption id=\"caption-attachment-75517\" class=\"wp-caption-text\">Integrantes de la coordinadora ambientalista PutaendoResiste, celebraron resoluci\u00f3n emanada desde la Direcci\u00f3n General de Aguas contra compa\u00f1\u00eda minera Vizcachitas Holding.<\/figcaption><\/figure>\n","protected":false},"excerpt":{"rendered":"<p>\u00cdtalo Garc\u00eda, vocero de la coordinadora PutaendoResiste\u00a0 Resoluci\u00f3n 1902 de la DGA, ordena a la Compa\u00f1\u00eda Vizcachitas Holding, el cese inmediato de extracci\u00f3n de aguas superficiales y remite expediente al Juzgado de&#8230;<\/p>\n","protected":false},"author":1,"featured_media":75517,"comment_status":"open","ping_status":"open","sticky":false,"template":"","format":"standard","meta":{"advanced_seo_description":"","jetpack_seo_html_title":"","jetpack_seo_noindex":false,"_jetpack_memberships_contains_paid_content":false,"footnotes":""},"categories":[15],"tags":[],"class_list":["post-75515","post","type-post","status-publish","format-standard","has-post-thumbnail","hentry","category-comunidad"],"jetpack_featured_media_url":"https:\/\/i0.wp.com\/eltrabajo.cl\/portal\/wp-content\/uploads\/2016\/11\/Foto-2-Integrantes-de-la-Coordinadora-ambientalista-PutaendoResiste.jpg?fit=530%2C349&ssl=1","jetpack_sharing_enabled":true,"jetpack_likes_enabled":true,"jetpack-related-posts":[],"_links":{"self":[{"href":"https:\/\/eltrabajo.cl\/portal\/wp-json\/wp\/v2\/posts\/75515","targetHints":{"allow":["GET"]}}],"collection":[{"href":"https:\/\/eltrabajo.cl\/portal\/wp-json\/wp\/v2\/posts"}],"about":[{"href":"https:\/\/eltrabajo.cl\/portal\/wp-json\/wp\/v2\/types\/post"}],"author":[{"embeddable":true,"href":"https:\/\/eltrabajo.cl\/portal\/wp-json\/wp\/v2\/users\/1"}],"replies":[{"embeddable":true,"href":"https:\/\/eltrabajo.cl\/portal\/wp-json\/wp\/v2\/comments?post=75515"}],"version-history":[{"count":0,"href":"https:\/\/eltrabajo.cl\/portal\/wp-json\/wp\/v2\/posts\/75515\/revisions"}],"wp:featuredmedia":[{"embeddable":true,"href":"https:\/\/eltrabajo.cl\/portal\/wp-json\/wp\/v2\/media\/75517"}],"wp:attachment":[{"href":"https:\/\/eltrabajo.cl\/portal\/wp-json\/wp\/v2\/media?parent=75515"}],"wp:term":[{"taxonomy":"category","embeddable":true,"href":"https:\/\/eltrabajo.cl\/portal\/wp-json\/wp\/v2\/categories?post=75515"},{"taxonomy":"post_tag","embeddable":true,"href":"https:\/\/eltrabajo.cl\/portal\/wp-json\/wp\/v2\/tags?post=75515"}],"curies":[{"name":"wp","href":"https:\/\/api.w.org\/{rel}","templated":true}]}}