{"id":75520,"date":"2016-11-24T09:05:43","date_gmt":"2016-11-24T12:05:43","guid":{"rendered":"http:\/\/www.eltrabajo.cl\/portal\/?p=75520"},"modified":"2016-11-24T09:05:44","modified_gmt":"2016-11-24T12:05:44","slug":"ordenan-cese-inmediato-a-minera-vizcachitas-por-alteracion-de-cauce-y-extraccion-ilegal-de-agua","status":"publish","type":"post","link":"https:\/\/eltrabajo.cl\/portal\/ordenan-cese-inmediato-a-minera-vizcachitas-por-alteracion-de-cauce-y-extraccion-ilegal-de-agua\/","title":{"rendered":"Ordenan cese inmediato a minera Vizcachitas por alteraci\u00f3n de cauce y extracci\u00f3n ilegal de agua"},"content":{"rendered":"<ul>\n<li><strong><span style=\"color: #ff0000;\">Gobernador Eduardo Le\u00f3n junto al director Regional de la DGA, Gonzalo Pe\u00f1a:<\/span>\u00a0Medidas fueron adoptadas luego de intensas fiscalizaciones en la zona por parte de los servicios p\u00fablicos pertinentes, quienes buscaban evitar un da\u00f1o ecol\u00f3gico.<\/strong><\/li>\n<\/ul>\n<p>El Gobernador Eduardo Le\u00f3n, junto al director Regional de la DGA, Gonzalo Pe\u00f1a, informaron sobre las \u00f3rdenes del cese inmediato de la extracci\u00f3n no autorizada de aguas superficiales y de restituci\u00f3n del cauce del R\u00edo Roc\u00edn, a la Compa\u00f1\u00eda Minera Vizcachitas Holding en un plazo de 30 d\u00edas.<br \/>\nLas acciones nacen tras la denuncia que la Junta de Vigilancia del R\u00edo Putaendo y otras organizaciones realizan, tanto a la Gobernaci\u00f3n de San Felipe como a la Direcci\u00f3n General de Aguas de la Regi\u00f3n de Valpara\u00edso, lo que se traduce en fiscalizaciones inmediatas desde el mes de febrero del presente a\u00f1o.<br \/>\nEsta informaci\u00f3n fue comunicada al Ministerio P\u00fablico para que tome las medidas correspondientes. As\u00ed lo inform\u00f3 Gonzalo Pe\u00f1a, quien sostuvo que ambas situaciones se contraponen a lo que se\u00f1ala el C\u00f3digo de Aguas. \u201cEsto fue informado el Juez de Letras Correspondientes, ya que hay hechos que agravan lo ocurrido, como fue la modificaci\u00f3n de cauce. Constatamos que hay una obra no autorizada, lo que sin duda tambi\u00e9n se interpone a lo que dice el C\u00f3digo, lo que podr\u00eda traer consecuencias, como multas que van desde las 100 UTA hasta las 1000 UTA (55 millones hasta los 600 millones). Esto lo informamos al Ministerio P\u00fablico para que se tomen las medidas correspondientes\u201d.<br \/>\nAdem\u00e1s, el director de la DGA agreg\u00f3 que \u201cestamos comentando el resultado de esta fiscalizaci\u00f3n organizada por la Gobernaci\u00f3n y donde los servicios p\u00fablicos tuvimos participaci\u00f3n directa en este proceso, ya que se genera un da\u00f1o ecol\u00f3gico y una intervenci\u00f3n al r\u00edo\u201d sostuvo.<br \/>\nEn tanto, el gobernador Eduardo Le\u00f3n sostuvo que \u201cnosotros recibimos una serie de denuncias desde los vecinos, del Municipio y la Junta de Vigilancia y lo que nos informan ahora es fruto de este trabajo. Nosotros llamamos a la comunidad a informar alg\u00fan antecedente para realizar las denuncias de manera fundada, as\u00ed como tambi\u00e9n realizamos el llamado a las empresas que se asientan en el Valle de Aconcagua a que cumplan la normativa vigente, sobre todo la ambiental\u201d afirm\u00f3 la autoridad.<\/p>\n<figure id=\"attachment_75521\" aria-describedby=\"caption-attachment-75521\" style=\"width: 530px\" class=\"wp-caption alignleft\"><a href=\"http:\/\/www.eltrabajo.cl\/portal\/ordenan-cese-inmediato-a-minera-vizcachitas-por-alteracion-de-cauce-y-extraccion-ilegal-de-agua\/gobernador-y-director-regional-dga\/\" rel=\"attachment wp-att-75521\"><img data-recalc-dims=\"1\" loading=\"lazy\" decoding=\"async\" class=\"size-full wp-image-75521\" src=\"https:\/\/i0.wp.com\/www.eltrabajo.cl\/portal\/wp-content\/uploads\/2016\/11\/Gobernador-y-Director-Regional-DGA.jpg?resize=530%2C349\" alt=\"Gobernador, Eduardo Le\u00f3n, junto al director Regional de la DGA, Gonzalo Pe\u00f1a, informaron sobre el cese de la extracci\u00f3n \u2018no autorizada\u2019 de aguas superficiales y la restituci\u00f3n del cauce del R\u00edo Roc\u00edn a la Compa\u00f1\u00eda Minera Vizcachitas Holding.\" width=\"530\" height=\"349\" srcset=\"https:\/\/i0.wp.com\/eltrabajo.cl\/portal\/wp-content\/uploads\/2016\/11\/Gobernador-y-Director-Regional-DGA.jpg?w=530&amp;ssl=1 530w, https:\/\/i0.wp.com\/eltrabajo.cl\/portal\/wp-content\/uploads\/2016\/11\/Gobernador-y-Director-Regional-DGA.jpg?resize=200%2C132&amp;ssl=1 200w, https:\/\/i0.wp.com\/eltrabajo.cl\/portal\/wp-content\/uploads\/2016\/11\/Gobernador-y-Director-Regional-DGA.jpg?resize=300%2C198&amp;ssl=1 300w, https:\/\/i0.wp.com\/eltrabajo.cl\/portal\/wp-content\/uploads\/2016\/11\/Gobernador-y-Director-Regional-DGA.jpg?resize=228%2C150&amp;ssl=1 228w, https:\/\/i0.wp.com\/eltrabajo.cl\/portal\/wp-content\/uploads\/2016\/11\/Gobernador-y-Director-Regional-DGA.jpg?resize=400%2C263&amp;ssl=1 400w\" sizes=\"auto, (max-width: 530px) 100vw, 530px\" \/><\/a><figcaption id=\"caption-attachment-75521\" class=\"wp-caption-text\">Gobernador, Eduardo Le\u00f3n, junto al director Regional de la DGA, Gonzalo Pe\u00f1a, informaron sobre el cese de la extracci\u00f3n \u2018no autorizada\u2019 de aguas superficiales y la restituci\u00f3n del cauce del R\u00edo Roc\u00edn a la Compa\u00f1\u00eda Minera Vizcachitas Holding.<\/figcaption><\/figure>\n","protected":false},"excerpt":{"rendered":"<p>Gobernador Eduardo Le\u00f3n junto al director Regional de la DGA, Gonzalo Pe\u00f1a:\u00a0Medidas fueron adoptadas luego de intensas fiscalizaciones en la zona por parte de los servicios p\u00fablicos pertinentes, quienes buscaban evitar un&#8230;<\/p>\n","protected":false},"author":1,"featured_media":75521,"comment_status":"open","ping_status":"open","sticky":false,"template":"","format":"standard","meta":{"advanced_seo_description":"","jetpack_seo_html_title":"","jetpack_seo_noindex":false,"_jetpack_memberships_contains_paid_content":false,"footnotes":""},"categories":[1],"tags":[],"class_list":["post-75520","post","type-post","status-publish","format-standard","has-post-thumbnail","hentry","category-cronica"],"jetpack_featured_media_url":"https:\/\/i0.wp.com\/eltrabajo.cl\/portal\/wp-content\/uploads\/2016\/11\/Gobernador-y-Director-Regional-DGA.jpg?fit=530%2C349&ssl=1","jetpack_sharing_enabled":true,"jetpack_likes_enabled":true,"jetpack-related-posts":[],"_links":{"self":[{"href":"https:\/\/eltrabajo.cl\/portal\/wp-json\/wp\/v2\/posts\/75520","targetHints":{"allow":["GET"]}}],"collection":[{"href":"https:\/\/eltrabajo.cl\/portal\/wp-json\/wp\/v2\/posts"}],"about":[{"href":"https:\/\/eltrabajo.cl\/portal\/wp-json\/wp\/v2\/types\/post"}],"author":[{"embeddable":true,"href":"https:\/\/eltrabajo.cl\/portal\/wp-json\/wp\/v2\/users\/1"}],"replies":[{"embeddable":true,"href":"https:\/\/eltrabajo.cl\/portal\/wp-json\/wp\/v2\/comments?post=75520"}],"version-history":[{"count":0,"href":"https:\/\/eltrabajo.cl\/portal\/wp-json\/wp\/v2\/posts\/75520\/revisions"}],"wp:featuredmedia":[{"embeddable":true,"href":"https:\/\/eltrabajo.cl\/portal\/wp-json\/wp\/v2\/media\/75521"}],"wp:attachment":[{"href":"https:\/\/eltrabajo.cl\/portal\/wp-json\/wp\/v2\/media?parent=75520"}],"wp:term":[{"taxonomy":"category","embeddable":true,"href":"https:\/\/eltrabajo.cl\/portal\/wp-json\/wp\/v2\/categories?post=75520"},{"taxonomy":"post_tag","embeddable":true,"href":"https:\/\/eltrabajo.cl\/portal\/wp-json\/wp\/v2\/tags?post=75520"}],"curies":[{"name":"wp","href":"https:\/\/api.w.org\/{rel}","templated":true}]}}