{"id":75524,"date":"2016-11-24T09:07:29","date_gmt":"2016-11-24T12:07:29","guid":{"rendered":"http:\/\/www.eltrabajo.cl\/portal\/?p=75524"},"modified":"2016-11-24T09:07:29","modified_gmt":"2016-11-24T12:07:29","slug":"muere-piloto-al-capotar-su-avioneta-cerca-del-complejo-los-libertadores","status":"publish","type":"post","link":"https:\/\/eltrabajo.cl\/portal\/muere-piloto-al-capotar-su-avioneta-cerca-del-complejo-los-libertadores\/","title":{"rendered":"Muere Piloto al capotar su avioneta cerca del complejo Los Libertadores"},"content":{"rendered":"<ul>\n<li><strong><span style=\"color: #ff0000;\"> Cay\u00f3 en una explanada a 300 metros de la ruta internacional:<\/span>\u00a0Aeronave con matr\u00edcula de Estados Unidos se dirig\u00eda a la ciudad de Mendoza cuando se desat\u00f3 la tragedia.<\/strong><\/li>\n<\/ul>\n<p><strong>LOS ANDES.-<\/strong> Una avioneta que hab\u00eda despegado desde el aeropuerto Arturo Merino Ben\u00edtez con destino a la ciudad de San Juan, capot\u00f3 pasado el mediod\u00eda de ayer mi\u00e9rcoles, cerca del Complejo Fronterizo Los Libertadores, falleciendo en el lugar su piloto y \u00fanico ocupante, identificado como el ciudadano norteamericano Robert Ramsy Henry (61).<br \/>\nLa avioneta, cay\u00f3 en una explanada a 300 metros de la ruta internacional cerca del ingreso al sexto cobertizo en el kil\u00f3metro 100.<br \/>\nEl administrador del Complejo Los Libertadores, Hern\u00e1n Lausen, indic\u00f3 que vieron pasar la aeronave a baja altura y no a mucha velocidad.<br \/>\nUna vez confirmada la ca\u00edda del aparato, fueron desplegadas varias unidades de bomberos de Los Andes, quienes al llegar al lugar confirmaron el deceso del piloto y \u00fanico ocupante de la aeronave.<br \/>\nEl comandante del Cuerpo de Bomberos de Los Andes, Jhonny Arriaza Pueyes, confirm\u00f3 que la aeronave tiene matr\u00edcula estadounidense y capot\u00f3 a unos 300 metros del camino, llegando al lugar personal bomberil y de Carabineros para verificar el fallecimiento del piloto.<br \/>\nDijo, que si bien las razones de la ca\u00edda del aparato son materia de investigaci\u00f3n, en el lugar existen malas condiciones clim\u00e1ticas y estaba nevando.<br \/>\nLa investigaci\u00f3n del caso qued\u00f3 en manos de la fiscal\u00eda de aviaci\u00f3n.<\/p>\n<figure id=\"attachment_75525\" aria-describedby=\"caption-attachment-75525\" style=\"width: 530px\" class=\"wp-caption alignleft\"><a href=\"http:\/\/www.eltrabajo.cl\/portal\/muere-piloto-al-capotar-su-avioneta-cerca-del-complejo-los-libertadores\/avioneta-libertadores2\/\" rel=\"attachment wp-att-75525\"><img data-recalc-dims=\"1\" loading=\"lazy\" decoding=\"async\" class=\"size-full wp-image-75525\" src=\"https:\/\/i0.wp.com\/www.eltrabajo.cl\/portal\/wp-content\/uploads\/2016\/11\/avioneta-libertadores2.jpg?resize=530%2C349\" alt=\"La avioneta cay\u00f3 en una explanada a 300 metros de la ruta internacional cerca del ingreso al sexto cobertizo en el kil\u00f3metro 100. (Foto gentileza Comandancia Cuerpo Bomberos Los Andes).\" width=\"530\" height=\"349\" srcset=\"https:\/\/i0.wp.com\/eltrabajo.cl\/portal\/wp-content\/uploads\/2016\/11\/avioneta-libertadores2.jpg?w=530&amp;ssl=1 530w, https:\/\/i0.wp.com\/eltrabajo.cl\/portal\/wp-content\/uploads\/2016\/11\/avioneta-libertadores2.jpg?resize=200%2C132&amp;ssl=1 200w, https:\/\/i0.wp.com\/eltrabajo.cl\/portal\/wp-content\/uploads\/2016\/11\/avioneta-libertadores2.jpg?resize=300%2C198&amp;ssl=1 300w, https:\/\/i0.wp.com\/eltrabajo.cl\/portal\/wp-content\/uploads\/2016\/11\/avioneta-libertadores2.jpg?resize=228%2C150&amp;ssl=1 228w, https:\/\/i0.wp.com\/eltrabajo.cl\/portal\/wp-content\/uploads\/2016\/11\/avioneta-libertadores2.jpg?resize=400%2C263&amp;ssl=1 400w\" sizes=\"auto, (max-width: 530px) 100vw, 530px\" \/><\/a><figcaption id=\"caption-attachment-75525\" class=\"wp-caption-text\">La avioneta cay\u00f3 en una explanada a 300 metros de la ruta internacional cerca del ingreso al sexto cobertizo en el kil\u00f3metro 100. (Foto gentileza Comandancia Cuerpo Bomberos Los Andes).<\/figcaption><\/figure>\n","protected":false},"excerpt":{"rendered":"<p>Cay\u00f3 en una explanada a 300 metros de la ruta internacional:\u00a0Aeronave con matr\u00edcula de Estados Unidos se dirig\u00eda a la ciudad de Mendoza cuando se desat\u00f3 la tragedia. LOS ANDES.- Una avioneta&#8230;<\/p>\n","protected":false},"author":1,"featured_media":75525,"comment_status":"open","ping_status":"open","sticky":false,"template":"","format":"standard","meta":{"advanced_seo_description":"","jetpack_seo_html_title":"","jetpack_seo_noindex":false,"_jetpack_memberships_contains_paid_content":false,"footnotes":""},"categories":[21],"tags":[],"class_list":["post-75524","post","type-post","status-publish","format-standard","has-post-thumbnail","hentry","category-policial"],"jetpack_featured_media_url":"https:\/\/i0.wp.com\/eltrabajo.cl\/portal\/wp-content\/uploads\/2016\/11\/avioneta-libertadores2.jpg?fit=530%2C349&ssl=1","jetpack_sharing_enabled":true,"jetpack_likes_enabled":true,"jetpack-related-posts":[],"_links":{"self":[{"href":"https:\/\/eltrabajo.cl\/portal\/wp-json\/wp\/v2\/posts\/75524","targetHints":{"allow":["GET"]}}],"collection":[{"href":"https:\/\/eltrabajo.cl\/portal\/wp-json\/wp\/v2\/posts"}],"about":[{"href":"https:\/\/eltrabajo.cl\/portal\/wp-json\/wp\/v2\/types\/post"}],"author":[{"embeddable":true,"href":"https:\/\/eltrabajo.cl\/portal\/wp-json\/wp\/v2\/users\/1"}],"replies":[{"embeddable":true,"href":"https:\/\/eltrabajo.cl\/portal\/wp-json\/wp\/v2\/comments?post=75524"}],"version-history":[{"count":0,"href":"https:\/\/eltrabajo.cl\/portal\/wp-json\/wp\/v2\/posts\/75524\/revisions"}],"wp:featuredmedia":[{"embeddable":true,"href":"https:\/\/eltrabajo.cl\/portal\/wp-json\/wp\/v2\/media\/75525"}],"wp:attachment":[{"href":"https:\/\/eltrabajo.cl\/portal\/wp-json\/wp\/v2\/media?parent=75524"}],"wp:term":[{"taxonomy":"category","embeddable":true,"href":"https:\/\/eltrabajo.cl\/portal\/wp-json\/wp\/v2\/categories?post=75524"},{"taxonomy":"post_tag","embeddable":true,"href":"https:\/\/eltrabajo.cl\/portal\/wp-json\/wp\/v2\/tags?post=75524"}],"curies":[{"name":"wp","href":"https:\/\/api.w.org\/{rel}","templated":true}]}}