{"id":75533,"date":"2016-11-25T08:37:24","date_gmt":"2016-11-25T11:37:24","guid":{"rendered":"http:\/\/www.eltrabajo.cl\/portal\/?p=75533"},"modified":"2016-11-25T08:37:24","modified_gmt":"2016-11-25T11:37:24","slug":"servicio-de-urgencia-del-san-camilo-sometido-a-intervencion-reconstructiva","status":"publish","type":"post","link":"https:\/\/eltrabajo.cl\/portal\/servicio-de-urgencia-del-san-camilo-sometido-a-intervencion-reconstructiva\/","title":{"rendered":"Servicio de Urgencia del San Camilo sometido a \u2018intervenci\u00f3n reconstructiva\u2019"},"content":{"rendered":"<ul>\n<li><strong><span style=\"color: #ff0000;\">Proyecto pretende mejorar la comodidad de los pacientes en Sala de Espera:<\/span>\u00a0Mejoramiento de ba\u00f1os, instalaciones el\u00e9ctricas y pintura, instalaci\u00f3n de aire acondicionado y c\u00e1maras de seguridad, cambio de butacas, piso e iluminaci\u00f3n, son algunos de los trabajos que se realizar\u00e1n en sala de espera, categorizaci\u00f3n y \u00e1rea de atenci\u00f3n respectivamente.<\/strong><\/li>\n<\/ul>\n<p>Con una inversi\u00f3n cercana a los 50 millones de pesos, el Servicio de Urgencias del Hospital San Camilo, HSC, est\u00e1 siendo sometido a una remodelaci\u00f3n que tiene por objetivo mejorar la comodidad de las personas que, por diversos motivos, durante horas deben hacer uso de la Sala de Espera de esta unidad hospitalaria.<br \/>\nMejoramiento de ba\u00f1os, instalaciones el\u00e9ctricas y pintura, instalaci\u00f3n de aire acondicionado, cambio de butacas, nuevos sistemas de seguridad inform\u00e1ticos de televigilancia, son algunos de los trabajos que pretenden mejorar la estancia en la sala de espera del Servicio de Urgencias del HSC.<br \/>\nAs\u00ed lo dio a conocer la directora del Servicio de Salud Aconcagua, SSA, Dra. Vilma Olave, quien puso \u00e9nfasis en que \u201cpara nosotros lo \u00f3ptimo es que la gente no tenga que estar en las salas de espera, no obstante para aqu\u00e9llas personas que por diversas razones tienen que esperar, es que se pretende mejorar la habitabilidad\u201d, explic\u00f3.<br \/>\nOlave, record\u00f3 que, este mejoramiento de infraestructura e implementaci\u00f3n, est\u00e1 enmarcado dentro de una pol\u00edtica gubernamental que se desarrolla a nivel nacional y que est\u00e1 enfocada en cubrir de mejor forma, la necesidad de aqu\u00e9l grupo de personas que por diversas razones, no hacen uso del servicio m\u00e9dico de los Sapu y requieren atenci\u00f3n en las unidades de emergencia hospitalaria.<br \/>\n\u201cEl Ministerio de Salud est\u00e1 realizando una inversi\u00f3n en todas las unidades de urgencia hospitalaria de nuestro pa\u00eds, que en el Valle de Aconcagua, en ambas unidades de emergencia (incluye el servicio de urgencia del Hospital San Juan Dios de Los Andes), involucra una inversi\u00f3n de 112 millones de pesos\u201d, detall\u00f3 la Galeno.<br \/>\nPor su parte, el jefe del Servicio de Urgencias del HSC, Dr. Marcelo Y\u00e1\u00f1ez, coment\u00f3 los cambios que conllevar\u00e1 esta remodelaci\u00f3n, diciendo que \u201cesto va a generar un beneficio importante, porque nos permite hermosear nuestra sala de espera y tambi\u00e9n nuestro servicio de urgencias en su parte interna, esto le va a dar mucho realce a nuestra gente y nos permite entregar una salud de mejor calidad y m\u00e1s beneficiosa para la poblaci\u00f3n\u201d, destac\u00f3 el facultativo, describiendo que adem\u00e1s se renovar\u00e1 y nivelar\u00e1 el piso y pintura de la sala de categorizaci\u00f3n y en el \u00e1rea de atenci\u00f3n propiamente tal tambi\u00e9n se realizar\u00e1 ese mejoramiento, adem\u00e1s del cambio de luminarias.<br \/>\nSeg\u00fan lo informado por Y\u00e1\u00f1ez, el servicio de Urgencias del HSC, atiende diariamente a unas 200 personas y el mejoramiento de la infraestructura est\u00e1 acompa\u00f1ado de un contingente adecuado para esa cantidad de pacientes, apuntando que \u201cquisi\u00e9ramos siempre tener m\u00e1s profesionales en todas las especialidades, pero es dif\u00edcil traer profesionales a la atenci\u00f3n primaria\u201d, afirm\u00f3, agregando que en atenci\u00f3n infantil est\u00e1n cubiertos los 6 cupos de m\u00e9dicos pediatras del recinto.<br \/>\nLa directora del Hospital San Camilo, HSC, Susan Porras relev\u00f3 los trabajos que se realizan en estas dependencias del HSC, argumentando que \u201ces muy importante la remodelaci\u00f3n que se va hacer actualmente en el Servicio de Urgencias, ya que le va a dar mayor confort a los pacientes mientras est\u00e1n esperando atenci\u00f3n, van a tener aire acondicionado, mejor comodidad en las sillas, se cambiar\u00e1 la pintura, es decir se van a entregar otras cosas adicionales, como tener cargadores para los celulares. Tambi\u00e9n estamos preocupados de la seguridad, vamos a instalar c\u00e1maras en la sala de espera que se van a incorporar dentro del circuito de nuestro hospital\u201d, asever\u00f3 la profesional.<br \/>\nFinalmente, Mar\u00eda Elisa Mart\u00ednez, representante del Consejo Consultivo de Desarrollo del HSC, asegur\u00f3 que \u201cel hecho de que los pacientes est\u00e9n mejor atendidos, m\u00e1s c\u00f3modos, para nosotros es satisfactorio (\u2026) siempre hay problemas en las demoras de atenci\u00f3n, pero eso es por el sistema de categorizaci\u00f3n, pero todo va en bien de la comunidad y de los usuarios\u201d, dijo, apuntando que el voluntariado Damas de Amarillo, funciona de lunes a viernes y est\u00e1 a disposici\u00f3n de los pacientes que as\u00ed lo necesiten<br \/>\nSeg\u00fan lo estimado por las autoridades, las obras de mejoramiento y remodelaci\u00f3n del Servicio de Urgencias del HSC y del Hospital San Juan de Dios, debieran estar terminadas el 31 de enero del 2017.<\/p>\n<figure id=\"attachment_75534\" aria-describedby=\"caption-attachment-75534\" style=\"width: 530px\" class=\"wp-caption alignleft\"><a href=\"http:\/\/www.eltrabajo.cl\/portal\/servicio-de-urgencia-del-san-camilo-sometido-a-intervencion-reconstructiva\/foto-1-directoras-del-servicio-de-salud-aconcagua-y-del-hospital-san-camilo\/\" rel=\"attachment wp-att-75534\"><img data-recalc-dims=\"1\" loading=\"lazy\" decoding=\"async\" class=\"size-full wp-image-75534\" src=\"https:\/\/i0.wp.com\/www.eltrabajo.cl\/portal\/wp-content\/uploads\/2016\/11\/Foto-1-Directoras-del-Servicio-de-Salud-Aconcagua-y-del-Hospital-San-Camilo.jpg?resize=530%2C348\" alt=\"Directoras del Servicio de Salud Aconcagua y del Hospital San Camilo, junto a profesionales del Servicio de Urgencias de este recinto, visitaron las obras de mejoramiento que se realizan en la unidad.\" width=\"530\" height=\"348\" srcset=\"https:\/\/i0.wp.com\/eltrabajo.cl\/portal\/wp-content\/uploads\/2016\/11\/Foto-1-Directoras-del-Servicio-de-Salud-Aconcagua-y-del-Hospital-San-Camilo.jpg?w=530&amp;ssl=1 530w, https:\/\/i0.wp.com\/eltrabajo.cl\/portal\/wp-content\/uploads\/2016\/11\/Foto-1-Directoras-del-Servicio-de-Salud-Aconcagua-y-del-Hospital-San-Camilo.jpg?resize=200%2C131&amp;ssl=1 200w, https:\/\/i0.wp.com\/eltrabajo.cl\/portal\/wp-content\/uploads\/2016\/11\/Foto-1-Directoras-del-Servicio-de-Salud-Aconcagua-y-del-Hospital-San-Camilo.jpg?resize=300%2C197&amp;ssl=1 300w, https:\/\/i0.wp.com\/eltrabajo.cl\/portal\/wp-content\/uploads\/2016\/11\/Foto-1-Directoras-del-Servicio-de-Salud-Aconcagua-y-del-Hospital-San-Camilo.jpg?resize=228%2C150&amp;ssl=1 228w, https:\/\/i0.wp.com\/eltrabajo.cl\/portal\/wp-content\/uploads\/2016\/11\/Foto-1-Directoras-del-Servicio-de-Salud-Aconcagua-y-del-Hospital-San-Camilo.jpg?resize=400%2C263&amp;ssl=1 400w\" sizes=\"auto, (max-width: 530px) 100vw, 530px\" \/><\/a><figcaption id=\"caption-attachment-75534\" class=\"wp-caption-text\">Directoras del Servicio de Salud Aconcagua y del Hospital San Camilo, junto a profesionales del Servicio de Urgencias de este recinto, visitaron las obras de mejoramiento que se realizan en la unidad.<\/figcaption><\/figure>\n<figure id=\"attachment_75535\" aria-describedby=\"caption-attachment-75535\" style=\"width: 530px\" class=\"wp-caption alignleft\"><a href=\"http:\/\/www.eltrabajo.cl\/portal\/servicio-de-urgencia-del-san-camilo-sometido-a-intervencion-reconstructiva\/foto-2-la-instalacion\/\" rel=\"attachment wp-att-75535\"><img data-recalc-dims=\"1\" loading=\"lazy\" decoding=\"async\" class=\"size-full wp-image-75535\" src=\"https:\/\/i0.wp.com\/www.eltrabajo.cl\/portal\/wp-content\/uploads\/2016\/11\/Foto-2-La-instalaci%C3%B3n.jpg?resize=530%2C350\" alt=\"La instalaci\u00f3n de aire acondicionado, ser\u00e1 uno de los primeros trabajos en estar terminado, a ello se suma el mejoramiento de ba\u00f1os, instalaci\u00f3n el\u00e9ctrica y pintura, cambio de butacas e instalaci\u00f3n de c\u00e1maras de seguridad en la Sala de Espera del Servicio de Urgencias del HSC.\" width=\"530\" height=\"350\" srcset=\"https:\/\/i0.wp.com\/eltrabajo.cl\/portal\/wp-content\/uploads\/2016\/11\/Foto-2-La-instalaci%C3%B3n.jpg?w=530&amp;ssl=1 530w, https:\/\/i0.wp.com\/eltrabajo.cl\/portal\/wp-content\/uploads\/2016\/11\/Foto-2-La-instalaci%C3%B3n.jpg?resize=200%2C132&amp;ssl=1 200w, https:\/\/i0.wp.com\/eltrabajo.cl\/portal\/wp-content\/uploads\/2016\/11\/Foto-2-La-instalaci%C3%B3n.jpg?resize=300%2C198&amp;ssl=1 300w, https:\/\/i0.wp.com\/eltrabajo.cl\/portal\/wp-content\/uploads\/2016\/11\/Foto-2-La-instalaci%C3%B3n.jpg?resize=227%2C150&amp;ssl=1 227w, https:\/\/i0.wp.com\/eltrabajo.cl\/portal\/wp-content\/uploads\/2016\/11\/Foto-2-La-instalaci%C3%B3n.jpg?resize=400%2C264&amp;ssl=1 400w\" sizes=\"auto, (max-width: 530px) 100vw, 530px\" \/><\/a><figcaption id=\"caption-attachment-75535\" class=\"wp-caption-text\">La instalaci\u00f3n de aire acondicionado, ser\u00e1 uno de los primeros trabajos en estar terminado, a ello se suma el mejoramiento de ba\u00f1os, instalaci\u00f3n el\u00e9ctrica y pintura, cambio de butacas e instalaci\u00f3n de c\u00e1maras de seguridad en la Sala de Espera del Servicio de Urgencias del HSC.<\/figcaption><\/figure>\n","protected":false},"excerpt":{"rendered":"<p>Proyecto pretende mejorar la comodidad de los pacientes en Sala de Espera:\u00a0Mejoramiento de ba\u00f1os, instalaciones el\u00e9ctricas y pintura, instalaci\u00f3n de aire acondicionado y c\u00e1maras de seguridad, cambio de butacas, piso e iluminaci\u00f3n,&#8230;<\/p>\n","protected":false},"author":1,"featured_media":75535,"comment_status":"open","ping_status":"open","sticky":false,"template":"","format":"standard","meta":{"advanced_seo_description":"","jetpack_seo_html_title":"","jetpack_seo_noindex":false,"_jetpack_memberships_contains_paid_content":false,"footnotes":""},"categories":[1],"tags":[],"class_list":["post-75533","post","type-post","status-publish","format-standard","has-post-thumbnail","hentry","category-cronica"],"jetpack_featured_media_url":"https:\/\/i0.wp.com\/eltrabajo.cl\/portal\/wp-content\/uploads\/2016\/11\/Foto-2-La-instalaci%C3%B3n.jpg?fit=530%2C350&ssl=1","jetpack_sharing_enabled":true,"jetpack_likes_enabled":true,"jetpack-related-posts":[],"_links":{"self":[{"href":"https:\/\/eltrabajo.cl\/portal\/wp-json\/wp\/v2\/posts\/75533","targetHints":{"allow":["GET"]}}],"collection":[{"href":"https:\/\/eltrabajo.cl\/portal\/wp-json\/wp\/v2\/posts"}],"about":[{"href":"https:\/\/eltrabajo.cl\/portal\/wp-json\/wp\/v2\/types\/post"}],"author":[{"embeddable":true,"href":"https:\/\/eltrabajo.cl\/portal\/wp-json\/wp\/v2\/users\/1"}],"replies":[{"embeddable":true,"href":"https:\/\/eltrabajo.cl\/portal\/wp-json\/wp\/v2\/comments?post=75533"}],"version-history":[{"count":0,"href":"https:\/\/eltrabajo.cl\/portal\/wp-json\/wp\/v2\/posts\/75533\/revisions"}],"wp:featuredmedia":[{"embeddable":true,"href":"https:\/\/eltrabajo.cl\/portal\/wp-json\/wp\/v2\/media\/75535"}],"wp:attachment":[{"href":"https:\/\/eltrabajo.cl\/portal\/wp-json\/wp\/v2\/media?parent=75533"}],"wp:term":[{"taxonomy":"category","embeddable":true,"href":"https:\/\/eltrabajo.cl\/portal\/wp-json\/wp\/v2\/categories?post=75533"},{"taxonomy":"post_tag","embeddable":true,"href":"https:\/\/eltrabajo.cl\/portal\/wp-json\/wp\/v2\/tags?post=75533"}],"curies":[{"name":"wp","href":"https:\/\/api.w.org\/{rel}","templated":true}]}}