{"id":75538,"date":"2016-11-25T08:51:07","date_gmt":"2016-11-25T11:51:07","guid":{"rendered":"http:\/\/www.eltrabajo.cl\/portal\/?p=75538"},"modified":"2016-11-25T08:51:07","modified_gmt":"2016-11-25T11:51:07","slug":"circo-teatro-aereo-chileno-frances-realiza-tres-presentaciones-este-fin-de-semana","status":"publish","type":"post","link":"https:\/\/eltrabajo.cl\/portal\/circo-teatro-aereo-chileno-frances-realiza-tres-presentaciones-este-fin-de-semana\/","title":{"rendered":"Circo Teatro A\u00e9reo Chileno-Franc\u00e9s realiza tres presentaciones este fin de semana"},"content":{"rendered":"<ul>\n<li><strong><span style=\"color: #ff0000;\">Pareja de actores realiza el montaje a unos 9 metros de altura:<\/span>\u00a0Compa\u00f1\u00eda Lez\u2019Artchimistes, realizar\u00e1 obra acrob\u00e1tica \u2018Las Frutillas\u2019 hoy a las 11:00 y 21:30 horas en plaza c\u00edvica. El domingo, a las 17 horas en la multicancha de la Villa Industrial.<\/strong><\/li>\n<\/ul>\n<p>Una novedosa muestra circense de Teatro A\u00e9reo, se presentar\u00e1 hoy viernes en la Plaza C\u00edvica de San Felipe, a las 11:00 de la ma\u00f1ana y en la tarde a las 21:30 horas. Se trata de la Obra \u2018Las Frutillas\u2019, de la Compa\u00f1\u00eda Lez\u2019Artchimistes.<\/p>\n<figure id=\"attachment_75539\" aria-describedby=\"caption-attachment-75539\" style=\"width: 300px\" class=\"wp-caption alignleft\"><a href=\"http:\/\/www.eltrabajo.cl\/portal\/circo-teatro-aereo-chileno-frances-realiza-tres-presentaciones-este-fin-de-semana\/patricia-lolas-4\/\" rel=\"attachment wp-att-75539\"><img data-recalc-dims=\"1\" loading=\"lazy\" decoding=\"async\" class=\"size-medium wp-image-75539\" src=\"https:\/\/i0.wp.com\/www.eltrabajo.cl\/portal\/wp-content\/uploads\/2016\/11\/PATRICIA-LOLAS-300x197.jpg?resize=300%2C197\" alt=\"Patricia Lolas, encargada de la Oficina de Cultura y Formaci\u00f3n del Departamento de Cultura de la Municipalidad de San Felipe.\" width=\"300\" height=\"197\" srcset=\"https:\/\/i0.wp.com\/eltrabajo.cl\/portal\/wp-content\/uploads\/2016\/11\/PATRICIA-LOLAS.jpg?resize=300%2C197&amp;ssl=1 300w, https:\/\/i0.wp.com\/eltrabajo.cl\/portal\/wp-content\/uploads\/2016\/11\/PATRICIA-LOLAS.jpg?resize=200%2C131&amp;ssl=1 200w, https:\/\/i0.wp.com\/eltrabajo.cl\/portal\/wp-content\/uploads\/2016\/11\/PATRICIA-LOLAS.jpg?resize=228%2C150&amp;ssl=1 228w, https:\/\/i0.wp.com\/eltrabajo.cl\/portal\/wp-content\/uploads\/2016\/11\/PATRICIA-LOLAS.jpg?resize=400%2C263&amp;ssl=1 400w, https:\/\/i0.wp.com\/eltrabajo.cl\/portal\/wp-content\/uploads\/2016\/11\/PATRICIA-LOLAS.jpg?w=530&amp;ssl=1 530w\" sizes=\"auto, (max-width: 300px) 100vw, 300px\" \/><\/a><figcaption id=\"caption-attachment-75539\" class=\"wp-caption-text\">Patricia Lolas, encargada de la Oficina de Cultura y Formaci\u00f3n del Departamento de Cultura de la Municipalidad de San Felipe.<\/figcaption><\/figure>\n<p>Seg\u00fan cont\u00f3 Patricia Lolas, encargada de la Oficina de Cultura y Formaci\u00f3n del Departamento de Cultura de la Municipalidad de San Felipe, la muestra art\u00edstica est\u00e1 abierta a todo p\u00fablico y se trata de un montaje sobre telas realizado por una pareja de actores franco-chilena.<br \/>\n\u201cEste es un teatro de acrobacias, aqu\u00ed hay una estructura bastante imponente que se coloca ac\u00e1, por eso tuvimos que buscar un lugar que no tuviera cables ni \u00e1rboles cerca que pudieran interferir en la implementaci\u00f3n de la obra. La estructura tiene aproximadamente unos 9 metros de altura y ellos (los actores) trabajan con un telar de la cual va colgada esta pareja de actores\u201d, describi\u00f3 Lolas<br \/>\nSeg\u00fan el relato de la personera municipal, esta Obra llega a San Felipe gracias al Fondo de las Artes, Fondart, al cual postul\u00f3 el Departamento de Cultura para poder llevar a cabo m\u00e1s de una funci\u00f3n en la comuna.<br \/>\nSi bien, la presentaci\u00f3n matutina podr\u00e1 ser presenciada por toda la comunidad que quiera acercarse a la Plaza C\u00edvica, se puso a disposici\u00f3n este horario (11 horas) para que los establecimientos educacionales puedan hacer part\u00edcipe de este espacio cultural a los alumnos de la comuna.<br \/>\nCabe destacar, que la obra ser\u00e1 presentada tambi\u00e9n el domingo 27, a las 17 horas, en la multicancha de la Villa Industrial. \u201cLa idea es acercar esta rama de la cultura y hacer como es de costumbre -como le gusta a nuestro alcalde- las actividades masivas, abiertas a la familia y totalmente gratuitas\u201d, concluy\u00f3 Lolas.<\/p>\n<figure id=\"attachment_75540\" aria-describedby=\"caption-attachment-75540\" style=\"width: 530px\" class=\"wp-caption alignleft\"><a href=\"http:\/\/www.eltrabajo.cl\/portal\/circo-teatro-aereo-chileno-frances-realiza-tres-presentaciones-este-fin-de-semana\/artista\/\" rel=\"attachment wp-att-75540\"><img data-recalc-dims=\"1\" loading=\"lazy\" decoding=\"async\" class=\"size-full wp-image-75540\" src=\"https:\/\/i0.wp.com\/www.eltrabajo.cl\/portal\/wp-content\/uploads\/2016\/11\/artista.jpg?resize=530%2C350\" alt=\"El acto se desarrolla a una altura de unos nueve metros, constituyendo un atractivo espect\u00e1culo.\" width=\"530\" height=\"350\" srcset=\"https:\/\/i0.wp.com\/eltrabajo.cl\/portal\/wp-content\/uploads\/2016\/11\/artista.jpg?w=530&amp;ssl=1 530w, https:\/\/i0.wp.com\/eltrabajo.cl\/portal\/wp-content\/uploads\/2016\/11\/artista.jpg?resize=200%2C132&amp;ssl=1 200w, https:\/\/i0.wp.com\/eltrabajo.cl\/portal\/wp-content\/uploads\/2016\/11\/artista.jpg?resize=300%2C198&amp;ssl=1 300w, https:\/\/i0.wp.com\/eltrabajo.cl\/portal\/wp-content\/uploads\/2016\/11\/artista.jpg?resize=227%2C150&amp;ssl=1 227w, https:\/\/i0.wp.com\/eltrabajo.cl\/portal\/wp-content\/uploads\/2016\/11\/artista.jpg?resize=400%2C264&amp;ssl=1 400w\" sizes=\"auto, (max-width: 530px) 100vw, 530px\" \/><\/a><figcaption id=\"caption-attachment-75540\" class=\"wp-caption-text\">El acto se desarrolla a una altura de unos nueve metros, constituyendo un atractivo espect\u00e1culo.<\/figcaption><\/figure>\n","protected":false},"excerpt":{"rendered":"<p>Pareja de actores realiza el montaje a unos 9 metros de altura:\u00a0Compa\u00f1\u00eda Lez\u2019Artchimistes, realizar\u00e1 obra acrob\u00e1tica \u2018Las Frutillas\u2019 hoy a las 11:00 y 21:30 horas en plaza c\u00edvica. El domingo, a las&#8230;<\/p>\n","protected":false},"author":1,"featured_media":75540,"comment_status":"open","ping_status":"open","sticky":false,"template":"","format":"standard","meta":{"advanced_seo_description":"","jetpack_seo_html_title":"","jetpack_seo_noindex":false,"_jetpack_memberships_contains_paid_content":false,"footnotes":""},"categories":[20],"tags":[],"class_list":["post-75538","post","type-post","status-publish","format-standard","has-post-thumbnail","hentry","category-arte-y-cultura"],"jetpack_featured_media_url":"https:\/\/i0.wp.com\/eltrabajo.cl\/portal\/wp-content\/uploads\/2016\/11\/artista.jpg?fit=530%2C350&ssl=1","jetpack_sharing_enabled":true,"jetpack_likes_enabled":true,"jetpack-related-posts":[],"_links":{"self":[{"href":"https:\/\/eltrabajo.cl\/portal\/wp-json\/wp\/v2\/posts\/75538","targetHints":{"allow":["GET"]}}],"collection":[{"href":"https:\/\/eltrabajo.cl\/portal\/wp-json\/wp\/v2\/posts"}],"about":[{"href":"https:\/\/eltrabajo.cl\/portal\/wp-json\/wp\/v2\/types\/post"}],"author":[{"embeddable":true,"href":"https:\/\/eltrabajo.cl\/portal\/wp-json\/wp\/v2\/users\/1"}],"replies":[{"embeddable":true,"href":"https:\/\/eltrabajo.cl\/portal\/wp-json\/wp\/v2\/comments?post=75538"}],"version-history":[{"count":0,"href":"https:\/\/eltrabajo.cl\/portal\/wp-json\/wp\/v2\/posts\/75538\/revisions"}],"wp:featuredmedia":[{"embeddable":true,"href":"https:\/\/eltrabajo.cl\/portal\/wp-json\/wp\/v2\/media\/75540"}],"wp:attachment":[{"href":"https:\/\/eltrabajo.cl\/portal\/wp-json\/wp\/v2\/media?parent=75538"}],"wp:term":[{"taxonomy":"category","embeddable":true,"href":"https:\/\/eltrabajo.cl\/portal\/wp-json\/wp\/v2\/categories?post=75538"},{"taxonomy":"post_tag","embeddable":true,"href":"https:\/\/eltrabajo.cl\/portal\/wp-json\/wp\/v2\/tags?post=75538"}],"curies":[{"name":"wp","href":"https:\/\/api.w.org\/{rel}","templated":true}]}}