{"id":75543,"date":"2016-11-25T08:53:31","date_gmt":"2016-11-25T11:53:31","guid":{"rendered":"http:\/\/www.eltrabajo.cl\/portal\/?p=75543"},"modified":"2016-11-25T08:53:31","modified_gmt":"2016-11-25T11:53:31","slug":"carabineros-detuvo-a-25-sujetos-por-diversos-delitos-en-rondas-extraordinarias","status":"publish","type":"post","link":"https:\/\/eltrabajo.cl\/portal\/carabineros-detuvo-a-25-sujetos-por-diversos-delitos-en-rondas-extraordinarias\/","title":{"rendered":"Carabineros detuvo a 25 sujetos por diversos delitos en rondas extraordinarias"},"content":{"rendered":"<ul>\n<li><strong>Con el fin de disminuir hechos delictuales:<\/strong><\/li>\n<\/ul>\n<p>En servicio de rondas extraordinarias dispuestas por el comisario de Carabineros, mayor H\u00e9ctor Soto M\u00f6eller durante la noche de este mi\u00e9rcoles se concretaron 25 detenciones en la provincia de San Felipe por diversos delitos entregando los antecedentes a la Fiscal\u00eda.<br \/>\nAsimismo, la polic\u00eda uniformada practic\u00f3 188 controles vehiculares y 173 de identidad desprendi\u00e9ndose de estas cifras 12 detenidos por mantener orden de arresto emanado por el Juzgado de Garant\u00eda de San Felipe y tres por conducci\u00f3n de veh\u00edculo motorizado con licencia inadecuada y 37 multas por infringir la Ley de Tr\u00e1nsito.<br \/>\nCarabineros inform\u00f3, que dentro del patrullaje policial se detuvo a 5 personas por el delito de porte de arma blanca, una por receptaci\u00f3n, una por lesiones y tres por delitos de robo con fuerza. Adem\u00e1s los efectivos policiales fiscalizaron 28 locales nocturnos donde se comercializan bebidas alcoh\u00f3licas.<br \/>\nEste operativo, fue calificado como exitoso, concretado para aumentar la sensaci\u00f3n de seguridad en la ciudadan\u00eda y la disminuci\u00f3n de hechos delictuales en la provincia de San Felipe.<br \/>\n<strong>Pablo Salinas Sald\u00edas<\/strong><\/p>\n<figure id=\"attachment_75544\" aria-describedby=\"caption-attachment-75544\" style=\"width: 530px\" class=\"wp-caption alignleft\"><a href=\"http:\/\/www.eltrabajo.cl\/portal\/carabineros-detuvo-a-25-sujetos-por-diversos-delitos-en-rondas-extraordinarias\/detenido-1-4\/\" rel=\"attachment wp-att-75544\"><img data-recalc-dims=\"1\" loading=\"lazy\" decoding=\"async\" class=\"size-full wp-image-75544\" src=\"https:\/\/i0.wp.com\/www.eltrabajo.cl\/portal\/wp-content\/uploads\/2016\/11\/DETENIDO-1.jpg?resize=530%2C349\" alt=\"Los detenidos fueron puestos a disposici\u00f3n de la Fiscal\u00eda de San Felipe para la investigaci\u00f3n del caso. (Foto Archivo).\" width=\"530\" height=\"349\" srcset=\"https:\/\/i0.wp.com\/eltrabajo.cl\/portal\/wp-content\/uploads\/2016\/11\/DETENIDO-1.jpg?w=530&amp;ssl=1 530w, https:\/\/i0.wp.com\/eltrabajo.cl\/portal\/wp-content\/uploads\/2016\/11\/DETENIDO-1.jpg?resize=200%2C132&amp;ssl=1 200w, https:\/\/i0.wp.com\/eltrabajo.cl\/portal\/wp-content\/uploads\/2016\/11\/DETENIDO-1.jpg?resize=300%2C198&amp;ssl=1 300w, https:\/\/i0.wp.com\/eltrabajo.cl\/portal\/wp-content\/uploads\/2016\/11\/DETENIDO-1.jpg?resize=228%2C150&amp;ssl=1 228w, https:\/\/i0.wp.com\/eltrabajo.cl\/portal\/wp-content\/uploads\/2016\/11\/DETENIDO-1.jpg?resize=400%2C263&amp;ssl=1 400w\" sizes=\"auto, (max-width: 530px) 100vw, 530px\" \/><\/a><figcaption id=\"caption-attachment-75544\" class=\"wp-caption-text\">Los detenidos fueron puestos a disposici\u00f3n de la Fiscal\u00eda de San Felipe para la investigaci\u00f3n del caso. (Foto Archivo).<\/figcaption><\/figure>\n","protected":false},"excerpt":{"rendered":"<p>Con el fin de disminuir hechos delictuales: En servicio de rondas extraordinarias dispuestas por el comisario de Carabineros, mayor H\u00e9ctor Soto M\u00f6eller durante la noche de este mi\u00e9rcoles se concretaron 25 detenciones&#8230;<\/p>\n","protected":false},"author":1,"featured_media":75544,"comment_status":"open","ping_status":"open","sticky":false,"template":"","format":"standard","meta":{"advanced_seo_description":"","jetpack_seo_html_title":"","jetpack_seo_noindex":false,"_jetpack_memberships_contains_paid_content":false,"footnotes":""},"categories":[21],"tags":[],"class_list":["post-75543","post","type-post","status-publish","format-standard","has-post-thumbnail","hentry","category-policial"],"jetpack_featured_media_url":"https:\/\/i0.wp.com\/eltrabajo.cl\/portal\/wp-content\/uploads\/2016\/11\/DETENIDO-1.jpg?fit=530%2C349&ssl=1","jetpack_sharing_enabled":true,"jetpack_likes_enabled":true,"jetpack-related-posts":[],"_links":{"self":[{"href":"https:\/\/eltrabajo.cl\/portal\/wp-json\/wp\/v2\/posts\/75543","targetHints":{"allow":["GET"]}}],"collection":[{"href":"https:\/\/eltrabajo.cl\/portal\/wp-json\/wp\/v2\/posts"}],"about":[{"href":"https:\/\/eltrabajo.cl\/portal\/wp-json\/wp\/v2\/types\/post"}],"author":[{"embeddable":true,"href":"https:\/\/eltrabajo.cl\/portal\/wp-json\/wp\/v2\/users\/1"}],"replies":[{"embeddable":true,"href":"https:\/\/eltrabajo.cl\/portal\/wp-json\/wp\/v2\/comments?post=75543"}],"version-history":[{"count":0,"href":"https:\/\/eltrabajo.cl\/portal\/wp-json\/wp\/v2\/posts\/75543\/revisions"}],"wp:featuredmedia":[{"embeddable":true,"href":"https:\/\/eltrabajo.cl\/portal\/wp-json\/wp\/v2\/media\/75544"}],"wp:attachment":[{"href":"https:\/\/eltrabajo.cl\/portal\/wp-json\/wp\/v2\/media?parent=75543"}],"wp:term":[{"taxonomy":"category","embeddable":true,"href":"https:\/\/eltrabajo.cl\/portal\/wp-json\/wp\/v2\/categories?post=75543"},{"taxonomy":"post_tag","embeddable":true,"href":"https:\/\/eltrabajo.cl\/portal\/wp-json\/wp\/v2\/tags?post=75543"}],"curies":[{"name":"wp","href":"https:\/\/api.w.org\/{rel}","templated":true}]}}