{"id":75547,"date":"2016-11-25T08:58:30","date_gmt":"2016-11-25T11:58:30","guid":{"rendered":"http:\/\/www.eltrabajo.cl\/portal\/?p=75547"},"modified":"2016-11-25T08:59:16","modified_gmt":"2016-11-25T11:59:16","slug":"padre-indignado-al-enterarse-que-asesino-de-su-hijo-fue-condenado-a-solo-tres-anos-y-un-dia","status":"publish","type":"post","link":"https:\/\/eltrabajo.cl\/portal\/padre-indignado-al-enterarse-que-asesino-de-su-hijo-fue-condenado-a-solo-tres-anos-y-un-dia\/","title":{"rendered":"Padre indignado al enterarse que asesino de su hijo fue condenado a s\u00f3lo tres a\u00f1os y un d\u00eda"},"content":{"rendered":"<ul>\n<li><strong><span style=\"color: #ff0000;\">Carta de la Fiscal\u00eda le inform\u00f3 42 d\u00edas despu\u00e9s de realizado juicio abreviado:<\/span> Devastado y con voz quebradiza, Jorge Gatica Gallo, a trav\u00e9s de una entrevista concedida a Diario El Trabajo, relat\u00f3 con rabia e impotencia esta m\u00edsera condena que favoreci\u00f3 al homicida tras asumir responsabilidad del crimen cometido en San Felipe, luego de la audiencia de juicio abreviado que se celebr\u00f3 el 14 de octubre pasado, con absoluto desconocimiento para los familiares de la v\u00edctima que se enteraron por una escueta misiva remitida desde la Fiscal\u00eda este mi\u00e9rcoles.<\/strong><\/li>\n<\/ul>\n<p>Una devastadora y triste noticia golpe\u00f3 a Jorge Gatica Gallo, quien es padre de Jaime Gatica Cand\u00eda, asesinado con un arma de fuego en poblaci\u00f3n La Escuadra de San Felipe. Precisamente ayer 24 de noviembre, se cumplieron dos a\u00f1os de este homicidio que dej\u00f3 a dos hijas sin su padre y una familia sumida en el dolor y la amargura por la irreparable p\u00e9rdida.<br \/>\nEl pasado mi\u00e9rcoles, don Jorge Gatica recibi\u00f3 en su domicilio en la ciudad de Santiago, una carta con remitente de la Fiscal\u00eda de San Felipe, en donde le comunicaban escuetamente que hace 42 d\u00edas, \u201cse ha dictado sentencia condenatoria en contra del imputado Ricardo L\u00f3pez Rebolledo, por el delito de homicidio\u201d, firmado por el fiscal jefe Eduardo Fajardo De La Cuba.<br \/>\nPara su sorpresa e innegable frustraci\u00f3n, don Jorge se enter\u00f3 por Diario El Trabajo que el asesino de su hijo, pagar\u00e1 s\u00f3lo tres a\u00f1os y un d\u00eda por el crimen de su hijo, pese a los incesantes esfuerzos ante la PDI y en la Fiscal\u00eda en su colaboraci\u00f3n y entrega de informaciones relevantes para el esclarecimiento del crimen, a fin de obtener una condena que podr\u00eda haber sido sentenciada por parte de los tribunales de juicio oral, a la pena de 15 a\u00f1os privado de libertad, considerando que ya la Fiscal\u00eda manten\u00eda en su carpeta investigativa la prueba documental, relato de testigos e inclusive de don Jorge Gatica, declaraciones policiales y m\u00e9dico forense del Servicio M\u00e9dico Legal, entre otros, para ser elevados en el Tribunal Oral en Lo Penal de San Felipe.<br \/>\nGatica asegura que desconoc\u00eda de esta audiencia de procedimiento abreviado en el Tribunal de Garant\u00eda que se llevar\u00eda a cabo el pasado 13 de octubre y de la rebaja considerable de la condena, a lo que logr\u00f3 optar el homicida de su hijo, quien se acredit\u00f3 como el asesino.<\/p>\n<p><strong>LA SENTENCIA<\/strong><br \/>\nDiario El Trabajo obtuvo a trav\u00e9s del Poder Judicial, el oficio de la sentencia firmada por la Jueza de Garant\u00eda, Roc\u00edo Oscariz Collarte, quien resolvi\u00f3 el 13 de octubre de 2016 ante el abogado defensor, Nicol\u00e1s Olivares y el fiscal Eduardo Fajardo, citando textualmente:<br \/>\n\u201cEl d\u00eda 24 de noviembre del a\u00f1o 2014, aproximadamente a las 12:40 horas, en circunstancias que la v\u00edctima Jaime Ad\u00e1n Gatica Candia, en compa\u00f1\u00eda de Froil\u00e1n Guillermo Venegas Salas, se trasladan desde Santiago hasta la poblaci\u00f3n La Escuadra de la comuna de San Felipe, a cobrar un dinero que le adeudaba el acusado Ricardo Alexander L\u00f3pez Rebolledo, por concepto de droga,\u00a0 quienes luego de recorrer la poblaci\u00f3n en su b\u00fasqueda, divisan en una esquina a dos mujeres conversando, reconociendo a una de ellas como Nicole Ester Salinas Salinas, quien era la pareja de su deudor, procediendo a bajarse del veh\u00edculo a conversar con ambas mujeres, instantes en que lleg\u00f3 Fabrizio Werne Pinilla L\u00f3pez, uni\u00e9ndose a la conversaci\u00f3n, para luego de unos minutos este \u00faltimo subirse al veh\u00edculo en que se trasladaba la v\u00edctima y acompa\u00f1arlo a comprar unas cervezas a un local cercano. Es entonces cuando en el trayecto a la botiller\u00eda, la v\u00edctima divisa al acusado acompa\u00f1ado de un segundo sujeto, caminando por calle Yugoslavia (calle Uno), con una escopeta recortada en sus manos, raz\u00f3n por la que v\u00edctima desciende del veh\u00edculo y sale tras de \u00e9l para alcanzarlo a la altura de pasaje Uno, y es en esos instantes en que el acusado dispara en dos oportunidades, una de ellas directo al pecho de la v\u00edctima, hiri\u00e9ndolo en su t\u00f3rax, y desplom\u00e1ndose a pocos metros del lugar, donde falleci\u00f3 producto del disparo. Estableci\u00e9ndose como causa de muerte \u2018herida t\u00f3racoabdominal por arma de fuego\u2019. Los hechos descritos configuran el il\u00edcito de homicidio simple en grado de desarrollo de consumado, del art\u00edculo 391 N\u00b02 del C\u00f3digo Penal\u201d.<br \/>\nEn resumen, Ricardo Alexander L\u00f3pez Rebolledo alias \u2018El Moncho\u2019 tras aceptar este juicio abreviado asumiendo su responsabilidad en el crimen de Jaime Ad\u00e1n Gatica Candia, alias \u2018El Yimmi\u2019, fue sentenciado a la pena de tres a\u00f1os y un d\u00eda de c\u00e1rcel, descontando los 366 d\u00edas que permaneci\u00f3 privado de libertad que le servir\u00e1n como abono.<\/p>\n<p><strong>HABLA EL PADRE DE LA V\u00cdCTIMA<\/strong><br \/>\n<strong>&#8211; \u00bfLe resulta indignante una pena de tres a\u00f1os y un d\u00eda por homicidio?<\/strong><br \/>\n&#8211; \u201cSiento rabia e impotencia porque yo esperaba m\u00e1s de la justicia, porque con el Fiscal hab\u00edamos conversado porque el caso se present\u00f3 como homicidio simple. Es para la risa, es injusto porque la Ley dice que por homicidio el m\u00ednimo deber\u00edan ser cinco a\u00f1os y un d\u00eda a 15 a\u00f1os, esto fue un asesinato premeditado porque a mi hijo lo estaban esperando\u201d.<br \/>\n<strong>&#8211; Se cumplieron dos a\u00f1os del crimen, \u00bfusted ten\u00eda esperanzas de un juicio oral?<\/strong><br \/>\n&#8211; \u201cEsperaba un juicio oral como es debido, confiaba en la justicia, yo llev\u00e9 antecedentes a la PDI y la Fiscal\u00eda, porque hab\u00edan otras dos personas m\u00e1s involucradas en el hecho, el problema mayor es que faltaban testigos\u201d.<br \/>\n<strong>&#8211; El juicio abreviado benefici\u00f3 al acusado tras asumir el crimen<\/strong><br \/>\n&#8211; \u201cLo benefici\u00f3 porque \u00e9l cooper\u00f3 y hacen algo m\u00e1s corto y se evitan ir a juicio oral y se limpian las manos y no seguir perdiendo tiempo. Pero a mi hijo lo mataron, no era homicidio simple, es un homicidio calificado porque estaba premeditado, lo estaban esperando para matarlo, no hubiesen andado con una escopeta en la calle\u201d.<br \/>\n<strong>&#8211; \u00bfUd. sab\u00eda lo que hac\u00eda su hijo, que estaba involucrado en drogas?<\/strong><br \/>\n&#8211; \u201cYo me enter\u00e9 un d\u00eda cuando fuimos a San Felipe, yo desconoc\u00eda estas amistades que \u00e9l ten\u00eda, nosotros somos gente de esfuerzo y trabajo, yo fui a declarar a la PDI y m\u00e1s que seguro la polic\u00eda nos investigaron a m\u00ed y la familia. Somos gente de trabajo, porque si no hubi\u00e9ramos tomado la justicia por nuestras propias manos, pero nosotros confi\u00e1bamos en la justicia, pero esto en realidad no es justicia. Independiente en lo que haya andado mi hijo, pero a \u00e9l lo mataron por una deuda de drogas, pero eso no est\u00e1 confirmado, s\u00f3lo porque lo declar\u00f3 la mujer del \u2018Moncho\u2019 y ella sabe que el \u2018L\u00e1grima\u2019 y \u2018El Yayo\u2019 estaban ese d\u00eda esperando a mi hijo para matarlo\u201d.<br \/>\n<strong>&#8211; \u00bfC\u00f3mo ha sido sobrellevar este proceso?<\/strong><br \/>\n&#8211; \u201cEstamos a cargo de mis dos nietas de 15 y a\u00f1os de edad, son sus hijas, estoy criando de nuevo porque ellas quedaron sin su padre y sin nada. Yo estoy endeudado porque todav\u00eda no he podido pagar lo que falt\u00f3 para cubrir el servicio f\u00fanebre de mi hijo, todav\u00eda debo como $600.000. Qued\u00f3 con da\u00f1o psicol\u00f3gico mi mujer, ella no se ha matado por las dos ni\u00f1as\u201d.<br \/>\n<strong>&#8211; \u00bfHablar\u00e1 con el fiscal para que le explique lo ocurrido?<\/strong><br \/>\n&#8211; \u201cPedir\u00e9 una cita para poder hablar con \u00e9l directamente, consultarle en qu\u00e9 me ampara la ley. Estos dos a\u00f1os fueron en vano, me aseguraron una condena superior a siete a\u00f1os, pero insisto fue un homicidio premeditado, actuaron otras personas, lo estaban esperando para matarlo. Dos mujeres se prestaron para avisar que mi hijo hab\u00eda llegado y los otros tres lo mataron con la escopeta\u201d.<br \/>\n<strong>&#8211; \u00bfFue la forma correcta haberse enterado tiempo despu\u00e9s por una carta?<\/strong><br \/>\n&#8211; \u201cPor supuesto que no, porque podr\u00edamos haber estado presente en ese juicio abreviado, yo me confi\u00e9 en el fiscal porque \u00e9l nos estaba presentando como v\u00edctimas, le confi\u00e9 que la condena ser\u00eda sobre los siete a\u00f1os y un d\u00eda. Porque ahora la justicia da libertad condicional y otros beneficios. La justicia es para los ricos, no para los pobres y la gente trabajadora. Aqu\u00ed mataron una persona, un ser humano y con la muerte de mi hijo no ven las consecuencias que dejaron con la familia, porque salimos todos perjudicados, las ni\u00f1as viven encerradas, les cambi\u00f3 la vida y les afecta psicol\u00f3gicamente\u201d.<br \/>\nHasta el cierre de esta nota Diario El Trabajo intent\u00f3 contactar al fiscal jefe, Eduardo Fajardo para obtener su versi\u00f3n de este juicio abreviado, sin obtener resultados positivos.<br \/>\n<strong>Pablo Salinas Sald\u00edas<\/strong><\/p>\n<figure id=\"attachment_75548\" aria-describedby=\"caption-attachment-75548\" style=\"width: 528px\" class=\"wp-caption alignleft\"><a href=\"http:\/\/www.eltrabajo.cl\/portal\/padre-indignado-al-enterarse-que-asesino-de-su-hijo-fue-condenado-a-solo-tres-anos-y-un-dia\/moncho-2-2\/\" rel=\"attachment wp-att-75548\"><img data-recalc-dims=\"1\" loading=\"lazy\" decoding=\"async\" class=\"size-full wp-image-75548\" src=\"https:\/\/i0.wp.com\/www.eltrabajo.cl\/portal\/wp-content\/uploads\/2016\/11\/MONCHO-2.jpg?resize=528%2C350\" alt=\"Ricardo Alexander L\u00f3pez Rebolledo, alias \u2018El Moncho\u2019, mantiene pendiente una causa por porte de municiones que investiga la Fiscal\u00eda.\" width=\"528\" height=\"350\" srcset=\"https:\/\/i0.wp.com\/eltrabajo.cl\/portal\/wp-content\/uploads\/2016\/11\/MONCHO-2.jpg?w=528&amp;ssl=1 528w, https:\/\/i0.wp.com\/eltrabajo.cl\/portal\/wp-content\/uploads\/2016\/11\/MONCHO-2.jpg?resize=200%2C133&amp;ssl=1 200w, https:\/\/i0.wp.com\/eltrabajo.cl\/portal\/wp-content\/uploads\/2016\/11\/MONCHO-2.jpg?resize=300%2C199&amp;ssl=1 300w, https:\/\/i0.wp.com\/eltrabajo.cl\/portal\/wp-content\/uploads\/2016\/11\/MONCHO-2.jpg?resize=226%2C150&amp;ssl=1 226w, https:\/\/i0.wp.com\/eltrabajo.cl\/portal\/wp-content\/uploads\/2016\/11\/MONCHO-2.jpg?resize=400%2C265&amp;ssl=1 400w\" sizes=\"auto, (max-width: 528px) 100vw, 528px\" \/><\/a><figcaption id=\"caption-attachment-75548\" class=\"wp-caption-text\">Ricardo Alexander L\u00f3pez Rebolledo, alias \u2018El Moncho\u2019, mantiene pendiente una causa por porte de municiones que investiga la Fiscal\u00eda.<\/figcaption><\/figure>\n<figure id=\"attachment_75549\" aria-describedby=\"caption-attachment-75549\" style=\"width: 530px\" class=\"wp-caption alignleft\"><a href=\"http:\/\/www.eltrabajo.cl\/portal\/padre-indignado-al-enterarse-que-asesino-de-su-hijo-fue-condenado-a-solo-tres-anos-y-un-dia\/yimmi\/\" rel=\"attachment wp-att-75549\"><img data-recalc-dims=\"1\" loading=\"lazy\" decoding=\"async\" class=\"size-full wp-image-75549\" src=\"https:\/\/i0.wp.com\/www.eltrabajo.cl\/portal\/wp-content\/uploads\/2016\/11\/yimmi.jpg?resize=530%2C348\" alt=\"Jaime Ad\u00e1n Gatica Cand\u00eda, alias \u2018El Yimmi\u2019, falleci\u00f3 a los 30 a\u00f1os de edad, v\u00edctima de un escopetazo en el t\u00f3rax en poblaci\u00f3n La Escuadra de San Felipe.\" width=\"530\" height=\"348\" srcset=\"https:\/\/i0.wp.com\/eltrabajo.cl\/portal\/wp-content\/uploads\/2016\/11\/yimmi.jpg?w=530&amp;ssl=1 530w, https:\/\/i0.wp.com\/eltrabajo.cl\/portal\/wp-content\/uploads\/2016\/11\/yimmi.jpg?resize=200%2C131&amp;ssl=1 200w, https:\/\/i0.wp.com\/eltrabajo.cl\/portal\/wp-content\/uploads\/2016\/11\/yimmi.jpg?resize=300%2C197&amp;ssl=1 300w, https:\/\/i0.wp.com\/eltrabajo.cl\/portal\/wp-content\/uploads\/2016\/11\/yimmi.jpg?resize=228%2C150&amp;ssl=1 228w, https:\/\/i0.wp.com\/eltrabajo.cl\/portal\/wp-content\/uploads\/2016\/11\/yimmi.jpg?resize=400%2C263&amp;ssl=1 400w\" sizes=\"auto, (max-width: 530px) 100vw, 530px\" \/><\/a><figcaption id=\"caption-attachment-75549\" class=\"wp-caption-text\">Jaime Ad\u00e1n Gatica Cand\u00eda, alias \u2018El Yimmi\u2019, falleci\u00f3 a los 30 a\u00f1os de edad, v\u00edctima de un escopetazo en el t\u00f3rax en poblaci\u00f3n La Escuadra de San Felipe.<\/figcaption><\/figure>\n<figure id=\"attachment_75550\" aria-describedby=\"caption-attachment-75550\" style=\"width: 530px\" class=\"wp-caption alignleft\"><a href=\"http:\/\/www.eltrabajo.cl\/portal\/padre-indignado-al-enterarse-que-asesino-de-su-hijo-fue-condenado-a-solo-tres-anos-y-un-dia\/escena-crimen\/\" rel=\"attachment wp-att-75550\"><img data-recalc-dims=\"1\" loading=\"lazy\" decoding=\"async\" class=\"size-full wp-image-75550\" src=\"https:\/\/i0.wp.com\/www.eltrabajo.cl\/portal\/wp-content\/uploads\/2016\/11\/escena-crimen.jpg?resize=530%2C350\" alt=\"A un costado de la multicancha de la Villa La Escuadra se produjo exactamente el crimen el 24 de noviembre de 2014.\" width=\"530\" height=\"350\" srcset=\"https:\/\/i0.wp.com\/eltrabajo.cl\/portal\/wp-content\/uploads\/2016\/11\/escena-crimen.jpg?w=530&amp;ssl=1 530w, https:\/\/i0.wp.com\/eltrabajo.cl\/portal\/wp-content\/uploads\/2016\/11\/escena-crimen.jpg?resize=200%2C132&amp;ssl=1 200w, https:\/\/i0.wp.com\/eltrabajo.cl\/portal\/wp-content\/uploads\/2016\/11\/escena-crimen.jpg?resize=300%2C198&amp;ssl=1 300w, https:\/\/i0.wp.com\/eltrabajo.cl\/portal\/wp-content\/uploads\/2016\/11\/escena-crimen.jpg?resize=227%2C150&amp;ssl=1 227w, https:\/\/i0.wp.com\/eltrabajo.cl\/portal\/wp-content\/uploads\/2016\/11\/escena-crimen.jpg?resize=400%2C264&amp;ssl=1 400w\" sizes=\"auto, (max-width: 530px) 100vw, 530px\" \/><\/a><figcaption id=\"caption-attachment-75550\" class=\"wp-caption-text\">A un costado de la multicancha de la Villa La Escuadra se produjo exactamente el crimen el 24 de noviembre de 2014.<\/figcaption><\/figure>\n<figure id=\"attachment_75551\" aria-describedby=\"caption-attachment-75551\" style=\"width: 530px\" class=\"wp-caption alignleft\"><a href=\"http:\/\/www.eltrabajo.cl\/portal\/padre-indignado-al-enterarse-que-asesino-de-su-hijo-fue-condenado-a-solo-tres-anos-y-un-dia\/jorge-gatica\/\" rel=\"attachment wp-att-75551\"><img data-recalc-dims=\"1\" loading=\"lazy\" decoding=\"async\" class=\"size-full wp-image-75551\" src=\"https:\/\/i0.wp.com\/www.eltrabajo.cl\/portal\/wp-content\/uploads\/2016\/11\/JORGE-Gatica.jpg?resize=530%2C350\" alt=\"Jorge Gatica Gallo padre del joven asesinado.\" width=\"530\" height=\"350\" srcset=\"https:\/\/i0.wp.com\/eltrabajo.cl\/portal\/wp-content\/uploads\/2016\/11\/JORGE-Gatica.jpg?w=530&amp;ssl=1 530w, https:\/\/i0.wp.com\/eltrabajo.cl\/portal\/wp-content\/uploads\/2016\/11\/JORGE-Gatica.jpg?resize=200%2C132&amp;ssl=1 200w, https:\/\/i0.wp.com\/eltrabajo.cl\/portal\/wp-content\/uploads\/2016\/11\/JORGE-Gatica.jpg?resize=300%2C198&amp;ssl=1 300w, https:\/\/i0.wp.com\/eltrabajo.cl\/portal\/wp-content\/uploads\/2016\/11\/JORGE-Gatica.jpg?resize=227%2C150&amp;ssl=1 227w, https:\/\/i0.wp.com\/eltrabajo.cl\/portal\/wp-content\/uploads\/2016\/11\/JORGE-Gatica.jpg?resize=400%2C264&amp;ssl=1 400w\" sizes=\"auto, (max-width: 530px) 100vw, 530px\" \/><\/a><figcaption id=\"caption-attachment-75551\" class=\"wp-caption-text\">Jorge Gatica Gallo padre del joven asesinado.<\/figcaption><\/figure>\n","protected":false},"excerpt":{"rendered":"<p>Carta de la Fiscal\u00eda le inform\u00f3 42 d\u00edas despu\u00e9s de realizado juicio abreviado: Devastado y con voz quebradiza, Jorge Gatica Gallo, a trav\u00e9s de una entrevista concedida a Diario El Trabajo, relat\u00f3&#8230;<\/p>\n","protected":false},"author":1,"featured_media":75551,"comment_status":"open","ping_status":"open","sticky":false,"template":"","format":"standard","meta":{"advanced_seo_description":"","jetpack_seo_html_title":"","jetpack_seo_noindex":false,"_jetpack_memberships_contains_paid_content":false,"footnotes":""},"categories":[1,21],"tags":[],"class_list":["post-75547","post","type-post","status-publish","format-standard","has-post-thumbnail","hentry","category-cronica","category-policial"],"jetpack_featured_media_url":"https:\/\/i0.wp.com\/eltrabajo.cl\/portal\/wp-content\/uploads\/2016\/11\/JORGE-Gatica.jpg?fit=530%2C350&ssl=1","jetpack_sharing_enabled":true,"jetpack_likes_enabled":true,"jetpack-related-posts":[],"_links":{"self":[{"href":"https:\/\/eltrabajo.cl\/portal\/wp-json\/wp\/v2\/posts\/75547","targetHints":{"allow":["GET"]}}],"collection":[{"href":"https:\/\/eltrabajo.cl\/portal\/wp-json\/wp\/v2\/posts"}],"about":[{"href":"https:\/\/eltrabajo.cl\/portal\/wp-json\/wp\/v2\/types\/post"}],"author":[{"embeddable":true,"href":"https:\/\/eltrabajo.cl\/portal\/wp-json\/wp\/v2\/users\/1"}],"replies":[{"embeddable":true,"href":"https:\/\/eltrabajo.cl\/portal\/wp-json\/wp\/v2\/comments?post=75547"}],"version-history":[{"count":0,"href":"https:\/\/eltrabajo.cl\/portal\/wp-json\/wp\/v2\/posts\/75547\/revisions"}],"wp:featuredmedia":[{"embeddable":true,"href":"https:\/\/eltrabajo.cl\/portal\/wp-json\/wp\/v2\/media\/75551"}],"wp:attachment":[{"href":"https:\/\/eltrabajo.cl\/portal\/wp-json\/wp\/v2\/media?parent=75547"}],"wp:term":[{"taxonomy":"category","embeddable":true,"href":"https:\/\/eltrabajo.cl\/portal\/wp-json\/wp\/v2\/categories?post=75547"},{"taxonomy":"post_tag","embeddable":true,"href":"https:\/\/eltrabajo.cl\/portal\/wp-json\/wp\/v2\/tags?post=75547"}],"curies":[{"name":"wp","href":"https:\/\/api.w.org\/{rel}","templated":true}]}}