{"id":75554,"date":"2016-11-25T09:04:40","date_gmt":"2016-11-25T12:04:40","guid":{"rendered":"http:\/\/www.eltrabajo.cl\/portal\/?p=75554"},"modified":"2016-11-25T09:04:42","modified_gmt":"2016-11-25T12:04:42","slug":"vecinos-se-toman-puente-quilpue-en-protesta-por-traslado-de-arena-contaminada","status":"publish","type":"post","link":"https:\/\/eltrabajo.cl\/portal\/vecinos-se-toman-puente-quilpue-en-protesta-por-traslado-de-arena-contaminada\/","title":{"rendered":"Vecinos se toman puente Quilpu\u00e9 en protesta por traslado de arena contaminada"},"content":{"rendered":"<ul>\n<li><strong>Indignaci\u00f3n en Algarrobal y Hacienda de Quilpu\u00e9:\u00a0<\/strong><\/li>\n<\/ul>\n<p>Un grupo de personas provenientes del sector de Algarrobal, Hacienda de Quilpu\u00e9, protestaron por una hora en contra del traslado de arenas contaminadas desde Las Salinas hasta el vertedero La Hormiga de la empresa GEA, que est\u00e1 ubicado a pasos de los habitantes.<br \/>\nLos vecinos se tomaron el puente de Hacienda Quilpu\u00e9, que est\u00e1 al final de la calle Abraham Ahumada.<br \/>\nEn el lugar, los vecinos encendieron neum\u00e1ticos y cortaron el tr\u00e1nsito.<br \/>\nLa protesta comenz\u00f3 a eso de las 10:15 y termin\u00f3 a las 11:15 horas, luego de un di\u00e1logo con Carabineros a cargo de la Capit\u00e1n Carolina Fern\u00e1ndez.<br \/>\nLa presidente de la Junta de Vecinos de Algarrobal, Andrea Quijanes Uribe dijo que la acci\u00f3n fue para que la gente se enterara: \u201cHay muchas personas que no saben que GEA pretende traer arenas contaminadas desde la plaza Las Salinas con hidrocarburo que produce entre otras cosas c\u00e1ncer, tiene plomo, ddt que provoca malformaciones cong\u00e9nitas, es algo preocupante, qu\u00e9 m\u00e1s se puede decir. Nosotros por eso hicimos esto, para que San Felipe, el valle, Chile se entere de lo que GEA pretende hacer, son vecinos de nosotros, que somos de Algarrobal, para GEA en el mapa no existimos, es un pueblo fantasma\u201d, dijo.<br \/>\nEn cuanto a la evaluaci\u00f3n de la protesta, la dirigente la calific\u00f3 de positiva:, \u201cVino harta gente, se escuch\u00f3, nuestros carteles concientizaron a varias personas que tienen desconocimiento de esto. Y contentos, nos vamos con la conciencia tranquila de que estamos haciendo algo importante, que nosotros como vecinos de Algarrobal nos no vamos a quedar m\u00e1s pasivamente esperando que nos perjudiquen de esta manera\u201d, finaliz\u00f3.<br \/>\nAl lugar lleg\u00f3 Carabineros y Bomberos, mientras que los veh\u00edculos debieron seguir por otras alternativas o simplemente devolverse.<\/p>\n<p><strong>OTRAS OPINIONES<\/strong><br \/>\n\u201cEstoy protestando para que GEA no le haga da\u00f1o a los ni\u00f1os, nos est\u00e1n contaminando el agua, ahora tienen esos paneles solares, eso est\u00e1 contaminando en el Algarrobal\u201d, dice una vecina.<br \/>\n\u201cEstoy protestando porque no quiero que GEA siga contaminando este pueblo, por eso estoy aqu\u00ed marchando\u201d.<br \/>\nFinalmente y luego de m\u00e1s de una hora de protestas, los vecinos, luego de dialogar con Carabineros, se retiraron del lugar, sin registrarse personas detenidas.<\/p>\n<figure id=\"attachment_75555\" aria-describedby=\"caption-attachment-75555\" style=\"width: 530px\" class=\"wp-caption alignleft\"><a href=\"http:\/\/www.eltrabajo.cl\/portal\/vecinos-se-toman-puente-quilpue-en-protesta-por-traslado-de-arena-contaminada\/carteles\/\" rel=\"attachment wp-att-75555\"><img data-recalc-dims=\"1\" loading=\"lazy\" decoding=\"async\" class=\"size-full wp-image-75555\" src=\"https:\/\/i0.wp.com\/www.eltrabajo.cl\/portal\/wp-content\/uploads\/2016\/11\/Carteles.jpg?resize=530%2C350\" alt=\"Los vecinos muestran los carteles con leyendas alusivas a los da\u00f1os que pueden ocasionar la arena contaminada. (Foto gentileza Pedro Mu\u00f1oz).\" width=\"530\" height=\"350\" srcset=\"https:\/\/i0.wp.com\/eltrabajo.cl\/portal\/wp-content\/uploads\/2016\/11\/Carteles.jpg?w=530&amp;ssl=1 530w, https:\/\/i0.wp.com\/eltrabajo.cl\/portal\/wp-content\/uploads\/2016\/11\/Carteles.jpg?resize=200%2C132&amp;ssl=1 200w, https:\/\/i0.wp.com\/eltrabajo.cl\/portal\/wp-content\/uploads\/2016\/11\/Carteles.jpg?resize=300%2C198&amp;ssl=1 300w, https:\/\/i0.wp.com\/eltrabajo.cl\/portal\/wp-content\/uploads\/2016\/11\/Carteles.jpg?resize=227%2C150&amp;ssl=1 227w, https:\/\/i0.wp.com\/eltrabajo.cl\/portal\/wp-content\/uploads\/2016\/11\/Carteles.jpg?resize=400%2C264&amp;ssl=1 400w\" sizes=\"auto, (max-width: 530px) 100vw, 530px\" \/><\/a><figcaption id=\"caption-attachment-75555\" class=\"wp-caption-text\">Los vecinos muestran los carteles con leyendas alusivas a los da\u00f1os que pueden ocasionar la arena contaminada. (Foto gentileza Pedro Mu\u00f1oz).<\/figcaption><\/figure>\n<figure id=\"attachment_75556\" aria-describedby=\"caption-attachment-75556\" style=\"width: 530px\" class=\"wp-caption alignleft\"><a href=\"http:\/\/www.eltrabajo.cl\/portal\/vecinos-se-toman-puente-quilpue-en-protesta-por-traslado-de-arena-contaminada\/contra-gea\/\" rel=\"attachment wp-att-75556\"><img data-recalc-dims=\"1\" loading=\"lazy\" decoding=\"async\" class=\"size-full wp-image-75556\" src=\"https:\/\/i0.wp.com\/www.eltrabajo.cl\/portal\/wp-content\/uploads\/2016\/11\/contra-gea.jpg?resize=530%2C350\" alt=\"Los vecinos en el medio del puente protestando con lienzos, donde se pod\u00edan apreciar lecturas contrarias a GEA. (Foto Flavia Vera Olgu\u00edn).\" width=\"530\" height=\"350\" srcset=\"https:\/\/i0.wp.com\/eltrabajo.cl\/portal\/wp-content\/uploads\/2016\/11\/contra-gea.jpg?w=530&amp;ssl=1 530w, https:\/\/i0.wp.com\/eltrabajo.cl\/portal\/wp-content\/uploads\/2016\/11\/contra-gea.jpg?resize=200%2C132&amp;ssl=1 200w, https:\/\/i0.wp.com\/eltrabajo.cl\/portal\/wp-content\/uploads\/2016\/11\/contra-gea.jpg?resize=300%2C198&amp;ssl=1 300w, https:\/\/i0.wp.com\/eltrabajo.cl\/portal\/wp-content\/uploads\/2016\/11\/contra-gea.jpg?resize=227%2C150&amp;ssl=1 227w, https:\/\/i0.wp.com\/eltrabajo.cl\/portal\/wp-content\/uploads\/2016\/11\/contra-gea.jpg?resize=400%2C264&amp;ssl=1 400w\" sizes=\"auto, (max-width: 530px) 100vw, 530px\" \/><\/a><figcaption id=\"caption-attachment-75556\" class=\"wp-caption-text\">Los vecinos en el medio del puente protestando con lienzos, donde se pod\u00edan apreciar lecturas contrarias a GEA. (Foto Flavia Vera Olgu\u00edn).<\/figcaption><\/figure>\n<figure id=\"attachment_75557\" aria-describedby=\"caption-attachment-75557\" style=\"width: 530px\" class=\"wp-caption alignleft\"><a href=\"http:\/\/www.eltrabajo.cl\/portal\/vecinos-se-toman-puente-quilpue-en-protesta-por-traslado-de-arena-contaminada\/dirigente\/\" rel=\"attachment wp-att-75557\"><img data-recalc-dims=\"1\" loading=\"lazy\" decoding=\"async\" class=\"size-full wp-image-75557\" src=\"https:\/\/i0.wp.com\/www.eltrabajo.cl\/portal\/wp-content\/uploads\/2016\/11\/Dirigente.jpg?resize=530%2C350\" alt=\"Una de las dirigentes conversa con Carabineros durante la protesta. (Foto gentileza Pedro Mu\u00f1oz).\" width=\"530\" height=\"350\" srcset=\"https:\/\/i0.wp.com\/eltrabajo.cl\/portal\/wp-content\/uploads\/2016\/11\/Dirigente.jpg?w=530&amp;ssl=1 530w, https:\/\/i0.wp.com\/eltrabajo.cl\/portal\/wp-content\/uploads\/2016\/11\/Dirigente.jpg?resize=200%2C132&amp;ssl=1 200w, https:\/\/i0.wp.com\/eltrabajo.cl\/portal\/wp-content\/uploads\/2016\/11\/Dirigente.jpg?resize=300%2C198&amp;ssl=1 300w, https:\/\/i0.wp.com\/eltrabajo.cl\/portal\/wp-content\/uploads\/2016\/11\/Dirigente.jpg?resize=227%2C150&amp;ssl=1 227w, https:\/\/i0.wp.com\/eltrabajo.cl\/portal\/wp-content\/uploads\/2016\/11\/Dirigente.jpg?resize=400%2C264&amp;ssl=1 400w\" sizes=\"auto, (max-width: 530px) 100vw, 530px\" \/><\/a><figcaption id=\"caption-attachment-75557\" class=\"wp-caption-text\">Una de las dirigentes conversa con Carabineros durante la protesta. (Foto gentileza Pedro Mu\u00f1oz).<\/figcaption><\/figure>\n<figure id=\"attachment_75558\" aria-describedby=\"caption-attachment-75558\" style=\"width: 530px\" class=\"wp-caption alignleft\"><a href=\"http:\/\/www.eltrabajo.cl\/portal\/vecinos-se-toman-puente-quilpue-en-protesta-por-traslado-de-arena-contaminada\/neumaticos-1\/\" rel=\"attachment wp-att-75558\"><img data-recalc-dims=\"1\" loading=\"lazy\" decoding=\"async\" class=\"size-full wp-image-75558\" src=\"https:\/\/i0.wp.com\/www.eltrabajo.cl\/portal\/wp-content\/uploads\/2016\/11\/Neum%C3%A1ticos-1.jpg?resize=530%2C349\" alt=\"En la imagen se puede apreciar el bloqueo de la calle a trav\u00e9s de la quema de neum\u00e1ticos. (Foto Flavia Vera Olgu\u00edn).\" width=\"530\" height=\"349\" srcset=\"https:\/\/i0.wp.com\/eltrabajo.cl\/portal\/wp-content\/uploads\/2016\/11\/Neum%C3%A1ticos-1.jpg?w=530&amp;ssl=1 530w, https:\/\/i0.wp.com\/eltrabajo.cl\/portal\/wp-content\/uploads\/2016\/11\/Neum%C3%A1ticos-1.jpg?resize=200%2C132&amp;ssl=1 200w, https:\/\/i0.wp.com\/eltrabajo.cl\/portal\/wp-content\/uploads\/2016\/11\/Neum%C3%A1ticos-1.jpg?resize=300%2C198&amp;ssl=1 300w, https:\/\/i0.wp.com\/eltrabajo.cl\/portal\/wp-content\/uploads\/2016\/11\/Neum%C3%A1ticos-1.jpg?resize=228%2C150&amp;ssl=1 228w, https:\/\/i0.wp.com\/eltrabajo.cl\/portal\/wp-content\/uploads\/2016\/11\/Neum%C3%A1ticos-1.jpg?resize=400%2C263&amp;ssl=1 400w\" sizes=\"auto, (max-width: 530px) 100vw, 530px\" \/><\/a><figcaption id=\"caption-attachment-75558\" class=\"wp-caption-text\">En la imagen se puede apreciar el bloqueo de la calle a trav\u00e9s de la quema de neum\u00e1ticos. (Foto Flavia Vera Olgu\u00edn).<\/figcaption><\/figure>\n<figure id=\"attachment_75559\" aria-describedby=\"caption-attachment-75559\" style=\"width: 530px\" class=\"wp-caption alignleft\"><a href=\"http:\/\/www.eltrabajo.cl\/portal\/vecinos-se-toman-puente-quilpue-en-protesta-por-traslado-de-arena-contaminada\/protesta\/\" rel=\"attachment wp-att-75559\"><img data-recalc-dims=\"1\" loading=\"lazy\" decoding=\"async\" class=\"size-full wp-image-75559\" src=\"https:\/\/i0.wp.com\/www.eltrabajo.cl\/portal\/wp-content\/uploads\/2016\/11\/PROTESTA.jpg?resize=530%2C349\" alt=\"En la imagen se puede apreciar el bloqueo de la calle a trav\u00e9s de la quema de neum\u00e1ticos. (Foto Flavia Vera Olgu\u00edn).\" width=\"530\" height=\"349\" srcset=\"https:\/\/i0.wp.com\/eltrabajo.cl\/portal\/wp-content\/uploads\/2016\/11\/PROTESTA.jpg?w=530&amp;ssl=1 530w, https:\/\/i0.wp.com\/eltrabajo.cl\/portal\/wp-content\/uploads\/2016\/11\/PROTESTA.jpg?resize=200%2C132&amp;ssl=1 200w, https:\/\/i0.wp.com\/eltrabajo.cl\/portal\/wp-content\/uploads\/2016\/11\/PROTESTA.jpg?resize=300%2C198&amp;ssl=1 300w, https:\/\/i0.wp.com\/eltrabajo.cl\/portal\/wp-content\/uploads\/2016\/11\/PROTESTA.jpg?resize=228%2C150&amp;ssl=1 228w, https:\/\/i0.wp.com\/eltrabajo.cl\/portal\/wp-content\/uploads\/2016\/11\/PROTESTA.jpg?resize=400%2C263&amp;ssl=1 400w\" sizes=\"auto, (max-width: 530px) 100vw, 530px\" \/><\/a><figcaption id=\"caption-attachment-75559\" class=\"wp-caption-text\">En la imagen se puede apreciar el bloqueo de la calle a trav\u00e9s de la quema de neum\u00e1ticos. (Foto Flavia Vera Olgu\u00edn).<\/figcaption><\/figure>\n","protected":false},"excerpt":{"rendered":"<p>Indignaci\u00f3n en Algarrobal y Hacienda de Quilpu\u00e9:\u00a0 Un grupo de personas provenientes del sector de Algarrobal, Hacienda de Quilpu\u00e9, protestaron por una hora en contra del traslado de arenas contaminadas desde Las&#8230;<\/p>\n","protected":false},"author":1,"featured_media":75556,"comment_status":"open","ping_status":"open","sticky":false,"template":"","format":"standard","meta":{"advanced_seo_description":"","jetpack_seo_html_title":"","jetpack_seo_noindex":false,"_jetpack_memberships_contains_paid_content":false,"footnotes":""},"categories":[15],"tags":[],"class_list":["post-75554","post","type-post","status-publish","format-standard","has-post-thumbnail","hentry","category-comunidad"],"jetpack_featured_media_url":"https:\/\/i0.wp.com\/eltrabajo.cl\/portal\/wp-content\/uploads\/2016\/11\/contra-gea.jpg?fit=530%2C350&ssl=1","jetpack_sharing_enabled":true,"jetpack_likes_enabled":true,"jetpack-related-posts":[],"_links":{"self":[{"href":"https:\/\/eltrabajo.cl\/portal\/wp-json\/wp\/v2\/posts\/75554","targetHints":{"allow":["GET"]}}],"collection":[{"href":"https:\/\/eltrabajo.cl\/portal\/wp-json\/wp\/v2\/posts"}],"about":[{"href":"https:\/\/eltrabajo.cl\/portal\/wp-json\/wp\/v2\/types\/post"}],"author":[{"embeddable":true,"href":"https:\/\/eltrabajo.cl\/portal\/wp-json\/wp\/v2\/users\/1"}],"replies":[{"embeddable":true,"href":"https:\/\/eltrabajo.cl\/portal\/wp-json\/wp\/v2\/comments?post=75554"}],"version-history":[{"count":0,"href":"https:\/\/eltrabajo.cl\/portal\/wp-json\/wp\/v2\/posts\/75554\/revisions"}],"wp:featuredmedia":[{"embeddable":true,"href":"https:\/\/eltrabajo.cl\/portal\/wp-json\/wp\/v2\/media\/75556"}],"wp:attachment":[{"href":"https:\/\/eltrabajo.cl\/portal\/wp-json\/wp\/v2\/media?parent=75554"}],"wp:term":[{"taxonomy":"category","embeddable":true,"href":"https:\/\/eltrabajo.cl\/portal\/wp-json\/wp\/v2\/categories?post=75554"},{"taxonomy":"post_tag","embeddable":true,"href":"https:\/\/eltrabajo.cl\/portal\/wp-json\/wp\/v2\/tags?post=75554"}],"curies":[{"name":"wp","href":"https:\/\/api.w.org\/{rel}","templated":true}]}}