{"id":75562,"date":"2016-11-28T08:19:03","date_gmt":"2016-11-28T11:19:03","guid":{"rendered":"http:\/\/www.eltrabajo.cl\/portal\/?p=75562"},"modified":"2016-11-28T08:19:03","modified_gmt":"2016-11-28T11:19:03","slug":"me-parece-horroroso-traslado-de-arena-contaminada-al-vertedero-de-gea","status":"publish","type":"post","link":"https:\/\/eltrabajo.cl\/portal\/me-parece-horroroso-traslado-de-arena-contaminada-al-vertedero-de-gea\/","title":{"rendered":"\u00abMe parece \u2018horroroso\u2019 traslado de arena contaminada al vertedero de GEA\u00bb"},"content":{"rendered":"<ul>\n<li><strong>Concejal electo Juan Carlos Sabaj:<\/strong><\/li>\n<\/ul>\n<p>Al concejal electo Juan Carlos Sabaj, le parece \u2018horroroso\u2019 el proyecto que hay para trasladar arenas contaminadas desde el sector Las Salinas de Vi\u00f1a del Mar, hasta el CTI La Hormiga de propiedad de la empresa GEA.<br \/>\nSabaj entreg\u00f3 su opini\u00f3n, dejando en claro que la da como un sanfelipe\u00f1o, un ciudadano a pie, no como autoridad, pero al final reconoce que una vez que sea embestido en su nuevo cargo, no la va a cambiar.<br \/>\nDice que desde su punto como ciudadano, \u00abno como concejal electo, sino como sanfelipe\u00f1o, me parece horroroso, primero que nada espero que esto no llegue a un fin y supongo que ir\u00e1n a haber estudios de los cuales me estoy informando y los cuales yo me he informado, tenemos todas las de ganar\u00bb, se\u00f1ala.<br \/>\nSin embargo, indica que en proyectos de este tipo hay falta de informaci\u00f3n, pero tiene la plena confianza que todo va a ir bien: \u00abporque es algo ins\u00f3lito, es como que nos est\u00e1n mirando como el patio trasero de la regi\u00f3n, lo han dicho varias personas, entonces encuentro como que no tiene sentido\u00bb.<br \/>\nAparte que falta m\u00e1s informaci\u00f3n, cree que la ciudadan\u00eda deb\u00eda haber tenido antes informaci\u00f3n de este tema para haber opinado, reconoce que a \u00e9l lo pill\u00f3 de sorpresa, como cree que a la gran mayor\u00eda.<br \/>\n&#8211; \u00bfCu\u00e1l ser\u00e1 su actitud frente a esto? teniendo en cuenta la protesta realizada por vecinos, donde a parte de la concejal electa Boffa Casas, no hab\u00eda ninguna autoridad.<br \/>\n&#8211; \u00abTe vuelvo a repetir, yo asumo el 6 de diciembre, en estos momentos estoy opinando primero que nada como sanfelipe\u00f1o, mi opini\u00f3n como concejal la dar\u00e9 en el Concejo cuando sea correspondiente, y va a ser similar a la que estoy diciendo; ahora que participe o deje de participar en las protestas, no es porque yo no est\u00e9 de acuerdo con el tema, o sea yo tengo mi postura y es la que te digo, lo encuentro horroroso. Que no vaya a participar a una manifestaci\u00f3n no significa que no la est\u00e9 apoyando, as\u00ed es que espero que sea todo como corresponde y que logremos un final (\u2026) feliz por decir\u00bb.<\/p>\n<figure id=\"attachment_75563\" aria-describedby=\"caption-attachment-75563\" style=\"width: 530px\" class=\"wp-caption alignleft\"><a href=\"http:\/\/www.eltrabajo.cl\/portal\/me-parece-horroroso-traslado-de-arena-contaminada-al-vertedero-de-gea\/juan-sabaj\/\" rel=\"attachment wp-att-75563\"><img data-recalc-dims=\"1\" loading=\"lazy\" decoding=\"async\" class=\"size-full wp-image-75563\" src=\"https:\/\/i0.wp.com\/www.eltrabajo.cl\/portal\/wp-content\/uploads\/2016\/11\/JUAN-SABAJ.jpg?resize=530%2C349\" alt=\"Concejal electo, Juan Carlos Sabaj.\" width=\"530\" height=\"349\" srcset=\"https:\/\/i0.wp.com\/eltrabajo.cl\/portal\/wp-content\/uploads\/2016\/11\/JUAN-SABAJ.jpg?w=530&amp;ssl=1 530w, https:\/\/i0.wp.com\/eltrabajo.cl\/portal\/wp-content\/uploads\/2016\/11\/JUAN-SABAJ.jpg?resize=200%2C132&amp;ssl=1 200w, https:\/\/i0.wp.com\/eltrabajo.cl\/portal\/wp-content\/uploads\/2016\/11\/JUAN-SABAJ.jpg?resize=300%2C198&amp;ssl=1 300w, https:\/\/i0.wp.com\/eltrabajo.cl\/portal\/wp-content\/uploads\/2016\/11\/JUAN-SABAJ.jpg?resize=228%2C150&amp;ssl=1 228w, https:\/\/i0.wp.com\/eltrabajo.cl\/portal\/wp-content\/uploads\/2016\/11\/JUAN-SABAJ.jpg?resize=400%2C263&amp;ssl=1 400w\" sizes=\"auto, (max-width: 530px) 100vw, 530px\" \/><\/a><figcaption id=\"caption-attachment-75563\" class=\"wp-caption-text\">Concejal electo, Juan Carlos Sabaj.<\/figcaption><\/figure>\n","protected":false},"excerpt":{"rendered":"<p>Concejal electo Juan Carlos Sabaj: Al concejal electo Juan Carlos Sabaj, le parece \u2018horroroso\u2019 el proyecto que hay para trasladar arenas contaminadas desde el sector Las Salinas de Vi\u00f1a del Mar, hasta&#8230;<\/p>\n","protected":false},"author":1,"featured_media":75563,"comment_status":"open","ping_status":"open","sticky":false,"template":"","format":"standard","meta":{"advanced_seo_description":"","jetpack_seo_html_title":"","jetpack_seo_noindex":false,"_jetpack_memberships_contains_paid_content":false,"footnotes":""},"categories":[1],"tags":[],"class_list":["post-75562","post","type-post","status-publish","format-standard","has-post-thumbnail","hentry","category-cronica"],"jetpack_featured_media_url":"https:\/\/i0.wp.com\/eltrabajo.cl\/portal\/wp-content\/uploads\/2016\/11\/JUAN-SABAJ.jpg?fit=530%2C349&ssl=1","jetpack_sharing_enabled":true,"jetpack_likes_enabled":true,"jetpack-related-posts":[],"_links":{"self":[{"href":"https:\/\/eltrabajo.cl\/portal\/wp-json\/wp\/v2\/posts\/75562","targetHints":{"allow":["GET"]}}],"collection":[{"href":"https:\/\/eltrabajo.cl\/portal\/wp-json\/wp\/v2\/posts"}],"about":[{"href":"https:\/\/eltrabajo.cl\/portal\/wp-json\/wp\/v2\/types\/post"}],"author":[{"embeddable":true,"href":"https:\/\/eltrabajo.cl\/portal\/wp-json\/wp\/v2\/users\/1"}],"replies":[{"embeddable":true,"href":"https:\/\/eltrabajo.cl\/portal\/wp-json\/wp\/v2\/comments?post=75562"}],"version-history":[{"count":0,"href":"https:\/\/eltrabajo.cl\/portal\/wp-json\/wp\/v2\/posts\/75562\/revisions"}],"wp:featuredmedia":[{"embeddable":true,"href":"https:\/\/eltrabajo.cl\/portal\/wp-json\/wp\/v2\/media\/75563"}],"wp:attachment":[{"href":"https:\/\/eltrabajo.cl\/portal\/wp-json\/wp\/v2\/media?parent=75562"}],"wp:term":[{"taxonomy":"category","embeddable":true,"href":"https:\/\/eltrabajo.cl\/portal\/wp-json\/wp\/v2\/categories?post=75562"},{"taxonomy":"post_tag","embeddable":true,"href":"https:\/\/eltrabajo.cl\/portal\/wp-json\/wp\/v2\/tags?post=75562"}],"curies":[{"name":"wp","href":"https:\/\/api.w.org\/{rel}","templated":true}]}}