{"id":75566,"date":"2016-11-28T08:22:07","date_gmt":"2016-11-28T11:22:07","guid":{"rendered":"http:\/\/www.eltrabajo.cl\/portal\/?p=75566"},"modified":"2016-11-28T08:23:20","modified_gmt":"2016-11-28T11:23:20","slug":"ultima-corrida-del-ano-convoco-a-mas-de-200-participantes-de-todo-el-valle","status":"publish","type":"post","link":"https:\/\/eltrabajo.cl\/portal\/ultima-corrida-del-ano-convoco-a-mas-de-200-participantes-de-todo-el-valle\/","title":{"rendered":"\u00daltima corrida del a\u00f1o convoc\u00f3 a m\u00e1s de 200 participantes de todo el Valle"},"content":{"rendered":"<p>Un \u00e9xito de convocatoria registr\u00f3 la \u00faltima corrida del a\u00f1o organizada por la Municipalidad de San Felipe, a trav\u00e9s de la Mesa de Promoci\u00f3n de la Salud, ya que la actividad congreg\u00f3 a m\u00e1s de 200 competidores, no s\u00f3lo de la comuna de San Felipe, sino tambi\u00e9n de todo el Valle de Aconcagua y de la regi\u00f3n.<br \/>\nA la entretenida actividad llegaron familias completas y experimentados corredores, quienes participaron en las distintas categor\u00edas, desde el 1K, 3K, 6K y 9K. Precisamente minutos despu\u00e9s de las 10 de la ma\u00f1ana, decenas de ni\u00f1os junto a sus padres partieron desde la largada, ubicada a un costado de la sede social de la Villa Bernardo Cruz.<br \/>\nEse fue el caso de Daniela Gonz\u00e1lez Rojas, quien lleg\u00f3 con toda su familia a la corrida, participando en el 1K, junto a su marido y sus hijas, una de ella en coche.<br \/>\n\u201cLa verdad es que nosotros todo lo que sea fomentar la vida saludable nos parece que es lo m\u00e1s indicado, sobre todo a los chiquititos que hay que inculcarle el h\u00e1bito del ejercicio. Participamos el a\u00f1o pasado, todav\u00eda no estaba la guagua, pero participamos los tres, iba la grande en coche y ahora a ella le toc\u00f3 correr. Mi mensaje es que da lo mismo si uno llega primero o \u00faltimo lo importante es participar y los h\u00e1bitos y yo que no los tuve, me interesa que mis hijas los tengan\u201d, se\u00f1al\u00f3 esta entusiasta vecina.<br \/>\nLuego que llegaron los competidores del 1K partieron los 3K, tambi\u00e9n con decenas de participantes, quienes cronometraron unos 10 minutos, para luego dar la partida a los 6K y 9K, con un recorrido que permiti\u00f3 apreciar hermosos paisajes de la comuna de San Felipe.<br \/>\nEsta \u00faltima categor\u00eda, fue liderada casi todo el tiempo por dos competidores, llegando finalmente a la meta \u00c1lvaro Silva Delgado de Petorca, corredor de Aconcagua Runners.<br \/>\n\u201cFue muy bueno para que la gente haga actividad f\u00edsica y salgan a correr, el circuito fue muy bueno, un circuito r\u00e1pido y logr\u00e9 tener un primer puesto. Iba con mi compa\u00f1ero del club, con Diego, quien se sinti\u00f3 un poco mareado as\u00ed que tuvo que retirarse, o no s\u00e9 si sigui\u00f3, pero yo segu\u00ed adelante con el ritmo que iba. Esta es la primera vez que vengo a competir a San Felipe y estuvo todo muy bien, y la idea es seguir participando para que la gente se motive a correr\u201d, se\u00f1al\u00f3 el ganador en categor\u00eda adulto, quien cuenta que entrena a diario para competir especialmente en los 21K.<br \/>\nLa corrida tuvo un muy positivo balance de parte de los organizadores, se\u00f1alando Cristi\u00e1n Rom\u00e1n Tombolini, director regional de Injuv, quien tambi\u00e9n particip\u00f3 en los 6K, que \u201cpara el Injuv es un honor ayudar en la organizaci\u00f3n de aquellas actividades que estimulen la vida sana y la actividad deportiva. Nosotros somos parte del programa Elige vivir sano en conjunto con distintos organismos de gobierno para promover los h\u00e1bitos de vida saludable y que mejor que hacerlo en familia. Hemos tratado de colaborar fuera de la provincia de Valpara\u00edso para ayudar a descentralizar y que la oportunidad de hacer deporte llegue a toda la regi\u00f3n\u201d.<br \/>\nEn tanto Danilo Pe\u00f1a, encargado del departamento de Deportes y Actividad F\u00edsica de la Municipalidad de San Felipe, valor\u00f3 la masiva presencia de los sanfelipe\u00f1os en esta actividad, que cierra el programa por el a\u00f1o 2016.<br \/>\n\u201cLa verdad muy contentos, un d\u00eda hermoso, no mucho calor a\u00fan, y lo que ha permitido que la gente se acerque a esta sede de la junta de vecinos Bernardo Cruz, a quienes damos las gracias, porque las \u00faltimas dos carreras las hemos hecho ac\u00e1 y es muy c\u00f3modo. Por supuesto el agradecimiento a nuestro alcalde Patricio Freire que todo el a\u00f1o ha apoyado las actividades del departamento. Hoy d\u00eda la gente ha dejado de quedarse en la casa, de estar en la cama viendo televisi\u00f3n y lo canje\u00f3 por venir a hacer deporte, as\u00ed que estamos muy contentos. Estamos con unos 200 participantes, mucho ni\u00f1o, mucha familia, estamos muy contentos porque en las \u00faltimas dos actividades, en el estadio, fue una gran cantidad familias, y ahora vimos como corren con sus hijos, con carros y coches. Vino gente de otros lugares de la provincia, as\u00ed que felices porque se ha congregado mucha gente\u201d.<br \/>\nPe\u00f1a realiz\u00f3 tambi\u00e9n una positiva evaluaci\u00f3n del trabajo realizado durante el a\u00f1o por el departamento de Deportes, dando cuenta de lo estipulado por el alcalde Patricio Freire de potenciar la vida sana y el deporte entre los vecinos. Y el profesional aprovech\u00f3 de adelantar, que ya para los meses de enero y febrero del 2017 se viene el verano entretenido, con actividades deportivas que se realizar\u00e1n en distintos sectores de la comuna.<\/p>\n<figure id=\"attachment_75567\" aria-describedby=\"caption-attachment-75567\" style=\"width: 530px\" class=\"wp-caption alignleft\"><a href=\"http:\/\/www.eltrabajo.cl\/portal\/ultima-corrida-del-ano-convoco-a-mas-de-200-participantes-de-todo-el-valle\/6k-y-9k\/\" rel=\"attachment wp-att-75567\"><img data-recalc-dims=\"1\" loading=\"lazy\" decoding=\"async\" class=\"size-full wp-image-75567\" src=\"https:\/\/i0.wp.com\/www.eltrabajo.cl\/portal\/wp-content\/uploads\/2016\/11\/6K-y-9K.jpg?resize=530%2C349\" alt=\"CORRELE.- Grandes y chicos, pudieron disfrutar de la sana actividad coordinada por el municipio a trav\u00e9s de la Mesa de Promoci\u00f3n de la Salud.\" width=\"530\" height=\"349\" srcset=\"https:\/\/i0.wp.com\/eltrabajo.cl\/portal\/wp-content\/uploads\/2016\/11\/6K-y-9K.jpg?w=530&amp;ssl=1 530w, https:\/\/i0.wp.com\/eltrabajo.cl\/portal\/wp-content\/uploads\/2016\/11\/6K-y-9K.jpg?resize=200%2C132&amp;ssl=1 200w, https:\/\/i0.wp.com\/eltrabajo.cl\/portal\/wp-content\/uploads\/2016\/11\/6K-y-9K.jpg?resize=300%2C198&amp;ssl=1 300w, https:\/\/i0.wp.com\/eltrabajo.cl\/portal\/wp-content\/uploads\/2016\/11\/6K-y-9K.jpg?resize=228%2C150&amp;ssl=1 228w, https:\/\/i0.wp.com\/eltrabajo.cl\/portal\/wp-content\/uploads\/2016\/11\/6K-y-9K.jpg?resize=400%2C263&amp;ssl=1 400w\" sizes=\"auto, (max-width: 530px) 100vw, 530px\" \/><\/a><figcaption id=\"caption-attachment-75567\" class=\"wp-caption-text\">CORRELE.- Grandes y chicos, pudieron disfrutar de la sana actividad coordinada por el municipio a trav\u00e9s de la Mesa de Promoci\u00f3n de la Salud.<\/figcaption><\/figure>\n<figure id=\"attachment_75568\" aria-describedby=\"caption-attachment-75568\" style=\"width: 530px\" class=\"wp-caption alignleft\"><a href=\"http:\/\/www.eltrabajo.cl\/portal\/ultima-corrida-del-ano-convoco-a-mas-de-200-participantes-de-todo-el-valle\/partida-1k\/\" rel=\"attachment wp-att-75568\"><img data-recalc-dims=\"1\" loading=\"lazy\" decoding=\"async\" class=\"size-full wp-image-75568\" src=\"https:\/\/i0.wp.com\/www.eltrabajo.cl\/portal\/wp-content\/uploads\/2016\/11\/partida-1K.jpg?resize=530%2C349\" alt=\"PREPARADOS, LISTOS, FUERA.- En el inicio de la corrida, familias completas se agolpaban para participar del evento deportivo.\" width=\"530\" height=\"349\" srcset=\"https:\/\/i0.wp.com\/eltrabajo.cl\/portal\/wp-content\/uploads\/2016\/11\/partida-1K.jpg?w=530&amp;ssl=1 530w, https:\/\/i0.wp.com\/eltrabajo.cl\/portal\/wp-content\/uploads\/2016\/11\/partida-1K.jpg?resize=200%2C132&amp;ssl=1 200w, https:\/\/i0.wp.com\/eltrabajo.cl\/portal\/wp-content\/uploads\/2016\/11\/partida-1K.jpg?resize=300%2C198&amp;ssl=1 300w, https:\/\/i0.wp.com\/eltrabajo.cl\/portal\/wp-content\/uploads\/2016\/11\/partida-1K.jpg?resize=228%2C150&amp;ssl=1 228w, https:\/\/i0.wp.com\/eltrabajo.cl\/portal\/wp-content\/uploads\/2016\/11\/partida-1K.jpg?resize=400%2C263&amp;ssl=1 400w\" sizes=\"auto, (max-width: 530px) 100vw, 530px\" \/><\/a><figcaption id=\"caption-attachment-75568\" class=\"wp-caption-text\">PREPARADOS, LISTOS, FUERA.- En el inicio de la corrida, familias completas se agolpaban para participar del evento deportivo.<\/figcaption><\/figure>\n","protected":false},"excerpt":{"rendered":"<p>Un \u00e9xito de convocatoria registr\u00f3 la \u00faltima corrida del a\u00f1o organizada por la Municipalidad de San Felipe, a trav\u00e9s de la Mesa de Promoci\u00f3n de la Salud, ya que la actividad congreg\u00f3&#8230;<\/p>\n","protected":false},"author":1,"featured_media":75567,"comment_status":"open","ping_status":"open","sticky":false,"template":"","format":"standard","meta":{"advanced_seo_description":"","jetpack_seo_html_title":"","jetpack_seo_noindex":false,"_jetpack_memberships_contains_paid_content":false,"footnotes":""},"categories":[1],"tags":[],"class_list":["post-75566","post","type-post","status-publish","format-standard","has-post-thumbnail","hentry","category-cronica"],"jetpack_featured_media_url":"https:\/\/i0.wp.com\/eltrabajo.cl\/portal\/wp-content\/uploads\/2016\/11\/6K-y-9K.jpg?fit=530%2C349&ssl=1","jetpack_sharing_enabled":true,"jetpack_likes_enabled":true,"jetpack-related-posts":[],"_links":{"self":[{"href":"https:\/\/eltrabajo.cl\/portal\/wp-json\/wp\/v2\/posts\/75566","targetHints":{"allow":["GET"]}}],"collection":[{"href":"https:\/\/eltrabajo.cl\/portal\/wp-json\/wp\/v2\/posts"}],"about":[{"href":"https:\/\/eltrabajo.cl\/portal\/wp-json\/wp\/v2\/types\/post"}],"author":[{"embeddable":true,"href":"https:\/\/eltrabajo.cl\/portal\/wp-json\/wp\/v2\/users\/1"}],"replies":[{"embeddable":true,"href":"https:\/\/eltrabajo.cl\/portal\/wp-json\/wp\/v2\/comments?post=75566"}],"version-history":[{"count":0,"href":"https:\/\/eltrabajo.cl\/portal\/wp-json\/wp\/v2\/posts\/75566\/revisions"}],"wp:featuredmedia":[{"embeddable":true,"href":"https:\/\/eltrabajo.cl\/portal\/wp-json\/wp\/v2\/media\/75567"}],"wp:attachment":[{"href":"https:\/\/eltrabajo.cl\/portal\/wp-json\/wp\/v2\/media?parent=75566"}],"wp:term":[{"taxonomy":"category","embeddable":true,"href":"https:\/\/eltrabajo.cl\/portal\/wp-json\/wp\/v2\/categories?post=75566"},{"taxonomy":"post_tag","embeddable":true,"href":"https:\/\/eltrabajo.cl\/portal\/wp-json\/wp\/v2\/tags?post=75566"}],"curies":[{"name":"wp","href":"https:\/\/api.w.org\/{rel}","templated":true}]}}