{"id":75581,"date":"2016-11-28T08:31:34","date_gmt":"2016-11-28T11:31:34","guid":{"rendered":"http:\/\/www.eltrabajo.cl\/portal\/?p=75581"},"modified":"2016-11-28T08:31:34","modified_gmt":"2016-11-28T11:31:34","slug":"club-marcela-sabaj-celebrara-el-18-de-diciembre-su-vigesimo-aniversario","status":"publish","type":"post","link":"https:\/\/eltrabajo.cl\/portal\/club-marcela-sabaj-celebrara-el-18-de-diciembre-su-vigesimo-aniversario\/","title":{"rendered":"Club Marcela Sabaj celebrar\u00e1 el 18 de diciembre su vig\u00e9simo aniversario"},"content":{"rendered":"<ul>\n<li><strong>Por elecciones municipales:<\/strong><\/li>\n<\/ul>\n<p>El Club de Artes Marciales Marcela Sabaj, va a celebrar el pr\u00f3ximo 18 de diciembre su aniversario n\u00famero 20, donde participar\u00e1n academias de distintas ciudades del pa\u00eds.<br \/>\nEl motivo del cambio se debi\u00f3 a las elecciones municipales.<br \/>\nAs\u00ed lo dio a conocer el maestro V\u00edctor Caballero, explicando adem\u00e1s que la fecha oficial es el 22 de octubre, pero como hubo elecciones municipales, la tuvieron que cambiar.<br \/>\nCuenta que el club Marcela Sabaj, nace el a\u00f1o 1996 en San Felipe y desde esa fecha han estado trabajando para los ni\u00f1os y j\u00f3venes de la ciudad.<br \/>\n<strong>&#8211; \u00bfC\u00f3mo nace la idea de crear este club?<\/strong><br \/>\n&#8211; \u201cLa idea de creaci\u00f3n de este club, nace porque en esos tiempos no hab\u00edan talleres municipales y la necesidad de llevar deporte a las poblaciones perif\u00e9ricas era urgente, nosotros partimos con esa intenci\u00f3n y al final nos constituimos como club deportivo &#8216;Marcela Sabaj&#8217;, encabezado por Carlos Gallardo Castillo quien hasta la fecha es un reflejo de honestidad y sacrificio aqu\u00ed en la zona\u201d.<br \/>\nCuenta el maestro que el d\u00eda de hoy, el club est\u00e1 compuesto por unos 25 alumnos que se dividen en las categor\u00edas de menores y j\u00f3venes, cuyas edades van desde los 3 a\u00f1os y medios hasta los 17 a\u00f1os. Despu\u00e9s de eso, puede elegir qu\u00e9 disciplina seguir y en que academia hacerlo.<br \/>\nEl club entrega cinturones blancos, raya amarilla, amarillo, naranjo, hay una escala hasta llegar a cintur\u00f3n negro, este \u00faltimo lo alcanz\u00f3 la alumna Alexa Zamora Silva, que hoy est\u00e1 en la Universidad: \u201cElla empez\u00f3 a los cinco a\u00f1os y a los 16 era cintur\u00f3n negro\u201d, destac\u00f3 el maestro V\u00edctor Caballero.<br \/>\nCont\u00f3 adem\u00e1s que un fin de semana atr\u00e1s participaron en un campeonato en la comuna de Panquehue, donde tuvieron una destacada participaci\u00f3n, obteniendo una importante cantidad de trofeos, lo que le dej\u00f3 muy contento por la actitud de sus alumnos, quienes desde peque\u00f1os toman esta actividad no como un hobby, sino para su vida diaria, teniendo en cuenta los valores que les entregan en el club.<br \/>\nCont\u00f3 que la Municipalidad de Zapallar va a premiar a los alumnos m\u00e1s destacados de su club: \u201cNosotros acudiremos hasta all\u00e1 el domingo 11 de diciembre. Nosotros estamos muy orgullosos que ellos nos premien a nuestros alumnos por la labor que han hecho durante el a\u00f1o\u201d, sostuvo Caballero.<br \/>\nEl club ha obtenido premios en la \u2018categor\u00eda Pihue\u2019 que son los m\u00e1s peque\u00f1os (3 a\u00f1os y medio a 4, 5, 6) los j\u00f3venes igual.<\/p>\n<figure id=\"attachment_75582\" aria-describedby=\"caption-attachment-75582\" style=\"width: 530px\" class=\"wp-caption alignleft\"><a href=\"http:\/\/www.eltrabajo.cl\/portal\/club-marcela-sabaj-celebrara-el-18-de-diciembre-su-vigesimo-aniversario\/victor-caballero-4\/\" rel=\"attachment wp-att-75582\"><img data-recalc-dims=\"1\" loading=\"lazy\" decoding=\"async\" class=\"size-full wp-image-75582\" src=\"https:\/\/i0.wp.com\/www.eltrabajo.cl\/portal\/wp-content\/uploads\/2016\/11\/victor-caballero.jpg?resize=530%2C349\" alt=\"V\u00edctor Caballero, maestro del Club Marcela Sabaj.\" width=\"530\" height=\"349\" srcset=\"https:\/\/i0.wp.com\/eltrabajo.cl\/portal\/wp-content\/uploads\/2016\/11\/victor-caballero.jpg?w=530&amp;ssl=1 530w, https:\/\/i0.wp.com\/eltrabajo.cl\/portal\/wp-content\/uploads\/2016\/11\/victor-caballero.jpg?resize=200%2C132&amp;ssl=1 200w, https:\/\/i0.wp.com\/eltrabajo.cl\/portal\/wp-content\/uploads\/2016\/11\/victor-caballero.jpg?resize=300%2C198&amp;ssl=1 300w, https:\/\/i0.wp.com\/eltrabajo.cl\/portal\/wp-content\/uploads\/2016\/11\/victor-caballero.jpg?resize=228%2C150&amp;ssl=1 228w, https:\/\/i0.wp.com\/eltrabajo.cl\/portal\/wp-content\/uploads\/2016\/11\/victor-caballero.jpg?resize=400%2C263&amp;ssl=1 400w\" sizes=\"auto, (max-width: 530px) 100vw, 530px\" \/><\/a><figcaption id=\"caption-attachment-75582\" class=\"wp-caption-text\">V\u00edctor Caballero, maestro del Club Marcela Sabaj.<\/figcaption><\/figure>\n","protected":false},"excerpt":{"rendered":"<p>Por elecciones municipales: El Club de Artes Marciales Marcela Sabaj, va a celebrar el pr\u00f3ximo 18 de diciembre su aniversario n\u00famero 20, donde participar\u00e1n academias de distintas ciudades del pa\u00eds. El motivo&#8230;<\/p>\n","protected":false},"author":1,"featured_media":75582,"comment_status":"open","ping_status":"open","sticky":false,"template":"","format":"standard","meta":{"advanced_seo_description":"","jetpack_seo_html_title":"","jetpack_seo_noindex":false,"_jetpack_memberships_contains_paid_content":false,"footnotes":""},"categories":[15],"tags":[],"class_list":["post-75581","post","type-post","status-publish","format-standard","has-post-thumbnail","hentry","category-comunidad"],"jetpack_featured_media_url":"https:\/\/i0.wp.com\/eltrabajo.cl\/portal\/wp-content\/uploads\/2016\/11\/victor-caballero.jpg?fit=530%2C349&ssl=1","jetpack_sharing_enabled":true,"jetpack_likes_enabled":true,"jetpack-related-posts":[],"_links":{"self":[{"href":"https:\/\/eltrabajo.cl\/portal\/wp-json\/wp\/v2\/posts\/75581","targetHints":{"allow":["GET"]}}],"collection":[{"href":"https:\/\/eltrabajo.cl\/portal\/wp-json\/wp\/v2\/posts"}],"about":[{"href":"https:\/\/eltrabajo.cl\/portal\/wp-json\/wp\/v2\/types\/post"}],"author":[{"embeddable":true,"href":"https:\/\/eltrabajo.cl\/portal\/wp-json\/wp\/v2\/users\/1"}],"replies":[{"embeddable":true,"href":"https:\/\/eltrabajo.cl\/portal\/wp-json\/wp\/v2\/comments?post=75581"}],"version-history":[{"count":0,"href":"https:\/\/eltrabajo.cl\/portal\/wp-json\/wp\/v2\/posts\/75581\/revisions"}],"wp:featuredmedia":[{"embeddable":true,"href":"https:\/\/eltrabajo.cl\/portal\/wp-json\/wp\/v2\/media\/75582"}],"wp:attachment":[{"href":"https:\/\/eltrabajo.cl\/portal\/wp-json\/wp\/v2\/media?parent=75581"}],"wp:term":[{"taxonomy":"category","embeddable":true,"href":"https:\/\/eltrabajo.cl\/portal\/wp-json\/wp\/v2\/categories?post=75581"},{"taxonomy":"post_tag","embeddable":true,"href":"https:\/\/eltrabajo.cl\/portal\/wp-json\/wp\/v2\/tags?post=75581"}],"curies":[{"name":"wp","href":"https:\/\/api.w.org\/{rel}","templated":true}]}}