{"id":75585,"date":"2016-11-28T08:35:16","date_gmt":"2016-11-28T11:35:16","guid":{"rendered":"http:\/\/www.eltrabajo.cl\/portal\/?p=75585"},"modified":"2016-11-28T08:35:16","modified_gmt":"2016-11-28T11:35:16","slug":"en-menos-de-24-horas-el-lelo-fue-detenido-por-dos-distintos-delitos","status":"publish","type":"post","link":"https:\/\/eltrabajo.cl\/portal\/en-menos-de-24-horas-el-lelo-fue-detenido-por-dos-distintos-delitos\/","title":{"rendered":"En menos de 24 horas \u2018El Lelo\u2019 fue detenido por dos distintos delitos"},"content":{"rendered":"<ul>\n<li><strong><span style=\"color: #ff0000;\">Tribunal cerr\u00f3 puerta giratoria y lo envi\u00f3 a la c\u00e1rcel:<\/span> Rob\u00f3 licores, lo detuvieron, qued\u00f3 en libertad y rob\u00f3 un veh\u00edculo que termin\u00f3 volcado sobre la calzada. Delincuente con amplio prontuario delictivo, fue formalizado quedando sujeto a la cautelar de prisi\u00f3n preventiva.<\/strong><\/li>\n<\/ul>\n<p>Este viernes un avezado delincuente apodado \u2018El Lelo\u2019, fue detenido por Carabineros en dos procedimientos distintos, acusado del robo de licores y otras especies desde un restor\u00e1n, para luego cerca de la medianoche del mismo d\u00eda, sustraer un veh\u00edculo que se encontraba con el motor en marcha y la puerta abierta en la comuna de Catemu.<br \/>\nCarabineros inform\u00f3 a Diario El Trabajo que el primer delito se descubri\u00f3 luego de un patrullaje preventivo, observando a un sujeto que fue avistado por los polic\u00edas caminando por la v\u00eda p\u00fablica con un saco al hombro a eso de las 05:20 horas de la madrugada del viernes, quien al advertir la presencia de los uniformados, se ocult\u00f3 tras un \u00e1rbol. Al practicarle un control de identidad y la revisi\u00f3n del contenedor que portaba, advirtieron una gran cantidad de licores, vinos y cartones de cigarrillos, sospech\u00e1ndose que estas especies proven\u00edan de un robo.<br \/>\nEfectivamente, las diligencias policiales concluyeron que en calle Arturo Prat de la comuna de Catemu, los efectivos observaron una puerta abierta de una galer\u00eda comercial que conduce hasta la parte posterior de un restor\u00e1n, al cual el acusado irrumpi\u00f3 para apoderarse desde un estante, de botellas de licores, vinos y cajetillas de cigarros.<br \/>\nCarabineros de inmediato tom\u00f3 contacto con el propietario de este local comercial, verificando que una ventana del establecimiento se encontraba quebrada. Los uniformados al exhibir las especies avaluadas en $130.000, fueron reconocidas por el afectado, frustrando de esta forma el robo que habr\u00eda cometido el detenido identificado como Osvaldo Alexander Fredes Fern\u00e1ndez de 21 a\u00f1os de edad, quien cuenta con un nutrido prontuario delictivo.<br \/>\nLa ma\u00f1ana de ese mismo viernes, fue conducido hasta el Juzgado de Garant\u00eda, para ser formalizado por este delito recuperando su libertad con m\u00ednimas cautelares.<\/p>\n<p><strong>HURTO DE VEH\u00cdCULO<\/strong><br \/>\nTras su paso por tribunales, \u2018El Lelo\u2019 qued\u00f3 en libertad y no se detuvo para cometer un nuevo delito y esa misma noche se apoder\u00f3 de un veh\u00edculo marca Toyota modelo Accent de color azul, desde el sector El Array\u00e1n de Catemu, lugar donde la v\u00edctima descendi\u00f3 de su m\u00f3vil con el motor encendido para efectuar una compra en una botiller\u00eda.<br \/>\nDesafortunadamente este mismo antisocial, al percatarse que la puerta del m\u00f3vil se encontraba abierta, se introdujo en \u00e9l para llev\u00e1rselo consigo a gran velocidad hacia el sector de Chagres, que lo llev\u00f3 finalmente a protagonizar un accidente luego que \u2018El Lelo\u2019, en una mala maniobra, volcara el autom\u00f3vil, fug\u00e1ndose del lugar por la l\u00ednea f\u00e9rrea.<br \/>\nCarabineros logr\u00f3 nuevamente la detenci\u00f3n de este delincuente que circulaba por la ruta 60 CH, por lo cual fue acusado por el delito de hurto de veh\u00edculo motorizado tras el reconocimiento de la v\u00edctima, siendo nuevamente conducido hasta el Juzgado de Garant\u00eda de San Felipe.<br \/>\nTras su formalizaci\u00f3n por la Fiscal\u00eda, esta vez el Tribunal gener\u00f3 la convicci\u00f3n que el imputado s\u00ed representa un serio peligro para la seguridad de la sociedad, decretando la m\u00e1xima cautelar de prisi\u00f3n preventiva, hasta llegar a una fecha de juicio tras las investigaciones que iniciar\u00e1 el Ministerio P\u00fablico por los hechos antes se\u00f1alados.<br \/>\n<strong>Pablo Salinas Sald\u00edas<\/strong><\/p>\n<figure id=\"attachment_75586\" aria-describedby=\"caption-attachment-75586\" style=\"width: 530px\" class=\"wp-caption alignleft\"><a href=\"http:\/\/www.eltrabajo.cl\/portal\/en-menos-de-24-horas-el-lelo-fue-detenido-por-dos-distintos-delitos\/lelo-2\/\" rel=\"attachment wp-att-75586\"><img data-recalc-dims=\"1\" loading=\"lazy\" decoding=\"async\" class=\"size-full wp-image-75586\" src=\"https:\/\/i0.wp.com\/www.eltrabajo.cl\/portal\/wp-content\/uploads\/2016\/11\/LELO.jpg?resize=530%2C349\" alt=\"Osvaldo Alexander Fredes Fern\u00e1ndez, apodado \u2018El Lelo\u2019, fue derivado hasta la c\u00e1rcel de manera preventiva por los casos que investigar\u00e1 la Fiscal\u00eda.\" width=\"530\" height=\"349\" srcset=\"https:\/\/i0.wp.com\/eltrabajo.cl\/portal\/wp-content\/uploads\/2016\/11\/LELO.jpg?w=530&amp;ssl=1 530w, https:\/\/i0.wp.com\/eltrabajo.cl\/portal\/wp-content\/uploads\/2016\/11\/LELO.jpg?resize=200%2C132&amp;ssl=1 200w, https:\/\/i0.wp.com\/eltrabajo.cl\/portal\/wp-content\/uploads\/2016\/11\/LELO.jpg?resize=300%2C198&amp;ssl=1 300w, https:\/\/i0.wp.com\/eltrabajo.cl\/portal\/wp-content\/uploads\/2016\/11\/LELO.jpg?resize=228%2C150&amp;ssl=1 228w, https:\/\/i0.wp.com\/eltrabajo.cl\/portal\/wp-content\/uploads\/2016\/11\/LELO.jpg?resize=400%2C263&amp;ssl=1 400w\" sizes=\"auto, (max-width: 530px) 100vw, 530px\" \/><\/a><figcaption id=\"caption-attachment-75586\" class=\"wp-caption-text\">Osvaldo Alexander Fredes Fern\u00e1ndez, apodado \u2018El Lelo\u2019, fue derivado hasta la c\u00e1rcel de manera preventiva por los casos que investigar\u00e1 la Fiscal\u00eda.<\/figcaption><\/figure>\n","protected":false},"excerpt":{"rendered":"<p>Tribunal cerr\u00f3 puerta giratoria y lo envi\u00f3 a la c\u00e1rcel: Rob\u00f3 licores, lo detuvieron, qued\u00f3 en libertad y rob\u00f3 un veh\u00edculo que termin\u00f3 volcado sobre la calzada. Delincuente con amplio prontuario delictivo,&#8230;<\/p>\n","protected":false},"author":1,"featured_media":75586,"comment_status":"open","ping_status":"open","sticky":false,"template":"","format":"standard","meta":{"advanced_seo_description":"","jetpack_seo_html_title":"","jetpack_seo_noindex":false,"_jetpack_memberships_contains_paid_content":false,"footnotes":""},"categories":[21],"tags":[],"class_list":["post-75585","post","type-post","status-publish","format-standard","has-post-thumbnail","hentry","category-policial"],"jetpack_featured_media_url":"https:\/\/i0.wp.com\/eltrabajo.cl\/portal\/wp-content\/uploads\/2016\/11\/LELO.jpg?fit=530%2C349&ssl=1","jetpack_sharing_enabled":true,"jetpack_likes_enabled":true,"jetpack-related-posts":[],"_links":{"self":[{"href":"https:\/\/eltrabajo.cl\/portal\/wp-json\/wp\/v2\/posts\/75585","targetHints":{"allow":["GET"]}}],"collection":[{"href":"https:\/\/eltrabajo.cl\/portal\/wp-json\/wp\/v2\/posts"}],"about":[{"href":"https:\/\/eltrabajo.cl\/portal\/wp-json\/wp\/v2\/types\/post"}],"author":[{"embeddable":true,"href":"https:\/\/eltrabajo.cl\/portal\/wp-json\/wp\/v2\/users\/1"}],"replies":[{"embeddable":true,"href":"https:\/\/eltrabajo.cl\/portal\/wp-json\/wp\/v2\/comments?post=75585"}],"version-history":[{"count":0,"href":"https:\/\/eltrabajo.cl\/portal\/wp-json\/wp\/v2\/posts\/75585\/revisions"}],"wp:featuredmedia":[{"embeddable":true,"href":"https:\/\/eltrabajo.cl\/portal\/wp-json\/wp\/v2\/media\/75586"}],"wp:attachment":[{"href":"https:\/\/eltrabajo.cl\/portal\/wp-json\/wp\/v2\/media?parent=75585"}],"wp:term":[{"taxonomy":"category","embeddable":true,"href":"https:\/\/eltrabajo.cl\/portal\/wp-json\/wp\/v2\/categories?post=75585"},{"taxonomy":"post_tag","embeddable":true,"href":"https:\/\/eltrabajo.cl\/portal\/wp-json\/wp\/v2\/tags?post=75585"}],"curies":[{"name":"wp","href":"https:\/\/api.w.org\/{rel}","templated":true}]}}