{"id":75589,"date":"2016-11-28T08:39:38","date_gmt":"2016-11-28T11:39:38","guid":{"rendered":"http:\/\/www.eltrabajo.cl\/portal\/?p=75589"},"modified":"2016-11-28T08:39:38","modified_gmt":"2016-11-28T11:39:38","slug":"capturan-a-dos-sujetos-que-invadieron-casa-de-concejal-ricardo-covarrubias","status":"publish","type":"post","link":"https:\/\/eltrabajo.cl\/portal\/capturan-a-dos-sujetos-que-invadieron-casa-de-concejal-ricardo-covarrubias\/","title":{"rendered":"Capturan a dos sujetos que invadieron casa de concejal Ricardo Covarrubias"},"content":{"rendered":"<ul>\n<li><strong><span style=\"color: #ff0000;\">Hijo del edil se enfrent\u00f3 a los intrusos:<\/span>\u00a0El robo se habr\u00eda originado en calle San Mart\u00edn de San Felipe, mientras la familia despert\u00f3 por el ruido de la invasi\u00f3n de los desconocidos que escalaron hasta la vivienda, para romper un candado. Tras la detenci\u00f3n por parte de Carabineros, los acusados debieron enfrentar a la justicia por robo en lugar habitado.<\/strong><\/li>\n<\/ul>\n<p>Por el delito de Robo en lugar habitado, fueron detenidos por Carabineros, dos sujetos de 21 y 26 a\u00f1os de edad, acusados de haber ingresado clandestinamente hasta la vivienda del concejal Ricardo Covarrubias, pasadas las 06:30 horas de este s\u00e1bado, siendo advertidos por el edil y su hijastro que salieron en persecuci\u00f3n de los desconocidos desde la calle San Mart\u00edn en San Felipe, donde ocurrieron los hechos.<br \/>\nSeg\u00fan el testimonio de la familia afectada ante la polic\u00eda, el delito qued\u00f3 al descubierto mientras los afectados dorm\u00edan y despertaron al sentir ruidos desde el port\u00f3n de acceso vehicular, encontrando a dos sujetos en el interior, quienes al verse sorprendidos arrojaron una botella en contra del propietario, llev\u00e1ndose consigo un florero met\u00e1lico y una planta que dejaron abandonada en la v\u00eda p\u00fablica.<br \/>\nInmediatamente el hijastro del concejal habr\u00eda seguido a los antisociales hasta llegar a calle Toro Mazote, origin\u00e1ndose una ri\u00f1a de proporciones, mientras tanto Carabineros fue alertado de la situaci\u00f3n, logrando reducir a los individuos que fueron detenidos por este delito.<br \/>\nLos acusados habr\u00edan cometido el delito escalando la vivienda para romper el candado de seguridad y concretar el robo de especies, sin embargo al verse sorprendidos s\u00f3lo lograron apoderarse de un magro bot\u00edn avaluado en $15.000.<br \/>\nAsimismo el hijastro del edil result\u00f3 con una contusi\u00f3n en su pie derecho y erosiones cervicales de car\u00e1cter leve, seg\u00fan el diagn\u00f3stico m\u00e9dico del servicio de urgencias del Hospital San Camilo de San Felipe.<br \/>\nLos detenidos fueron identificados como J.R.C.P., de 21 a\u00f1os, y A.J.M.Q. de 26 a\u00f1os, ambos sin antecedentes policiales, quienes debieron enfrentar a la justicia en el Juzgado de Garant\u00eda de San Felipe, bajo los cargos de robo en lugar habitado que imput\u00f3 Fiscal\u00eda.<br \/>\nAl t\u00e9rmino de la audiencia, los detenidos recuperaron su libertad bajo condiciones del Tribunal de firma en Carabineros, prohibici\u00f3n de acercarse a las v\u00edctimas y arraigo nacional por un plazo de 70 d\u00edas fijados para la investigaci\u00f3n del caso.<br \/>\n<strong>Pablo Salinas Sald\u00edas<\/strong><\/p>\n<figure id=\"attachment_75590\" aria-describedby=\"caption-attachment-75590\" style=\"width: 527px\" class=\"wp-caption alignleft\"><a href=\"http:\/\/www.eltrabajo.cl\/portal\/capturan-a-dos-sujetos-que-invadieron-casa-de-concejal-ricardo-covarrubias\/detenidos-por-invadir-casa\/\" rel=\"attachment wp-att-75590\"><img data-recalc-dims=\"1\" loading=\"lazy\" decoding=\"async\" class=\"size-full wp-image-75590\" src=\"https:\/\/i0.wp.com\/www.eltrabajo.cl\/portal\/wp-content\/uploads\/2016\/11\/detenidos-por-invadir-casa.jpg?resize=527%2C350\" alt=\"Los detenidos J.C.P. y A.M.Q., fueron sindicados como los autores del robo en la vivienda del Concejal Ricardo Covarrubias a primeras horas de este s\u00e1bado en San Felipe.\" width=\"527\" height=\"350\" srcset=\"https:\/\/i0.wp.com\/eltrabajo.cl\/portal\/wp-content\/uploads\/2016\/11\/detenidos-por-invadir-casa.jpg?w=527&amp;ssl=1 527w, https:\/\/i0.wp.com\/eltrabajo.cl\/portal\/wp-content\/uploads\/2016\/11\/detenidos-por-invadir-casa.jpg?resize=200%2C133&amp;ssl=1 200w, https:\/\/i0.wp.com\/eltrabajo.cl\/portal\/wp-content\/uploads\/2016\/11\/detenidos-por-invadir-casa.jpg?resize=300%2C199&amp;ssl=1 300w, https:\/\/i0.wp.com\/eltrabajo.cl\/portal\/wp-content\/uploads\/2016\/11\/detenidos-por-invadir-casa.jpg?resize=226%2C150&amp;ssl=1 226w, https:\/\/i0.wp.com\/eltrabajo.cl\/portal\/wp-content\/uploads\/2016\/11\/detenidos-por-invadir-casa.jpg?resize=400%2C266&amp;ssl=1 400w\" sizes=\"auto, (max-width: 527px) 100vw, 527px\" \/><\/a><figcaption id=\"caption-attachment-75590\" class=\"wp-caption-text\">Los detenidos J.C.P. y A.M.Q., fueron sindicados como los autores del robo en la vivienda del Concejal Ricardo Covarrubias a primeras horas de este s\u00e1bado en San Felipe.<\/figcaption><\/figure>\n","protected":false},"excerpt":{"rendered":"<p>Hijo del edil se enfrent\u00f3 a los intrusos:\u00a0El robo se habr\u00eda originado en calle San Mart\u00edn de San Felipe, mientras la familia despert\u00f3 por el ruido de la invasi\u00f3n de los desconocidos&#8230;<\/p>\n","protected":false},"author":1,"featured_media":75590,"comment_status":"open","ping_status":"open","sticky":false,"template":"","format":"standard","meta":{"advanced_seo_description":"","jetpack_seo_html_title":"","jetpack_seo_noindex":false,"_jetpack_memberships_contains_paid_content":false,"footnotes":""},"categories":[21],"tags":[],"class_list":["post-75589","post","type-post","status-publish","format-standard","has-post-thumbnail","hentry","category-policial"],"jetpack_featured_media_url":"https:\/\/i0.wp.com\/eltrabajo.cl\/portal\/wp-content\/uploads\/2016\/11\/detenidos-por-invadir-casa.jpg?fit=527%2C350&ssl=1","jetpack_sharing_enabled":true,"jetpack_likes_enabled":true,"jetpack-related-posts":[],"_links":{"self":[{"href":"https:\/\/eltrabajo.cl\/portal\/wp-json\/wp\/v2\/posts\/75589","targetHints":{"allow":["GET"]}}],"collection":[{"href":"https:\/\/eltrabajo.cl\/portal\/wp-json\/wp\/v2\/posts"}],"about":[{"href":"https:\/\/eltrabajo.cl\/portal\/wp-json\/wp\/v2\/types\/post"}],"author":[{"embeddable":true,"href":"https:\/\/eltrabajo.cl\/portal\/wp-json\/wp\/v2\/users\/1"}],"replies":[{"embeddable":true,"href":"https:\/\/eltrabajo.cl\/portal\/wp-json\/wp\/v2\/comments?post=75589"}],"version-history":[{"count":0,"href":"https:\/\/eltrabajo.cl\/portal\/wp-json\/wp\/v2\/posts\/75589\/revisions"}],"wp:featuredmedia":[{"embeddable":true,"href":"https:\/\/eltrabajo.cl\/portal\/wp-json\/wp\/v2\/media\/75590"}],"wp:attachment":[{"href":"https:\/\/eltrabajo.cl\/portal\/wp-json\/wp\/v2\/media?parent=75589"}],"wp:term":[{"taxonomy":"category","embeddable":true,"href":"https:\/\/eltrabajo.cl\/portal\/wp-json\/wp\/v2\/categories?post=75589"},{"taxonomy":"post_tag","embeddable":true,"href":"https:\/\/eltrabajo.cl\/portal\/wp-json\/wp\/v2\/tags?post=75589"}],"curies":[{"name":"wp","href":"https:\/\/api.w.org\/{rel}","templated":true}]}}