{"id":75593,"date":"2016-11-29T08:33:41","date_gmt":"2016-11-29T11:33:41","guid":{"rendered":"http:\/\/www.eltrabajo.cl\/portal\/?p=75593"},"modified":"2016-11-29T08:33:41","modified_gmt":"2016-11-29T11:33:41","slug":"arenas-contaminadas-comision-medio-ambiente-del-gore-sesiona-hoy-en-san-felipe","status":"publish","type":"post","link":"https:\/\/eltrabajo.cl\/portal\/arenas-contaminadas-comision-medio-ambiente-del-gore-sesiona-hoy-en-san-felipe\/","title":{"rendered":"Arenas contaminadas: Comisi\u00f3n Medio Ambiente del Gore sesiona hoy en San Felipe"},"content":{"rendered":"<p>En la ma\u00f1ana de hoy en el edificio municipal se estar\u00e1 realizando una sesi\u00f3n oficial de la Comisi\u00f3n de Medio Ambiente del Consejo Regional, cuyo objetivo ser\u00e1 abordar precisamente el pol\u00e9mico proyecto de la empresa GEA de recibir las arenas contaminadas de Las Salinas en lo que es el Centro de Tratamiento Integral (CTI) del cerro La Hormiga.<br \/>\nAs\u00ed lo explic\u00f3 el Consejero Regional Rolando Stevenson Velasco, quien se\u00f1al\u00f3 que la sesi\u00f3n se realizar\u00e1 a partir de las 10,00 horas y ser\u00e1 presidida por el Core Roberto Burgos, m\u00e9dico y ambientalista, quien ya ha advertido que el traslado de las arenas pone en peligro las napas subterr\u00e1neas de San Felipe.<br \/>\nSeg\u00fan explic\u00f3 Stevenson, se trata de reunir a todas las personas que tienen alguna implicancia respecto a la petici\u00f3n de GEA de recibir las arenas en lo que es el CTI del cerro La Hormiga.<br \/>\n\u00abEsto ya pas\u00f3 el 14 de noviembre por la comisi\u00f3n de medio ambiente y fue rechazada la petici\u00f3n formulada por el Intendente en el oficio 3221, y es por esto que a pedido de los consejeros regionales se va a constituir aqu\u00ed la comisi\u00f3n, donde han sido especialmente invitados los alcaldes de la provincia de San Felipe, altos funcionarios como seremis y encargados de dar informaci\u00f3n, como tambi\u00e9n algunos organismos representativos de los agricultores, de los regantes del valle, las fuerzas vivas y especialmente los vecinos del sector Algarrobal, que ser\u00e1n los principales damnificados con esta situaci\u00f3n y que ya han manifestado su desacuerdo\u00bb.<br \/>\nComo se sabe, record\u00f3 Stevenson, el pol\u00e9mico proyecto contempla el traslado de arena desde Las Salinas en Vi\u00f1a del Mar, \u00abque es un terreno altamente ansiado por las inmobiliarias, en este caso la Inmobiliaria Las Salinas, en una extensi\u00f3n de 17 y media hect\u00e1reas, que seg\u00fan ya las disposiciones de organismos de medio ambiente, para construir ah\u00ed tienen que cambiar el suelo, vale decir sacar la arena que est\u00e1 ah\u00ed, y esa arena que est\u00e1 contaminada por 60 a\u00f1os, de hidrocarburos, de DDT y otros l\u00edquidos igualmente peligrosos, ser\u00eda trasladada al vertedero La hormiga durante 96 meses, es decir 8 a\u00f1os, con un promedio de 15 \u00f3 20 camiones diarios. Son 440 mil metros c\u00fabicos, y la inmobiliaria Las Salinas ha expresado, para desalentar las protestas, que solamente el uno por ciento de la arena que llegar\u00e1 est\u00e1 contaminada. Pero todos sabemos que la arena, cuando uno la toma en la mano, en el pu\u00f1o, no puede diferenciar un grano de otro y es muy dif\u00edcil porque de 440 mil m3, el 1% es 4.400 m3 y eso es mucho cerro, mucho espacio. Entonces los consejeros regionales Rolando Stevenson e Iv\u00e1n Reyes hemos asumido la tarea de informar a la comunidad y entregarle los documentos, porque aqu\u00ed no se trata de hablar a tontas y a locas sino en base a documentos que son f\u00e1cilmente comprobables\u00bb.<br \/>\n<strong>&#8211; \u00bfHerramienta legales para oponerse a esto?<\/strong><br \/>\n&#8211; Bueno, la primera es que dentro de estos d\u00edas hay una sesi\u00f3n del SEIA (Sistema de Evaluaci\u00f3n de Impacto Ambiental), que es el organismo encargado de analizar esta situaci\u00f3n, en que los vecinos del cerro La Hormiga han manifestado su oposici\u00f3n y la van a sostener, y tres organizaciones que van a sostener su postura. Y yo creo que las autoridades y todos los sanfelipe\u00f1os y los aconcag\u00fcinos debemos oponernos a esto porque es totalmente perjudicial para la salud, para la econom\u00eda y para el futuro de nuestro valle.<\/p>\n<figure id=\"attachment_75594\" aria-describedby=\"caption-attachment-75594\" style=\"width: 530px\" class=\"wp-caption alignleft\"><a href=\"http:\/\/www.eltrabajo.cl\/portal\/arenas-contaminadas-comision-medio-ambiente-del-gore-sesiona-hoy-en-san-felipe\/rolando-stevenson-2-4\/\" rel=\"attachment wp-att-75594\"><img data-recalc-dims=\"1\" loading=\"lazy\" decoding=\"async\" class=\"size-full wp-image-75594\" src=\"https:\/\/i0.wp.com\/www.eltrabajo.cl\/portal\/wp-content\/uploads\/2016\/11\/rolando-stevenson-2.jpg?resize=530%2C348\" alt=\"El Consejero Rolando Stevenson destac\u00f3 la sesi\u00f3n oficial que realizar\u00e1 hoy en San Felipe la Comisi\u00f3n de Medio Ambiente del Consejo Regional.\" width=\"530\" height=\"348\" srcset=\"https:\/\/i0.wp.com\/eltrabajo.cl\/portal\/wp-content\/uploads\/2016\/11\/rolando-stevenson-2.jpg?w=530&amp;ssl=1 530w, https:\/\/i0.wp.com\/eltrabajo.cl\/portal\/wp-content\/uploads\/2016\/11\/rolando-stevenson-2.jpg?resize=200%2C131&amp;ssl=1 200w, https:\/\/i0.wp.com\/eltrabajo.cl\/portal\/wp-content\/uploads\/2016\/11\/rolando-stevenson-2.jpg?resize=300%2C197&amp;ssl=1 300w, https:\/\/i0.wp.com\/eltrabajo.cl\/portal\/wp-content\/uploads\/2016\/11\/rolando-stevenson-2.jpg?resize=228%2C150&amp;ssl=1 228w, https:\/\/i0.wp.com\/eltrabajo.cl\/portal\/wp-content\/uploads\/2016\/11\/rolando-stevenson-2.jpg?resize=400%2C263&amp;ssl=1 400w\" sizes=\"auto, (max-width: 530px) 100vw, 530px\" \/><\/a><figcaption id=\"caption-attachment-75594\" class=\"wp-caption-text\">El Consejero Rolando Stevenson destac\u00f3 la sesi\u00f3n oficial que realizar\u00e1 hoy en San Felipe la Comisi\u00f3n de Medio Ambiente del Consejo Regional.<\/figcaption><\/figure>\n","protected":false},"excerpt":{"rendered":"<p>En la ma\u00f1ana de hoy en el edificio municipal se estar\u00e1 realizando una sesi\u00f3n oficial de la Comisi\u00f3n de Medio Ambiente del Consejo Regional, cuyo objetivo ser\u00e1 abordar precisamente el pol\u00e9mico proyecto&#8230;<\/p>\n","protected":false},"author":1,"featured_media":75594,"comment_status":"open","ping_status":"open","sticky":false,"template":"","format":"standard","meta":{"advanced_seo_description":"","jetpack_seo_html_title":"","jetpack_seo_noindex":false,"_jetpack_memberships_contains_paid_content":false,"footnotes":""},"categories":[1],"tags":[],"class_list":["post-75593","post","type-post","status-publish","format-standard","has-post-thumbnail","hentry","category-cronica"],"jetpack_featured_media_url":"https:\/\/i0.wp.com\/eltrabajo.cl\/portal\/wp-content\/uploads\/2016\/11\/rolando-stevenson-2.jpg?fit=530%2C348&ssl=1","jetpack_sharing_enabled":true,"jetpack_likes_enabled":true,"jetpack-related-posts":[],"_links":{"self":[{"href":"https:\/\/eltrabajo.cl\/portal\/wp-json\/wp\/v2\/posts\/75593","targetHints":{"allow":["GET"]}}],"collection":[{"href":"https:\/\/eltrabajo.cl\/portal\/wp-json\/wp\/v2\/posts"}],"about":[{"href":"https:\/\/eltrabajo.cl\/portal\/wp-json\/wp\/v2\/types\/post"}],"author":[{"embeddable":true,"href":"https:\/\/eltrabajo.cl\/portal\/wp-json\/wp\/v2\/users\/1"}],"replies":[{"embeddable":true,"href":"https:\/\/eltrabajo.cl\/portal\/wp-json\/wp\/v2\/comments?post=75593"}],"version-history":[{"count":0,"href":"https:\/\/eltrabajo.cl\/portal\/wp-json\/wp\/v2\/posts\/75593\/revisions"}],"wp:featuredmedia":[{"embeddable":true,"href":"https:\/\/eltrabajo.cl\/portal\/wp-json\/wp\/v2\/media\/75594"}],"wp:attachment":[{"href":"https:\/\/eltrabajo.cl\/portal\/wp-json\/wp\/v2\/media?parent=75593"}],"wp:term":[{"taxonomy":"category","embeddable":true,"href":"https:\/\/eltrabajo.cl\/portal\/wp-json\/wp\/v2\/categories?post=75593"},{"taxonomy":"post_tag","embeddable":true,"href":"https:\/\/eltrabajo.cl\/portal\/wp-json\/wp\/v2\/tags?post=75593"}],"curies":[{"name":"wp","href":"https:\/\/api.w.org\/{rel}","templated":true}]}}