{"id":75607,"date":"2016-11-29T08:54:04","date_gmt":"2016-11-29T11:54:04","guid":{"rendered":"http:\/\/www.eltrabajo.cl\/portal\/?p=75607"},"modified":"2016-11-29T08:54:04","modified_gmt":"2016-11-29T11:54:04","slug":"upla-rechaza-actos-de-violencia-y-vulneracion-de-derechos-a-docente","status":"publish","type":"post","link":"https:\/\/eltrabajo.cl\/portal\/upla-rechaza-actos-de-violencia-y-vulneracion-de-derechos-a-docente\/","title":{"rendered":"Upla rechaza actos de violencia y vulneraci\u00f3n de derechos a docente"},"content":{"rendered":"<ul>\n<li><strong><span style=\"color: #ff0000;\">Alumnos lo acusan y agreden:<\/span> Investigaci\u00f3n interna de la Upla determinar\u00e1 responsabilidades y sanciones para alumnos que \u2018funaron\u2019 a docente acusado de supuesto abuso sexual y laboral<\/strong><\/li>\n<\/ul>\n<p>Supuestas pr\u00e1cticas del acad\u00e9mico, se vendr\u00edan produciendo desde hace un tiempo y habr\u00edan desembocado en la renuncia de dos funcionarias del plantel educativo del campus San Felipe, antecedentes que est\u00e1n siendo recopilados por un Fiscal de la misma Casa de Estudios Superiores.<\/p>\n<figure id=\"attachment_75608\" aria-describedby=\"caption-attachment-75608\" style=\"width: 300px\" class=\"wp-caption alignleft\"><a href=\"http:\/\/www.eltrabajo.cl\/portal\/upla-rechaza-actos-de-violencia-y-vulneracion-de-derechos-a-docente\/foto-1-patricio-ibanez\/\" rel=\"attachment wp-att-75608\"><img data-recalc-dims=\"1\" loading=\"lazy\" decoding=\"async\" class=\"size-medium wp-image-75608\" src=\"https:\/\/i0.wp.com\/www.eltrabajo.cl\/portal\/wp-content\/uploads\/2016\/11\/FOTO-1-Patricio-Ib%C3%A1%C3%B1ez-300x197.jpg?resize=300%2C197\" alt=\"Patricio Ib\u00e1\u00f1ez, vicerrector del campus San Felipe de la Universidad de Playa Ancha, Upla.\" width=\"300\" height=\"197\" srcset=\"https:\/\/i0.wp.com\/eltrabajo.cl\/portal\/wp-content\/uploads\/2016\/11\/FOTO-1-Patricio-Ib%C3%A1%C3%B1ez.jpg?resize=300%2C197&amp;ssl=1 300w, https:\/\/i0.wp.com\/eltrabajo.cl\/portal\/wp-content\/uploads\/2016\/11\/FOTO-1-Patricio-Ib%C3%A1%C3%B1ez.jpg?resize=200%2C131&amp;ssl=1 200w, https:\/\/i0.wp.com\/eltrabajo.cl\/portal\/wp-content\/uploads\/2016\/11\/FOTO-1-Patricio-Ib%C3%A1%C3%B1ez.jpg?resize=228%2C150&amp;ssl=1 228w, https:\/\/i0.wp.com\/eltrabajo.cl\/portal\/wp-content\/uploads\/2016\/11\/FOTO-1-Patricio-Ib%C3%A1%C3%B1ez.jpg?resize=400%2C263&amp;ssl=1 400w, https:\/\/i0.wp.com\/eltrabajo.cl\/portal\/wp-content\/uploads\/2016\/11\/FOTO-1-Patricio-Ib%C3%A1%C3%B1ez.jpg?w=530&amp;ssl=1 530w\" sizes=\"auto, (max-width: 300px) 100vw, 300px\" \/><\/a><figcaption id=\"caption-attachment-75608\" class=\"wp-caption-text\">Patricio Ib\u00e1\u00f1ez, vicerrector del campus San Felipe de la Universidad de Playa Ancha, Upla.<\/figcaption><\/figure>\n<p>Patricio Ib\u00e1\u00f1ez, vicerrector del campus San Felipe de la Universidad de Playa Ancha, Upla, se refiri\u00f3 al conflictivo episodio que la semana pasada protagonizaron alumnos de la carrera de Historia y Geograf\u00eda de este recinto de educaci\u00f3n superior, quienes agredieron f\u00edsica y verbalmente a un profesor, a quien acusan de cometer abuso sexual y laboral contra tres funcionarias, dos de las cuales ya habr\u00edan presentado su renuncia al plantel educativo.<br \/>\nLa \u2018funa\u2019 realizada contra el docente, se produjo el mi\u00e9rcoles pasado y seg\u00fan consta en informaci\u00f3n publicada a trav\u00e9s de Facebook, unos 25 estudiantes con pancartas y meg\u00e1fono en mano, irrumpieron en la oficina del acad\u00e9mico para enrostrarle lo que ellos denominan \u2018malas pr\u00e1cticas\u2019 y \u2018abuso de poder\u2019.<br \/>\nUn comunicado oficial de los j\u00f3venes se\u00f1ala que \u201crechazamos categ\u00f3ricamente que acusaciones, como casos de abuso laboral y las conductas inapropiadas por parte de profesores y funcionarios de la Upla, deban ser tratados de manera privada, a espaldas de la comunidad universitaria y faltando gravemente a la normativa legal que limita el normal ejercicio de sus funciones a quienes se encuentren en investigaci\u00f3n sumaria, m\u00e1s a\u00fan, si existen antecedentes que corroboran las malas pr\u00e1cticas, conductas y decisiones reprobables e irresponsables como \u00e9stas, tienen como consecuencia, la exclusi\u00f3n de las mujeres de espacios p\u00fablicos, e incluso el cese de sus funciones y deben ser denunciadas y tratadas de manera amplia\u201d, detalla el documento replicado.<br \/>\nA su vez, el acad\u00e9mico, a trav\u00e9s de una carta, en la cual detalla paso a paso las agresiones de las cuales fue v\u00edctima, inform\u00f3 de esta bochornosa situaci\u00f3n al vicerrector, quien finalmente lament\u00f3 los acontecimientos acaecidos y rechaz\u00f3 de forma rotunda, los hechos de violencia con los que se quiere zanjar una situaci\u00f3n que se encuentra en proceso de investigaci\u00f3n.<br \/>\n\u201cEs bastante lamentable la ocurrencia de estos hechos. Hoy d\u00eda hay dos procesos que est\u00e1n abiertos: uno que va a investigar el accionar de los estudiantes, porque nos parece que la supuesta vulneraci\u00f3n de derechos, no se puede combatir haciendo lo mismo, la actitud agresiva no corresponde a estudiantes universitarios. Por otro lado, hay otra investigaci\u00f3n que busca aclarar las acusaciones que los estudiantes hacen en contra del profesor\u201d, explic\u00f3 Ib\u00e1\u00f1ez, aduciendo que esperan resolver el tema lo antes posible.<br \/>\nRespecto del momento en que comienza a realizarse la investigaci\u00f3n contra el docente, Ib\u00e1\u00f1ez confirm\u00f3 que \u00e9sta se inici\u00f3 antes de la \u2018funa\u2019 de la semana pasada y detall\u00f3 que \u201chab\u00eda una investigaci\u00f3n que se estaba llevando a cabo y lo que nosotros estamos solicitando es tener mayor claridad cuanto antes para la tranquilidad de toda la comunidad universitaria, pero insisto, eso no justifica la reacci\u00f3n de los estudiantes\u201d, mencion\u00f3 la autoridad universitaria.<br \/>\nReferente a la carta que le hizo llegar el profesor, donde describe las agresiones sufridas dentro y fuera del campus universitario, Ib\u00e1\u00f1ez asegur\u00f3 que esto era materia de investigaci\u00f3n, desarrollada por un Fiscal de la Casa Central de la Upla, y que debido a eso, la Instituci\u00f3n no formul\u00f3 denuncia contra quienes resulten responsables<br \/>\n\u201cLa Universidad realiza un proceso, si dentro de ese proceso se descubre que hay delitos, eso se debe entregar a la Fiscal\u00eda, eso es una obligaci\u00f3n\u201d, determin\u00f3 el profesional, a\u00f1adiendo que \u201cla Universidad tiene un fiscal, que es quien lleva adelante estos procesos, desde Valpara\u00edso y lo que nosotros estamos pidiendo es que ambos procesos se cierren lo antes posible\u201d, argument\u00f3, anunciando que actualmente no existe sumario contra el docente y que ser\u00e1 la misma investigaci\u00f3n la que defina el futuro de \u00e9ste, en tanto que, en el caso de los estudiantes que efectuaron la \u2018funa\u2019, Ib\u00e1\u00f1ez asegur\u00f3 que el reglamento Interno de la Instituci\u00f3n, establece sanciones que van desde la amonestaci\u00f3n, hasta la expulsi\u00f3n de el o los alumnos responsables.<br \/>\nAl medio d\u00eda de ayer, Diario El Trabajo intent\u00f3 comunicarse con el profesor en cuesti\u00f3n, sin tener \u00e9xito con el contacto, pero quedando expectante de la versi\u00f3n que entregue el docente respecto de las acusaciones formuladas en su contra.<\/p>\n<figure id=\"attachment_75609\" aria-describedby=\"caption-attachment-75609\" style=\"width: 530px\" class=\"wp-caption alignleft\"><a href=\"http:\/\/www.eltrabajo.cl\/portal\/upla-rechaza-actos-de-violencia-y-vulneracion-de-derechos-a-docente\/patio-central-del-campus-san-felipe\/\" rel=\"attachment wp-att-75609\"><img data-recalc-dims=\"1\" loading=\"lazy\" decoding=\"async\" class=\"size-full wp-image-75609\" src=\"https:\/\/i0.wp.com\/www.eltrabajo.cl\/portal\/wp-content\/uploads\/2016\/11\/patio-central-del-Campus-San-Felipe.jpg?resize=530%2C350\" alt=\"En el patio central del campus San Felipe de la Upla, pancartas piden la salida del docente.\" width=\"530\" height=\"350\" srcset=\"https:\/\/i0.wp.com\/eltrabajo.cl\/portal\/wp-content\/uploads\/2016\/11\/patio-central-del-Campus-San-Felipe.jpg?w=530&amp;ssl=1 530w, https:\/\/i0.wp.com\/eltrabajo.cl\/portal\/wp-content\/uploads\/2016\/11\/patio-central-del-Campus-San-Felipe.jpg?resize=200%2C132&amp;ssl=1 200w, https:\/\/i0.wp.com\/eltrabajo.cl\/portal\/wp-content\/uploads\/2016\/11\/patio-central-del-Campus-San-Felipe.jpg?resize=300%2C198&amp;ssl=1 300w, https:\/\/i0.wp.com\/eltrabajo.cl\/portal\/wp-content\/uploads\/2016\/11\/patio-central-del-Campus-San-Felipe.jpg?resize=227%2C150&amp;ssl=1 227w, https:\/\/i0.wp.com\/eltrabajo.cl\/portal\/wp-content\/uploads\/2016\/11\/patio-central-del-Campus-San-Felipe.jpg?resize=400%2C264&amp;ssl=1 400w\" sizes=\"auto, (max-width: 530px) 100vw, 530px\" \/><\/a><figcaption id=\"caption-attachment-75609\" class=\"wp-caption-text\">En el patio central del campus San Felipe de la Upla, pancartas piden la salida del docente.<\/figcaption><\/figure>\n","protected":false},"excerpt":{"rendered":"<p>Alumnos lo acusan y agreden: Investigaci\u00f3n interna de la Upla determinar\u00e1 responsabilidades y sanciones para alumnos que \u2018funaron\u2019 a docente acusado de supuesto abuso sexual y laboral Supuestas pr\u00e1cticas del acad\u00e9mico, se&#8230;<\/p>\n","protected":false},"author":1,"featured_media":75609,"comment_status":"open","ping_status":"open","sticky":false,"template":"","format":"standard","meta":{"advanced_seo_description":"","jetpack_seo_html_title":"","jetpack_seo_noindex":false,"_jetpack_memberships_contains_paid_content":false,"footnotes":""},"categories":[15],"tags":[],"class_list":["post-75607","post","type-post","status-publish","format-standard","has-post-thumbnail","hentry","category-comunidad"],"jetpack_featured_media_url":"https:\/\/i0.wp.com\/eltrabajo.cl\/portal\/wp-content\/uploads\/2016\/11\/patio-central-del-Campus-San-Felipe.jpg?fit=530%2C350&ssl=1","jetpack_sharing_enabled":true,"jetpack_likes_enabled":true,"jetpack-related-posts":[],"_links":{"self":[{"href":"https:\/\/eltrabajo.cl\/portal\/wp-json\/wp\/v2\/posts\/75607","targetHints":{"allow":["GET"]}}],"collection":[{"href":"https:\/\/eltrabajo.cl\/portal\/wp-json\/wp\/v2\/posts"}],"about":[{"href":"https:\/\/eltrabajo.cl\/portal\/wp-json\/wp\/v2\/types\/post"}],"author":[{"embeddable":true,"href":"https:\/\/eltrabajo.cl\/portal\/wp-json\/wp\/v2\/users\/1"}],"replies":[{"embeddable":true,"href":"https:\/\/eltrabajo.cl\/portal\/wp-json\/wp\/v2\/comments?post=75607"}],"version-history":[{"count":0,"href":"https:\/\/eltrabajo.cl\/portal\/wp-json\/wp\/v2\/posts\/75607\/revisions"}],"wp:featuredmedia":[{"embeddable":true,"href":"https:\/\/eltrabajo.cl\/portal\/wp-json\/wp\/v2\/media\/75609"}],"wp:attachment":[{"href":"https:\/\/eltrabajo.cl\/portal\/wp-json\/wp\/v2\/media?parent=75607"}],"wp:term":[{"taxonomy":"category","embeddable":true,"href":"https:\/\/eltrabajo.cl\/portal\/wp-json\/wp\/v2\/categories?post=75607"},{"taxonomy":"post_tag","embeddable":true,"href":"https:\/\/eltrabajo.cl\/portal\/wp-json\/wp\/v2\/tags?post=75607"}],"curies":[{"name":"wp","href":"https:\/\/api.w.org\/{rel}","templated":true}]}}