{"id":75612,"date":"2016-11-29T08:56:57","date_gmt":"2016-11-29T11:56:57","guid":{"rendered":"http:\/\/www.eltrabajo.cl\/portal\/?p=75612"},"modified":"2016-11-29T08:56:57","modified_gmt":"2016-11-29T11:56:57","slug":"en-curimon-esperan-pasar-los-seis-millones-de-pesos-para-esta-teleton-2016","status":"publish","type":"post","link":"https:\/\/eltrabajo.cl\/portal\/en-curimon-esperan-pasar-los-seis-millones-de-pesos-para-esta-teleton-2016\/","title":{"rendered":"En Curim\u00f3n esperan pasar los seis millones de pesos para esta Telet\u00f3n 2016"},"content":{"rendered":"<p>Esperanzados en superar los seis millones de pesos que lograron la Telet\u00f3n pasada, se encuentran los organizadores de la cruzada en Tierras Blancas y Bucalemu.<br \/>\nAs\u00ed lo dio a conocer Ricardo Francisco Figueroa Prado, \u00abahora vinimos al municipio de San Felipe para ver los permisos que se est\u00e1n tramitando, para corte de camino y realizaci\u00f3n de actividades, estos ya estar\u00eda para el viernes y de ah\u00ed ser derivados a Carabineros de Curim\u00f3n ,la amplificaci\u00f3n est\u00e1 lista\u00bb, sostuvo.<br \/>\nAdem\u00e1s el dirigente pas\u00f3 a la sucursal del Banco de Chile, donde le indicaron que las cajas buz\u00f3n est\u00e1n listas.<br \/>\nDestac\u00f3 que hay muy buena disposici\u00f3n de todas las autoridades \u00abas\u00ed es que espero que sobrepasemos la meta con creces\u00bb indic\u00f3.<br \/>\nSobre las actividades, estas van a realizar tanto en Bucalemu como en Tierras Blancas donde destaca la participaci\u00f3n de Luna Di Mauri, transformista que participo el reality de Mega The Swicht.<br \/>\nLos shows comienzan a las 20:00 horas en Tierras Blancas y a las 22:00 horas en Bucalemu, en este sector se alarga hasta aproximadamente las dos de la ma\u00f1ana.<br \/>\n\u00abEstamos felices porque Tierras Blancas, Bucalemu y Curim\u00f3n, nunca han dicho no a la Telet\u00f3n y esperamos que este a\u00f1o sea lo mejor posible y que se cumpla el slogan como es El Abrazo de Chile para que todos los abracemos y podamos cumplir la meta de esta gran cruzada de amor\u00bb se\u00f1al\u00f3 Figueroa Prado.<br \/>\nEn cuanto a la recolecci\u00f3n en las cajas buz\u00f3n esta comienza con el show art\u00edstico.<\/p>\n<figure id=\"attachment_75613\" aria-describedby=\"caption-attachment-75613\" style=\"width: 530px\" class=\"wp-caption alignleft\"><a href=\"http:\/\/www.eltrabajo.cl\/portal\/en-curimon-esperan-pasar-los-seis-millones-de-pesos-para-esta-teleton-2016\/ricardo-francisco-figueroa-prado\/\" rel=\"attachment wp-att-75613\"><img data-recalc-dims=\"1\" loading=\"lazy\" decoding=\"async\" class=\"size-full wp-image-75613\" src=\"https:\/\/i0.wp.com\/www.eltrabajo.cl\/portal\/wp-content\/uploads\/2016\/11\/Ricardo-Francisco-Figueroa-Prado.jpg?resize=530%2C348\" alt=\"Ricardo Francisco Figueroa Prado Dirigente de Curim\u00f3n.\" width=\"530\" height=\"348\" srcset=\"https:\/\/i0.wp.com\/eltrabajo.cl\/portal\/wp-content\/uploads\/2016\/11\/Ricardo-Francisco-Figueroa-Prado.jpg?w=530&amp;ssl=1 530w, https:\/\/i0.wp.com\/eltrabajo.cl\/portal\/wp-content\/uploads\/2016\/11\/Ricardo-Francisco-Figueroa-Prado.jpg?resize=200%2C131&amp;ssl=1 200w, https:\/\/i0.wp.com\/eltrabajo.cl\/portal\/wp-content\/uploads\/2016\/11\/Ricardo-Francisco-Figueroa-Prado.jpg?resize=300%2C197&amp;ssl=1 300w, https:\/\/i0.wp.com\/eltrabajo.cl\/portal\/wp-content\/uploads\/2016\/11\/Ricardo-Francisco-Figueroa-Prado.jpg?resize=228%2C150&amp;ssl=1 228w, https:\/\/i0.wp.com\/eltrabajo.cl\/portal\/wp-content\/uploads\/2016\/11\/Ricardo-Francisco-Figueroa-Prado.jpg?resize=400%2C263&amp;ssl=1 400w\" sizes=\"auto, (max-width: 530px) 100vw, 530px\" \/><\/a><figcaption id=\"caption-attachment-75613\" class=\"wp-caption-text\">Ricardo Francisco Figueroa Prado Dirigente de Curim\u00f3n.<\/figcaption><\/figure>\n<figure id=\"attachment_75614\" aria-describedby=\"caption-attachment-75614\" style=\"width: 530px\" class=\"wp-caption alignleft\"><a href=\"http:\/\/www.eltrabajo.cl\/portal\/en-curimon-esperan-pasar-los-seis-millones-de-pesos-para-esta-teleton-2016\/luna\/\" rel=\"attachment wp-att-75614\"><img data-recalc-dims=\"1\" loading=\"lazy\" decoding=\"async\" class=\"size-full wp-image-75614\" src=\"https:\/\/i0.wp.com\/www.eltrabajo.cl\/portal\/wp-content\/uploads\/2016\/11\/luna.jpg?resize=530%2C348\" alt=\"Luna Di Mauri artista que participar\u00e1 en los show de Bucalemu y Tierras Blancas.\" width=\"530\" height=\"348\" srcset=\"https:\/\/i0.wp.com\/eltrabajo.cl\/portal\/wp-content\/uploads\/2016\/11\/luna.jpg?w=530&amp;ssl=1 530w, https:\/\/i0.wp.com\/eltrabajo.cl\/portal\/wp-content\/uploads\/2016\/11\/luna.jpg?resize=200%2C131&amp;ssl=1 200w, https:\/\/i0.wp.com\/eltrabajo.cl\/portal\/wp-content\/uploads\/2016\/11\/luna.jpg?resize=300%2C197&amp;ssl=1 300w, https:\/\/i0.wp.com\/eltrabajo.cl\/portal\/wp-content\/uploads\/2016\/11\/luna.jpg?resize=228%2C150&amp;ssl=1 228w, https:\/\/i0.wp.com\/eltrabajo.cl\/portal\/wp-content\/uploads\/2016\/11\/luna.jpg?resize=400%2C263&amp;ssl=1 400w\" sizes=\"auto, (max-width: 530px) 100vw, 530px\" \/><\/a><figcaption id=\"caption-attachment-75614\" class=\"wp-caption-text\">Luna Di Mauri artista que participar\u00e1 en los show de Bucalemu y Tierras Blancas.<\/figcaption><\/figure>\n","protected":false},"excerpt":{"rendered":"<p>Esperanzados en superar los seis millones de pesos que lograron la Telet\u00f3n pasada, se encuentran los organizadores de la cruzada en Tierras Blancas y Bucalemu. As\u00ed lo dio a conocer Ricardo Francisco&#8230;<\/p>\n","protected":false},"author":1,"featured_media":75614,"comment_status":"open","ping_status":"open","sticky":false,"template":"","format":"standard","meta":{"advanced_seo_description":"","jetpack_seo_html_title":"","jetpack_seo_noindex":false,"_jetpack_memberships_contains_paid_content":false,"footnotes":""},"categories":[15],"tags":[],"class_list":["post-75612","post","type-post","status-publish","format-standard","has-post-thumbnail","hentry","category-comunidad"],"jetpack_featured_media_url":"https:\/\/i0.wp.com\/eltrabajo.cl\/portal\/wp-content\/uploads\/2016\/11\/luna.jpg?fit=530%2C348&ssl=1","jetpack_sharing_enabled":true,"jetpack_likes_enabled":true,"jetpack-related-posts":[],"_links":{"self":[{"href":"https:\/\/eltrabajo.cl\/portal\/wp-json\/wp\/v2\/posts\/75612","targetHints":{"allow":["GET"]}}],"collection":[{"href":"https:\/\/eltrabajo.cl\/portal\/wp-json\/wp\/v2\/posts"}],"about":[{"href":"https:\/\/eltrabajo.cl\/portal\/wp-json\/wp\/v2\/types\/post"}],"author":[{"embeddable":true,"href":"https:\/\/eltrabajo.cl\/portal\/wp-json\/wp\/v2\/users\/1"}],"replies":[{"embeddable":true,"href":"https:\/\/eltrabajo.cl\/portal\/wp-json\/wp\/v2\/comments?post=75612"}],"version-history":[{"count":0,"href":"https:\/\/eltrabajo.cl\/portal\/wp-json\/wp\/v2\/posts\/75612\/revisions"}],"wp:featuredmedia":[{"embeddable":true,"href":"https:\/\/eltrabajo.cl\/portal\/wp-json\/wp\/v2\/media\/75614"}],"wp:attachment":[{"href":"https:\/\/eltrabajo.cl\/portal\/wp-json\/wp\/v2\/media?parent=75612"}],"wp:term":[{"taxonomy":"category","embeddable":true,"href":"https:\/\/eltrabajo.cl\/portal\/wp-json\/wp\/v2\/categories?post=75612"},{"taxonomy":"post_tag","embeddable":true,"href":"https:\/\/eltrabajo.cl\/portal\/wp-json\/wp\/v2\/tags?post=75612"}],"curies":[{"name":"wp","href":"https:\/\/api.w.org\/{rel}","templated":true}]}}