{"id":75617,"date":"2016-11-29T09:02:59","date_gmt":"2016-11-29T12:02:59","guid":{"rendered":"http:\/\/www.eltrabajo.cl\/portal\/?p=75617"},"modified":"2016-11-29T09:02:59","modified_gmt":"2016-11-29T12:02:59","slug":"capturan-a-peligroso-antisocial-robando-en-vivienda-y-escapando-por-techos","status":"publish","type":"post","link":"https:\/\/eltrabajo.cl\/portal\/capturan-a-peligroso-antisocial-robando-en-vivienda-y-escapando-por-techos\/","title":{"rendered":"Capturan a peligroso antisocial robando en vivienda y escapando por techos"},"content":{"rendered":"<ul>\n<li><strong><span style=\"color: #ff0000;\">\u2018El Coti\u2019 finalmente qued\u00f3 tras las rejas:<\/span>\u00a0Carabineros concret\u00f3 la detenci\u00f3n del antisocial en la poblaci\u00f3n Los Copihues de Llay Llay. Seg\u00fan inform\u00f3 la polic\u00eda uniformada, este individuo habr\u00eda participado en innumerables delitos en la comuna, que investiga la Fiscal\u00eda.<\/strong><\/li>\n<\/ul>\n<p>Tras sembrar p\u00e1nico e inseguridad en la comuna de Llay Llay, Carabineros logr\u00f3 sacar de circulaci\u00f3n a un peligroso sujeto apodado \u2018El Coti\u2019, quien ha participado en numerosos casos delictivos, tales como robo en viviendas y receptaci\u00f3n de especies, a ra\u00edz de lo cual fue declarado un peligro para la sociedad quedando en prisi\u00f3n preventiva.<br \/>\nEste fin de semana durante un procedimiento efectuado por la polic\u00eda uniformada en la poblaci\u00f3n Los Copihues de Llay Llay, este avezado antisocial fue capturado tras efectuar el robo de electrodom\u00e9sticos desde un inmueble alrededor de las 04:30 horas de la madrugada, extrayendo un televisor LCD, una radio musical y una aspiradora.<br \/>\nCarabineros inform\u00f3, que para efectuar la detenci\u00f3n de este sujeto -que escapaba por las techumbres de las viviendas causando da\u00f1os- los efectivos policiales debieron ejecutar un cerco policial para impedir su escapatoria. Luego de unos minutos, el individuo escal\u00f3 hacia un \u00e1rbol profiriendo amenazas en contra de los funcionarios, cayendo al suelo lo que permiti\u00f3 finalmente su detenci\u00f3n.<br \/>\nLas especies robadas que el sujeto manten\u00eda ocultas dentro de un saco, fueron devueltas a sus propietarios, mientras que \u2018El Coti\u2019 de iniciales J.L.F.R. de 38 a\u00f1os de edad, fue conducido hasta el Juzgado de Garant\u00eda de San Felipe para ser formalizado por la Fiscal\u00eda por los delitos de robo en lugar habitado y da\u00f1os.<br \/>\nCabe se\u00f1alar que este antisocial mantiene condenas por porte de drogas, porte de arma cortante y robo en lugar no habitado durante el 2014.<br \/>\nAsimismo durante el \u00faltimo tiempo, registra detenciones por delitos de receptaci\u00f3n, porte de arma blanca y robo en lugar habitado.<br \/>\nSeg\u00fan Carabineros, el imputado habr\u00eda participado de otros delitos asociados, consumados en la comuna de Llay Llay, entregando los antecedentes a la Fiscal\u00eda.<br \/>\nEn audiencia de control de detenci\u00f3n, el Ministerio P\u00fablico requiri\u00f3 ante el Tribunal que el acusado fuera dejado en prisi\u00f3n preventiva, medida cautelar que fue acogida por el juez de Garant\u00eda, ordenando su ingreso a la c\u00e1rcel, fijando un plazo de investigaci\u00f3n de 60 d\u00edas.<br \/>\n<strong>Pablo Salinas Sald\u00edas<\/strong><\/p>\n<figure id=\"attachment_75618\" aria-describedby=\"caption-attachment-75618\" style=\"width: 530px\" class=\"wp-caption alignleft\"><a href=\"http:\/\/www.eltrabajo.cl\/portal\/capturan-a-peligroso-antisocial-robando-en-vivienda-y-escapando-por-techos\/el-coti\/\" rel=\"attachment wp-att-75618\"><img data-recalc-dims=\"1\" loading=\"lazy\" decoding=\"async\" class=\"size-full wp-image-75618\" src=\"https:\/\/i0.wp.com\/www.eltrabajo.cl\/portal\/wp-content\/uploads\/2016\/11\/EL-COTI.jpg?resize=530%2C348\" alt=\"El detenido ampliamente conocido en la comuna de Llay Llay como \u2018El Coti\u2019 tras ser detenido por Carabineros qued\u00f3 en prisi\u00f3n preventiva por decisi\u00f3n del Tribunal de Garant\u00eda.\" width=\"530\" height=\"348\" srcset=\"https:\/\/i0.wp.com\/eltrabajo.cl\/portal\/wp-content\/uploads\/2016\/11\/EL-COTI.jpg?w=530&amp;ssl=1 530w, https:\/\/i0.wp.com\/eltrabajo.cl\/portal\/wp-content\/uploads\/2016\/11\/EL-COTI.jpg?resize=200%2C131&amp;ssl=1 200w, https:\/\/i0.wp.com\/eltrabajo.cl\/portal\/wp-content\/uploads\/2016\/11\/EL-COTI.jpg?resize=300%2C197&amp;ssl=1 300w, https:\/\/i0.wp.com\/eltrabajo.cl\/portal\/wp-content\/uploads\/2016\/11\/EL-COTI.jpg?resize=228%2C150&amp;ssl=1 228w, https:\/\/i0.wp.com\/eltrabajo.cl\/portal\/wp-content\/uploads\/2016\/11\/EL-COTI.jpg?resize=400%2C263&amp;ssl=1 400w\" sizes=\"auto, (max-width: 530px) 100vw, 530px\" \/><\/a><figcaption id=\"caption-attachment-75618\" class=\"wp-caption-text\">El detenido ampliamente conocido en la comuna de Llay Llay como \u2018El Coti\u2019 tras ser detenido por Carabineros qued\u00f3 en prisi\u00f3n preventiva por decisi\u00f3n del Tribunal de Garant\u00eda.<\/figcaption><\/figure>\n<figure id=\"attachment_75619\" aria-describedby=\"caption-attachment-75619\" style=\"width: 530px\" class=\"wp-caption alignleft\"><a href=\"http:\/\/www.eltrabajo.cl\/portal\/capturan-a-peligroso-antisocial-robando-en-vivienda-y-escapando-por-techos\/especies-recuperadas-6\/\" rel=\"attachment wp-att-75619\"><img data-recalc-dims=\"1\" loading=\"lazy\" decoding=\"async\" class=\"size-full wp-image-75619\" src=\"https:\/\/i0.wp.com\/www.eltrabajo.cl\/portal\/wp-content\/uploads\/2016\/11\/ESPECIES-RECUPERADAS.jpg?resize=530%2C350\" alt=\"Carabineros logr\u00f3 a recuperaci\u00f3n de los electrodom\u00e9sticos pertenecientes a una vivienda de la poblaci\u00f3n Los Copihues de Llay Llay.\" width=\"530\" height=\"350\" srcset=\"https:\/\/i0.wp.com\/eltrabajo.cl\/portal\/wp-content\/uploads\/2016\/11\/ESPECIES-RECUPERADAS.jpg?w=530&amp;ssl=1 530w, https:\/\/i0.wp.com\/eltrabajo.cl\/portal\/wp-content\/uploads\/2016\/11\/ESPECIES-RECUPERADAS.jpg?resize=200%2C132&amp;ssl=1 200w, https:\/\/i0.wp.com\/eltrabajo.cl\/portal\/wp-content\/uploads\/2016\/11\/ESPECIES-RECUPERADAS.jpg?resize=300%2C198&amp;ssl=1 300w, https:\/\/i0.wp.com\/eltrabajo.cl\/portal\/wp-content\/uploads\/2016\/11\/ESPECIES-RECUPERADAS.jpg?resize=227%2C150&amp;ssl=1 227w, https:\/\/i0.wp.com\/eltrabajo.cl\/portal\/wp-content\/uploads\/2016\/11\/ESPECIES-RECUPERADAS.jpg?resize=400%2C264&amp;ssl=1 400w\" sizes=\"auto, (max-width: 530px) 100vw, 530px\" \/><\/a><figcaption id=\"caption-attachment-75619\" class=\"wp-caption-text\">Carabineros logr\u00f3 a recuperaci\u00f3n de los electrodom\u00e9sticos pertenecientes a una vivienda de la poblaci\u00f3n Los Copihues de Llay Llay.<\/figcaption><\/figure>\n","protected":false},"excerpt":{"rendered":"<p>\u2018El Coti\u2019 finalmente qued\u00f3 tras las rejas:\u00a0Carabineros concret\u00f3 la detenci\u00f3n del antisocial en la poblaci\u00f3n Los Copihues de Llay Llay. Seg\u00fan inform\u00f3 la polic\u00eda uniformada, este individuo habr\u00eda participado en innumerables delitos&#8230;<\/p>\n","protected":false},"author":1,"featured_media":75618,"comment_status":"open","ping_status":"open","sticky":false,"template":"","format":"standard","meta":{"advanced_seo_description":"","jetpack_seo_html_title":"","jetpack_seo_noindex":false,"_jetpack_memberships_contains_paid_content":false,"footnotes":""},"categories":[21],"tags":[],"class_list":["post-75617","post","type-post","status-publish","format-standard","has-post-thumbnail","hentry","category-policial"],"jetpack_featured_media_url":"https:\/\/i0.wp.com\/eltrabajo.cl\/portal\/wp-content\/uploads\/2016\/11\/EL-COTI.jpg?fit=530%2C348&ssl=1","jetpack_sharing_enabled":true,"jetpack_likes_enabled":true,"jetpack-related-posts":[],"_links":{"self":[{"href":"https:\/\/eltrabajo.cl\/portal\/wp-json\/wp\/v2\/posts\/75617","targetHints":{"allow":["GET"]}}],"collection":[{"href":"https:\/\/eltrabajo.cl\/portal\/wp-json\/wp\/v2\/posts"}],"about":[{"href":"https:\/\/eltrabajo.cl\/portal\/wp-json\/wp\/v2\/types\/post"}],"author":[{"embeddable":true,"href":"https:\/\/eltrabajo.cl\/portal\/wp-json\/wp\/v2\/users\/1"}],"replies":[{"embeddable":true,"href":"https:\/\/eltrabajo.cl\/portal\/wp-json\/wp\/v2\/comments?post=75617"}],"version-history":[{"count":0,"href":"https:\/\/eltrabajo.cl\/portal\/wp-json\/wp\/v2\/posts\/75617\/revisions"}],"wp:featuredmedia":[{"embeddable":true,"href":"https:\/\/eltrabajo.cl\/portal\/wp-json\/wp\/v2\/media\/75618"}],"wp:attachment":[{"href":"https:\/\/eltrabajo.cl\/portal\/wp-json\/wp\/v2\/media?parent=75617"}],"wp:term":[{"taxonomy":"category","embeddable":true,"href":"https:\/\/eltrabajo.cl\/portal\/wp-json\/wp\/v2\/categories?post=75617"},{"taxonomy":"post_tag","embeddable":true,"href":"https:\/\/eltrabajo.cl\/portal\/wp-json\/wp\/v2\/tags?post=75617"}],"curies":[{"name":"wp","href":"https:\/\/api.w.org\/{rel}","templated":true}]}}